{"id":40463,"date":"2023-10-26T09:40:42","date_gmt":"2023-10-26T12:40:42","guid":{"rendered":"https:\/\/www.infomoney.com.br\/?p=2279076"},"modified":"2023-10-26T09:40:42","modified_gmt":"2023-10-26T12:40:42","slug":"reforma-tributaria-appy-avalia-relatorio-do-senado-como-positivo-e-espera-que-nao-ocorram-mais-mudancas","status":"publish","type":"post","link":"https:\/\/sindaopcpb.org.br\/index.php\/2023\/10\/26\/reforma-tributaria-appy-avalia-relatorio-do-senado-como-positivo-e-espera-que-nao-ocorram-mais-mudancas\/","title":{"rendered":"Reforma Tribut\u00e1ria: Appy avalia relat\u00f3rio do Senado como positivo e espera que n\u00e3o ocorram mais mudan\u00e7as"},"content":{"rendered":"<p><img loading=\"lazy\" width=\"300\" height=\"200\" src=\"https:\/\/www.infomoney.com.br\/wp-content\/uploads\/2023\/07\/52603048138_2480dbfb82_c.jpg?fit=300%2C200&amp;quality=70&amp;strip=all\" class=\"attachment-medium size-medium wp-post-image\" alt=\"\" decoding=\"async\" style=\"float:right; margin:0 0 10px 10px;\" srcset=\"https:\/\/www.infomoney.com.br\/wp-content\/uploads\/2023\/07\/52603048138_2480dbfb82_c.jpg?w=799&amp;quality=70&amp;strip=all 799w, https:\/\/www.infomoney.com.br\/wp-content\/uploads\/2023\/07\/52603048138_2480dbfb82_c.jpg?w=300&amp;quality=70&amp;strip=all 300w, https:\/\/www.infomoney.com.br\/wp-content\/uploads\/2023\/07\/52603048138_2480dbfb82_c.jpg?w=768&amp;quality=70&amp;strip=all 768w, https:\/\/www.infomoney.com.br\/wp-content\/uploads\/2023\/07\/52603048138_2480dbfb82_c.jpg?w=150&amp;quality=70&amp;strip=all 150w\" sizes=\"auto, (max-width: 300px) 100vw, 300px\" data-attachment-id=\"2184932\" data-permalink=\"https:\/\/www.infomoney.com.br\/politica\/apesar-de-excecoes-reforma-tributaria-promove-avanco-cavalar-no-sistema-brasileiro-diz-appy\/attachment\/52603048138_2480dbfb82_c\/\" data-orig-file=\"https:\/\/www.infomoney.com.br\/wp-content\/uploads\/2023\/07\/52603048138_2480dbfb82_c.jpg?fit=799%2C533&amp;quality=70&amp;strip=all\" data-orig-size=\"799,533\" data-comments-opened=\"0\" data-image-meta=\"{&quot;aperture&quot;:&quot;0&quot;,&quot;credit&quot;:&quot;Washington Costa&quot;,&quot;camera&quot;:&quot;&quot;,&quot;caption&quot;:&quot;&quot;,&quot;created_timestamp&quot;:&quot;0&quot;,&quot;copyright&quot;:&quot;Ministerio da Economia&quot;,&quot;focal_length&quot;:&quot;0&quot;,&quot;iso&quot;:&quot;0&quot;,&quot;shutter_speed&quot;:&quot;0&quot;,&quot;title&quot;:&quot;&quot;,&quot;orientation&quot;:&quot;0&quot;}\" data-image-title=\"Bernard Appy\" data-image-description=\"\" data-image-caption=\"&lt;p&gt;O economista Bernard Appy, secret\u00e1rio extraordin\u00e1rio da reforma tribut\u00e1ria do Minist\u00e9rio da Fazenda (Foto: Washington Costa\/MF)&lt;\/p&gt;\n\" data-medium-file=\"https:\/\/www.infomoney.com.br\/wp-content\/uploads\/2023\/07\/52603048138_2480dbfb82_c.jpg?fit=300%2C200&amp;quality=70&amp;strip=all\" data-large-file=\"https:\/\/www.infomoney.com.br\/wp-content\/uploads\/2023\/07\/52603048138_2480dbfb82_c.jpg?fit=799%2C533&amp;quality=70&amp;strip=all\" title=\"\"><\/p>\n<p>O secret&aacute;rio extraordin&aacute;rio da Reforma Tribut&aacute;ria do Minist&eacute;rio da Fazenda, <a href=\"https:\/\/www.infomoney.com.br\/perfil\/bernard-appy\/\" rel=\"nofollow noopener\" target=\"_blank\">Bernard Appy<\/a>, avaliou como positivo o relat&oacute;rio apresentado pelo senador Eduardo Braga (MDB-AM) e disse esperar que n&atilde;o sejam feitas mais mudan&ccedil;as no texto at&eacute; a vota&ccedil;&atilde;o da medida na Comiss&atilde;o de Constitui&ccedil;&atilde;o e Justi&ccedil;a (CCJ) da Casa, prevista para 7 de novembro.<\/p>\n<p>Em entrevista &agrave; GloboNews nesta quinta-feira (26), Appy disse que o texto apresentado por Braga resolve cerca de 75% das distor&ccedil;&otilde;es existentes atualmente no sistema tribut&aacute;rio brasileiro e que a proposta melhora significativamente o cen&aacute;rio tribut&aacute;rio atual. Ele deu &ldquo;nota 7&rdquo; para o texto.<\/p>\n<p>O parecer da PEC 45\/2019 <a href=\"https:\/\/www.infomoney.com.br\/politica\/reforma-tributaria-relator-aumenta-fdr-para-r-60-bilhoes-e-inclui-mais-setores-em-regime-especifico\/\" rel=\"nofollow noopener\" target=\"_blank\">ampliou o valor do Fundo de Desenvolvimento Regional (FDR), de R$ 40 bilh&otilde;es para R$ 60 bilh&otilde;es, e incluiu uma trava para o crescimento da carga tribut&aacute;ria sobre o consumo<\/a>, al&eacute;m de outras altera&ccedil;&otilde;es em rela&ccedil;&atilde;o ao texto aprovado na C&acirc;mara.<\/p>\n<p>Entre as mudan&ccedil;as feitas pelo senador est&atilde;o a inclus&atilde;o de mais setores no regime espec&iacute;fico, como servi&ccedil;os de saneamento e de concess&atilde;o de rodovias, de telecomunica&ccedil;&otilde;es e de ag&ecirc;ncias de viagem e turismo, e a cria&ccedil;&atilde;o de uma nova tributa&ccedil;&atilde;o sobre a extra&ccedil;&atilde;o de min&eacute;rio e petr&oacute;leo. O imposto ter&aacute; al&iacute;quota de 1% sobre a extra&ccedil;&atilde;o de recursos naturais n&atilde;o renov&aacute;veis, incluindo min&eacute;rio ferro e petr&oacute;leo.<\/p>\n<p>O texto tamb&eacute;m prorroga os benef&iacute;cios ao setor automotivo das regi&otilde;es Nordeste e Centro-Oeste e cont&eacute;m outros pontos que o relator j&aacute; havia adiantado nas &uacute;ltimas semanas, como a previs&atilde;o de revis&atilde;o dos benf&iacute;cios a cada 5 anos e a mudan&ccedil;a do car&aacute;ter do Conselho Federativo, que passar&aacute; a se chamar Comit&ecirc; Gestor e ter&aacute; menos poderes. Veja abaixo todas as mudan&ccedil;as:<\/p>\n<div class=\"infomoney-related-posts\">\n<h4>Leia tamb&eacute;m<\/h4>\n<div class=\"list\">\n<div class=\"row mx-0 item\">\n<div class=\"img-container\">\n<figure><img decoding=\"async\" class=\"img-fluid img-fluid\" src=\"https:\/\/www.infomoney.com.br\/wp-content\/uploads\/2023\/10\/eduardobraga.jpg?quality=70&#038;w=150&#038;%23038;h=150&#038;%23038;crop=1&#038;%23038;strip=all\" data-recalc-dims=\"1\" alt=\"\" title=\"\"><\/figure>\n<\/div>\n<div class=\"info\"><span class=\"hl-hat\">PEC 45\/2019<\/span><span class=\"hl-title\"><a href=\"https:\/\/www.infomoney.com.br\/politica\/reforma-tributaria-relator-aumenta-fdr-para-r-60-bilhoes-e-inclui-mais-setores-em-regime-especifico\/\" rel=\"nofollow noopener\" target=\"_blank\">Reforma Tribut&aacute;ria: relator amplia FDR para R$ 60 bi e inclui mais setores em regime espec&iacute;fico<\/a><\/span><span class=\"hl-description\">Texto tamb&eacute;m inclui trava para o crescimento da carga tribut&aacute;ria sobre o consumo e nova tributa&ccedil;&atilde;o sobre a extra&ccedil;&atilde;o de min&eacute;rio e petr&oacute;leo<\/span><\/div>\n<\/div>\n<\/div>\n<\/div>\n<p><em>(Com Reuters)<\/em><\/p>\n<\/p>\n<div class=\"cta-end\">\n<div class=\"im-cta\" >\n<div class=\"im-shortcode-forms bg-light bg-opacity-25 border rounded-4 p-3 p-sm-4 p-md-3 p-lg-4 px-xxl-5 my-5\" data-configuration='{\"form_name\":false,\"form_hat\":\"Newsletter\",\"form_email\":true,\"form_icon\":\"newsletter\",\"form_phone\":false,\"form_campaign\":\"NIM\",\"form_thankyou\":\"\",\"form_journey\":\"APIEvent-26a5198d-8e09-06ef-5f80-cd9127757ad1\",\"form_button\":\"Quero receber\",\"form_context\":\"newsletter\",\"form_origin\":\"https:\\\/\\\/www.infomoney.com.br\\\/politica\\\/feed\\\/?utm_medium=materia&#038;utm_source=infomoney&#038;utm_campaign=NIM&#038;utm_term=politica&#038;utm_content=newsletter\",\"form_position\":\"final\",\"form_category\":\"cta_form\"}'>\n<div class=\"d-flex flex-column align-items-center align-items-lg-start mb-4 flex-lg-row\">\n<div class=\"rounded-circle mb-2 mb-lg-0 mr-lg-4 me-lg-4 p-3 p-lg-4 bg-blue-400\"><svg width=\"40\" height=\"40\" viewBox=\"0 0 40 40\" fill=\"none\" xmlns=\"http:\/\/www.w3.org\/2000\/svg\"><path d=\"M20 20.25 6.042 11.042v19.041c0 .167.048.299.146.396a.535.535 0 0 0 .395.146h15.792V32.5H6.583a2.328 2.328 0 0 1-1.708-.708 2.328 2.328 0 0 1-.708-1.709V9.917c0-.667.236-1.236.708-1.709A2.328 2.328 0 0 1 6.583 7.5h26.834c.666 0 1.236.236 1.708.708a2.33 2.33 0 0 1 .708 1.709v12.458h-1.875V11.042L20 20.25Zm0-2 13.667-8.875H6.333L20 18.25Zm11.75 18.958-1.292-1.333 3.334-3.375h-9v-1.875h9l-3.375-3.417 1.333-1.291 5.667 5.625-5.667 5.666ZM6.042 11.042v20.791-9.458.25-13.25 1.667Z\" fill=\"#fff\"\/><\/svg><\/div>\n<div class=\"flex-fill text-center text-lg-left\">\n<div class=\"h6 small text-orange-700 lh-base mb-1\">Newsletter<\/div>\n<div class=\"text-body h4 m-0\">Infomorning<\/div>\n<div class=\"text-body small lh-base mt-2\">Receba no seu e-mail logo pela manh&atilde; as not&iacute;cias que v&atilde;o mexer com os mercados, com os seus investimentos e o seu bolso durante o dia<\/div>\n<\/div>\n<\/div>\n<\/div>\n<\/div>\n<\/div>\n<p>The post <a rel=\"nofollow noopener\" href=\"https:\/\/www.infomoney.com.br\/politica\/appy-avalia-relatorio-da-reforma-tributaria-no-senado-como-positivo-espera-que-nao-ocorram-mais-mudancas\/\" target=\"_blank\">Reforma Tribut\u00e1ria: Appy avalia relat\u00f3rio do Senado como positivo e espera que n\u00e3o ocorram mais mudan\u00e7as<\/a> appeared first on <a rel=\"nofollow noopener\" href=\"https:\/\/www.infomoney.com.br\/\" target=\"_blank\">InfoMoney<\/a>.<\/p>\n","protected":false},"excerpt":{"rendered":"<p><img loading=\"lazy\" decoding=\"async\" width=\"300\" height=\"200\" src=\"https:\/\/www.infomoney.com.br\/wp-content\/uploads\/2023\/07\/52603048138_2480dbfb82_c.jpg?fit=300%2C200&amp;quality=70&amp;strip=all\" class=\"attachment-medium size-medium wp-post-image\" alt=\"\" data-attachment-id=\"2184932\" data-permalink=\"https:\/\/www.infomoney.com.br\/politica\/apesar-de-excecoes-reforma-tributaria-promove-avanco-cavalar-no-sistema-brasileiro-diz-appy\/attachment\/52603048138_2480dbfb82_c\/\" data-orig-file=\"https:\/\/www.infomoney.com.br\/wp-content\/uploads\/2023\/07\/52603048138_2480dbfb82_c.jpg?fit=799%2C533&amp;quality=70&amp;strip=all\" data-orig-size=\"799,533\" data-comments-opened=\"0\" data-image-meta='{\"aperture\":\"0\",\"credit\":\"Washington Costa\",\"camera\":\"\",\"caption\":\"\",\"created_timestamp\":\"0\",\"copyright\":\"Ministerio da Economia\",\"focal_length\":\"0\",\"iso\":\"0\",\"shutter_speed\":\"0\",\"title\":\"\",\"orientation\":\"0\"}' data-image-title=\"Bernard Appy\" data-image-description=\"\" data-image-caption=\"&lt;p&gt;O economista Bernard Appy, secret\u00e1rio extraordin\u00e1rio da reforma tribut\u00e1ria do Minist\u00e9rio da Fazenda (Foto: Washington Costa\/MF)&lt;\/p&gt;\n\" data-medium-file=\"https:\/\/www.infomoney.com.br\/wp-content\/uploads\/2023\/07\/52603048138_2480dbfb82_c.jpg?fit=300%2C200&amp;quality=70&amp;strip=all\" data-large-file=\"https:\/\/www.infomoney.com.br\/wp-content\/uploads\/2023\/07\/52603048138_2480dbfb82_c.jpg?fit=799%2C533&amp;quality=70&amp;strip=all\">Secret\u00e1rio extraordin\u00e1rio da Fazenda deu &#8220;nota 7&#8221; para o texto apresentado pelo relator Eduardo Braga<\/p>\n<p>The post <a rel=\"nofollow\" href=\"https:\/\/www.infomoney.com.br\/politica\/appy-avalia-relatorio-da-reforma-tributaria-no-senado-como-positivo-espera-que-nao-ocorram-mais-mudancas\/\">Reforma Tribut\u00e1ria: Appy avalia relat\u00f3rio do Senado como positivo e espera que n\u00e3o ocorram mais mudan\u00e7as<\/a> appeared first on <a rel=\"nofollow\" href=\"https:\/\/www.infomoney.com.br\/\">InfoMoney<\/a>.<\/p>\n","protected":false},"author":45,"featured_media":0,"comment_status":"closed","ping_status":"closed","sticky":false,"template":"","format":"standard","meta":{"advgb_blocks_editor_width":"","advgb_blocks_columns_visual_guide":"","footnotes":""},"categories":[550,34,130,47,191],"tags":[35],"class_list":["post-40463","post","type-post","status-publish","format-standard","hentry","category-bernard-appy","category-g1","category-ministerio-da-fazenda","category-politica","category-reforma-tributaria","tag-g1"],"author_meta":{"display_name":"Equipe InfoMoney","author_link":"https:\/\/sindaopcpb.org.br\/author\/equipe-infomoney\/"},"featured_img":null,"coauthors":[],"tax_additional":{"categories":{"linked":["<a href=\"https:\/\/sindaopcpb.org.br\/bernard-appy\/\" class=\"advgb-post-tax-term\">Bernard Appy<\/a>","<a href=\"https:\/\/sindaopcpb.org.br\/g1\/\" class=\"advgb-post-tax-term\">G1<\/a>","<a href=\"https:\/\/sindaopcpb.org.br\/ministerio-da-fazenda\/\" class=\"advgb-post-tax-term\">Minist\u00e9rio da Fazenda<\/a>","<a href=\"https:\/\/sindaopcpb.org.br\/politica\/\" class=\"advgb-post-tax-term\">POLITICA<\/a>","<a href=\"https:\/\/sindaopcpb.org.br\/reforma-tributaria\/\" class=\"advgb-post-tax-term\">reforma tribut\u00e1ria<\/a>"],"unlinked":["<span class=\"advgb-post-tax-term\">Bernard Appy<\/span>","<span class=\"advgb-post-tax-term\">G1<\/span>","<span class=\"advgb-post-tax-term\">Minist\u00e9rio da Fazenda<\/span>","<span class=\"advgb-post-tax-term\">POLITICA<\/span>","<span class=\"advgb-post-tax-term\">reforma tribut\u00e1ria<\/span>"]},"tags":{"linked":["<a href=\"https:\/\/sindaopcpb.org.br\/reforma-tributaria\/\" class=\"advgb-post-tax-term\">g1<\/a>"],"unlinked":["<span class=\"advgb-post-tax-term\">g1<\/span>"]}},"comment_count":"0","relative_dates":{"created":"Publicado 3 anos atr\u00e1s","modified":"Atualizado 3 anos atr\u00e1s"},"absolute_dates":{"created":"Publicado em 26 de outubro de 2023","modified":"Atualizado em 26 de outubro de 2023"},"absolute_dates_time":{"created":"Publicado em 26 de outubro de 2023 09:40","modified":"Atualizado em 26 de outubro de 2023 09:40"},"featured_img_caption":"","series_order":"","_links":{"self":[{"href":"https:\/\/sindaopcpb.org.br\/index.php\/wp-json\/wp\/v2\/posts\/40463","targetHints":{"allow":["GET"]}}],"collection":[{"href":"https:\/\/sindaopcpb.org.br\/index.php\/wp-json\/wp\/v2\/posts"}],"about":[{"href":"https:\/\/sindaopcpb.org.br\/index.php\/wp-json\/wp\/v2\/types\/post"}],"author":[{"embeddable":true,"href":"https:\/\/sindaopcpb.org.br\/index.php\/wp-json\/wp\/v2\/users\/45"}],"replies":[{"embeddable":true,"href":"https:\/\/sindaopcpb.org.br\/index.php\/wp-json\/wp\/v2\/comments?post=40463"}],"version-history":[{"count":3,"href":"https:\/\/sindaopcpb.org.br\/index.php\/wp-json\/wp\/v2\/posts\/40463\/revisions"}],"predecessor-version":[{"id":40559,"href":"https:\/\/sindaopcpb.org.br\/index.php\/wp-json\/wp\/v2\/posts\/40463\/revisions\/40559"}],"wp:attachment":[{"href":"https:\/\/sindaopcpb.org.br\/index.php\/wp-json\/wp\/v2\/media?parent=40463"}],"wp:term":[{"taxonomy":"category","embeddable":true,"href":"https:\/\/sindaopcpb.org.br\/index.php\/wp-json\/wp\/v2\/categories?post=40463"},{"taxonomy":"post_tag","embeddable":true,"href":"https:\/\/sindaopcpb.org.br\/index.php\/wp-json\/wp\/v2\/tags?post=40463"}],"curies":[{"name":"wp","href":"https:\/\/api.w.org\/{rel}","templated":true}]}}