{"id":40410,"date":"2023-10-25T19:53:48","date_gmt":"2023-10-25T22:53:48","guid":{"rendered":"https:\/\/www.infomoney.com.br\/?p=2278842"},"modified":"2023-10-25T19:53:48","modified_gmt":"2023-10-25T22:53:48","slug":"moraes-inclui-relatorio-da-cpmi-do-8-1-em-investigacoes-que-estao-no-supremo","status":"publish","type":"post","link":"https:\/\/sindaopcpb.org.br\/index.php\/2023\/10\/25\/moraes-inclui-relatorio-da-cpmi-do-8-1-em-investigacoes-que-estao-no-supremo\/","title":{"rendered":"Moraes inclui relat\u00f3rio da CPMI do 8\/1 em investiga\u00e7\u00f5es que est\u00e3o no Supremo"},"content":{"rendered":"<p><img loading=\"lazy\" width=\"300\" height=\"179\" src=\"https:\/\/www.infomoney.com.br\/wp-content\/uploads\/2023\/10\/brasilia8dejaneiro.jpg?fit=300%2C179&amp;quality=70&amp;strip=all\" class=\"attachment-medium size-medium wp-post-image\" alt=\"\" decoding=\"async\" style=\"float:right; margin:0 0 10px 10px;\" srcset=\"https:\/\/www.infomoney.com.br\/wp-content\/uploads\/2023\/10\/brasilia8dejaneiro.jpg?w=1170&amp;quality=70&amp;strip=all 1170w, https:\/\/www.infomoney.com.br\/wp-content\/uploads\/2023\/10\/brasilia8dejaneiro.jpg?w=300&amp;quality=70&amp;strip=all 300w, https:\/\/www.infomoney.com.br\/wp-content\/uploads\/2023\/10\/brasilia8dejaneiro.jpg?w=768&amp;quality=70&amp;strip=all 768w, https:\/\/www.infomoney.com.br\/wp-content\/uploads\/2023\/10\/brasilia8dejaneiro.jpg?w=150&amp;quality=70&amp;strip=all 150w\" sizes=\"auto, (max-width: 300px) 100vw, 300px\" data-attachment-id=\"2277844\" data-permalink=\"https:\/\/www.infomoney.com.br\/politica\/comissao-do-seando-aprova-prorrogacao-de-beneficios-nas-areas-da-sudam-e-da-sudene\/attachment\/manifestantes-invadem-congresso-stf-e-palacio-do-planalto-4\/\" data-orig-file=\"https:\/\/www.infomoney.com.br\/wp-content\/uploads\/2023\/10\/brasilia8dejaneiro.jpg?fit=1170%2C700&amp;quality=70&amp;strip=all\" data-orig-size=\"1170,700\" data-comments-opened=\"0\" data-image-meta=\"{&quot;aperture&quot;:&quot;2.8&quot;,&quot;credit&quot;:&quot;Marcelo Camargo\\\/Ag\\u00eancia Brasil&quot;,&quot;camera&quot;:&quot;Canon EOS-1D X&quot;,&quot;caption&quot;:&quot;Manifestantes invadem Congresso, STF e Pal\\u00e1cio do Planalto.&quot;,&quot;created_timestamp&quot;:&quot;1673194134&quot;,&quot;copyright&quot;:&quot;Ag\\u00eancia Brasil\\\/EBC&quot;,&quot;focal_length&quot;:&quot;200&quot;,&quot;iso&quot;:&quot;250&quot;,&quot;shutter_speed&quot;:&quot;0.000125&quot;,&quot;title&quot;:&quot;Manifestantes invadem Congresso, STF e Pal\\u00e1cio do Planalto.&quot;,&quot;orientation&quot;:&quot;0&quot;}\" data-image-title=\"Invas\u00e3o ao Congresso, STF e Pal\u00e1cio do Planalto\" data-image-description=\"\" data-image-caption=\"&lt;p&gt;Apoiadores do ex-presidente Jair Bolsonaro (PL) invadem Congresso Nacional, Supremo Tribunal Federal (STF) e Pal\u00e1cio do Planalto, em 8 de janeiro de 2022, em Bras\u00edlia (Foto: Ag\u00eancia Brasil)&lt;\/p&gt;\n\" data-medium-file=\"https:\/\/www.infomoney.com.br\/wp-content\/uploads\/2023\/10\/brasilia8dejaneiro.jpg?fit=300%2C179&amp;quality=70&amp;strip=all\" data-large-file=\"https:\/\/www.infomoney.com.br\/wp-content\/uploads\/2023\/10\/brasilia8dejaneiro.jpg?fit=1170%2C700&amp;quality=70&amp;strip=all\" title=\"\"><\/p>\n<p>O ministro do Supremo Tribunal Federal (STF) Alexandre de Moraes autorizou nesta quarta-feira (25) a inclus&atilde;o do relat&oacute;rio final da Comiss&atilde;o Parlamentar Mista de Inqu&eacute;rito (CPMI) do 8 de janeiro em inqu&eacute;ritos que est&atilde;o em tramita&ccedil;&atilde;o na Corte.<\/p>\n<p>Com a decis&atilde;o, o documento ser&aacute; compartilhado com as investiga&ccedil;&otilde;es que tratam da dissemina&ccedil;&atilde;o de <em>fake news<\/em> e da atua&ccedil;&atilde;o de milicias digitais durante o governo do ex-presidente Jair Bolsonaro (PL) e o inqu&eacute;rito que apura espionagem ilegal por servidores da Ag&ecirc;ncia Brasileira de Intelig&ecirc;ncia (Abin).<\/p>\n<p>Aprovado na semana passada, <a href=\"https:\/\/www.infomoney.com.br\/politica\/cpmi-do-8-1-relatorio-final-pede-indiciamento-de-bolsonaro-e-militares\/\" rel=\"nofollow noopener\" target=\"_blank\">o relat&oacute;rio final da CPMI pediu o indiciamento de 61 pessoas<\/a> por por associa&ccedil;&atilde;o criminosa, viol&ecirc;ncia pol&iacute;tica, aboli&ccedil;&atilde;o violenta do Estado democr&aacute;tico de direito e golpe de Estado.<\/p>\n<p>Al&eacute;m de Bolsonaro, diversos militares que integraram o governo do ex-presidente foram alvo: os generais Walter Braga Netto (PL), ex-ministro chefe da Casa Civil e da Defesa e candidato a vice-presidente na chapa de Bolsonaro nas elei&ccedil;&otilde;es do ano passado; Augusto Heleno, ex-ministro do Gabinete de Seguran&ccedil;a Institucional (GSI); e Paulo S&eacute;rgio Nogueira, ex-ministro da Defesa; al&eacute;m do tenente coronel Mauro Cid, ex-ajudante de ordens de Bolsonaro.<\/p>\n<p>Tamb&eacute;m est&atilde;o na lista de indiciamento nomes pr&oacute;ximos a Bolsonaro e que atuaram em &oacute;rg&atilde;os de seguran&ccedil;a no governo anterior, como o ex-ministro da Justi&ccedil;a e ex-secret&aacute;rio de Seguran&ccedil;a P&uacute;blica do Distrito Federal, Anderson Torres, e o ex-diretor da Pol&iacute;cia Rodovi&aacute;ria Federal (PRF), Silvinei Vasques. Eliziane tamb&eacute;m sugere o indiciamento da deputada federal Carla Zambelli (PL-SP).<\/p>\n<p>O relat&oacute;rio tem 1,3 mil p&aacute;ginas e 7 terabytes de arquivos digitais, incluindo imagens, v&iacute;deos e diversos documentos que embasaram os pedidos de indiciamentos. C&oacute;pias do trabalho da CPMI tamb&eacute;m foram entregues &agrave; Procuradoria-Geral da Rep&uacute;blica (PGR), &agrave; Controladoria-Geral da Uni&atilde;o (CGU), ao Tribunal de Contas da Uni&atilde;o (TCU) e &agrave; Pol&iacute;cia Federal (PF).<\/p>\n<\/p>\n<div class=\"cta-end\">\n<div class=\"im-cta\" >\n<div class=\"im-shortcode-forms bg-light bg-opacity-25 border rounded-4 p-3 p-sm-4 p-md-3 p-lg-4 px-xxl-5 my-5\" data-configuration='{\"form_name\":false,\"form_hat\":\"Newsletter\",\"form_email\":true,\"form_icon\":\"newsletter\",\"form_phone\":false,\"form_campaign\":\"NIM\",\"form_thankyou\":\"\",\"form_journey\":\"APIEvent-26a5198d-8e09-06ef-5f80-cd9127757ad1\",\"form_button\":\"Quero receber\",\"form_context\":\"newsletter\",\"form_origin\":\"https:\\\/\\\/www.infomoney.com.br\\\/politica\\\/feed\\\/?utm_medium=materia&#038;utm_source=infomoney&#038;utm_campaign=NIM&#038;utm_term=politica&#038;utm_content=newsletter\",\"form_position\":\"final\",\"form_category\":\"cta_form\"}'>\n<div class=\"d-flex flex-column align-items-center align-items-lg-start mb-4 flex-lg-row\">\n<div class=\"rounded-circle mb-2 mb-lg-0 mr-lg-4 me-lg-4 p-3 p-lg-4 bg-blue-400\"><svg width=\"40\" height=\"40\" viewBox=\"0 0 40 40\" fill=\"none\" xmlns=\"http:\/\/www.w3.org\/2000\/svg\"><path d=\"M20 20.25 6.042 11.042v19.041c0 .167.048.299.146.396a.535.535 0 0 0 .395.146h15.792V32.5H6.583a2.328 2.328 0 0 1-1.708-.708 2.328 2.328 0 0 1-.708-1.709V9.917c0-.667.236-1.236.708-1.709A2.328 2.328 0 0 1 6.583 7.5h26.834c.666 0 1.236.236 1.708.708a2.33 2.33 0 0 1 .708 1.709v12.458h-1.875V11.042L20 20.25Zm0-2 13.667-8.875H6.333L20 18.25Zm11.75 18.958-1.292-1.333 3.334-3.375h-9v-1.875h9l-3.375-3.417 1.333-1.291 5.667 5.625-5.667 5.666ZM6.042 11.042v20.791-9.458.25-13.25 1.667Z\" fill=\"#fff\"\/><\/svg><\/div>\n<div class=\"flex-fill text-center text-lg-left\">\n<div class=\"h6 small text-orange-700 lh-base mb-1\">Newsletter<\/div>\n<div class=\"text-body h4 m-0\">Infomorning<\/div>\n<div class=\"text-body small lh-base mt-2\">Receba no seu e-mail logo pela manh&atilde; as not&iacute;cias que v&atilde;o mexer com os mercados, com os seus investimentos e o seu bolso durante o dia<\/div>\n<\/div>\n<\/div>\n<\/div>\n<\/div>\n<\/div>\n<p>The post <a rel=\"nofollow noopener\" href=\"https:\/\/www.infomoney.com.br\/politica\/moraes-inclui-relatorio-da-cpmi-do-8-1-em-investigacoes-que-estao-no-supremo\/\" target=\"_blank\">Moraes inclui relat\u00f3rio da CPMI do 8\/1 em investiga\u00e7\u00f5es que est\u00e3o no Supremo<\/a> appeared first on <a rel=\"nofollow noopener\" href=\"https:\/\/www.infomoney.com.br\/\" target=\"_blank\">InfoMoney<\/a>.<\/p>\n","protected":false},"excerpt":{"rendered":"<p><img loading=\"lazy\" decoding=\"async\" width=\"300\" height=\"179\" src=\"https:\/\/www.infomoney.com.br\/wp-content\/uploads\/2023\/10\/brasilia8dejaneiro.jpg?fit=300%2C179&amp;quality=70&amp;strip=all\" class=\"attachment-medium size-medium wp-post-image\" alt=\"\" data-attachment-id=\"2277844\" data-permalink=\"https:\/\/www.infomoney.com.br\/politica\/comissao-do-seando-aprova-prorrogacao-de-beneficios-nas-areas-da-sudam-e-da-sudene\/attachment\/manifestantes-invadem-congresso-stf-e-palacio-do-planalto-4\/\" data-orig-file=\"https:\/\/www.infomoney.com.br\/wp-content\/uploads\/2023\/10\/brasilia8dejaneiro.jpg?fit=1170%2C700&amp;quality=70&amp;strip=all\" data-orig-size=\"1170,700\" data-comments-opened=\"0\" data-image-meta='{\"aperture\":\"2.8\",\"credit\":\"Marcelo Camargo\\\/Ag\\u00eancia Brasil\",\"camera\":\"Canon EOS-1D X\",\"caption\":\"Manifestantes invadem Congresso, STF e Pal\\u00e1cio do Planalto.\",\"created_timestamp\":\"1673194134\",\"copyright\":\"Ag\\u00eancia Brasil\\\/EBC\",\"focal_length\":\"200\",\"iso\":\"250\",\"shutter_speed\":\"0.000125\",\"title\":\"Manifestantes invadem Congresso, STF e Pal\\u00e1cio do Planalto.\",\"orientation\":\"0\"}' data-image-title=\"Invas\u00e3o ao Congresso, STF e Pal\u00e1cio do Planalto\" data-image-description=\"\" data-image-caption=\"&lt;p&gt;Apoiadores do ex-presidente Jair Bolsonaro (PL) invadem Congresso Nacional, Supremo Tribunal Federal (STF) e Pal\u00e1cio do Planalto, em 8 de janeiro de 2022, em Bras\u00edlia (Foto: Ag\u00eancia Brasil)&lt;\/p&gt;\n\" data-medium-file=\"https:\/\/www.infomoney.com.br\/wp-content\/uploads\/2023\/10\/brasilia8dejaneiro.jpg?fit=300%2C179&amp;quality=70&amp;strip=all\" data-large-file=\"https:\/\/www.infomoney.com.br\/wp-content\/uploads\/2023\/10\/brasilia8dejaneiro.jpg?fit=1170%2C700&amp;quality=70&amp;strip=all\">Documento aprovado pelo Congresso pede o indiciamento de Bolsonaro e mais 60 pessoas, incluindo ex-ministros e militares<\/p>\n<p>The post <a rel=\"nofollow\" href=\"https:\/\/www.infomoney.com.br\/politica\/moraes-inclui-relatorio-da-cpmi-do-8-1-em-investigacoes-que-estao-no-supremo\/\">Moraes inclui relat\u00f3rio da CPMI do 8\/1 em investiga\u00e7\u00f5es que est\u00e3o no Supremo<\/a> appeared first on <a rel=\"nofollow\" href=\"https:\/\/www.infomoney.com.br\/\">InfoMoney<\/a>.<\/p>\n","protected":false},"author":44,"featured_media":0,"comment_status":"closed","ping_status":"closed","sticky":false,"template":"","format":"standard","meta":{"advgb_blocks_editor_width":"","advgb_blocks_columns_visual_guide":"","footnotes":""},"categories":[463,1306,34,135,47,449],"tags":[35],"class_list":["post-40410","post","type-post","status-publish","format-standard","hentry","category-alexandre-de-moraes","category-cpmi","category-g1","category-jair-bolsonaro","category-politica","category-stf","tag-g1"],"author_meta":{"display_name":"Ag\u00eancia Brasil","author_link":"https:\/\/sindaopcpb.org.br\/author\/agencia-brasil\/"},"featured_img":null,"coauthors":[],"tax_additional":{"categories":{"linked":["<a href=\"https:\/\/sindaopcpb.org.br\/alexandre-de-moraes\/\" class=\"advgb-post-tax-term\">Alexandre de Moraes<\/a>","<a href=\"https:\/\/sindaopcpb.org.br\/cpmi\/\" class=\"advgb-post-tax-term\">CPMI<\/a>","<a href=\"https:\/\/sindaopcpb.org.br\/g1\/\" class=\"advgb-post-tax-term\">G1<\/a>","<a href=\"https:\/\/sindaopcpb.org.br\/jair-bolsonaro\/\" class=\"advgb-post-tax-term\">Jair Bolsonaro<\/a>","<a href=\"https:\/\/sindaopcpb.org.br\/politica\/\" class=\"advgb-post-tax-term\">POLITICA<\/a>","<a href=\"https:\/\/sindaopcpb.org.br\/stf\/\" class=\"advgb-post-tax-term\">STF<\/a>"],"unlinked":["<span class=\"advgb-post-tax-term\">Alexandre de Moraes<\/span>","<span class=\"advgb-post-tax-term\">CPMI<\/span>","<span class=\"advgb-post-tax-term\">G1<\/span>","<span class=\"advgb-post-tax-term\">Jair Bolsonaro<\/span>","<span class=\"advgb-post-tax-term\">POLITICA<\/span>","<span class=\"advgb-post-tax-term\">STF<\/span>"]},"tags":{"linked":["<a href=\"https:\/\/sindaopcpb.org.br\/stf\/\" class=\"advgb-post-tax-term\">g1<\/a>"],"unlinked":["<span class=\"advgb-post-tax-term\">g1<\/span>"]}},"comment_count":"0","relative_dates":{"created":"Publicado 3 anos atr\u00e1s","modified":"Atualizado 3 anos atr\u00e1s"},"absolute_dates":{"created":"Publicado em 25 de outubro de 2023","modified":"Atualizado em 25 de outubro de 2023"},"absolute_dates_time":{"created":"Publicado em 25 de outubro de 2023 19:53","modified":"Atualizado em 25 de outubro de 2023 19:53"},"featured_img_caption":"","series_order":"","_links":{"self":[{"href":"https:\/\/sindaopcpb.org.br\/index.php\/wp-json\/wp\/v2\/posts\/40410","targetHints":{"allow":["GET"]}}],"collection":[{"href":"https:\/\/sindaopcpb.org.br\/index.php\/wp-json\/wp\/v2\/posts"}],"about":[{"href":"https:\/\/sindaopcpb.org.br\/index.php\/wp-json\/wp\/v2\/types\/post"}],"author":[{"embeddable":true,"href":"https:\/\/sindaopcpb.org.br\/index.php\/wp-json\/wp\/v2\/users\/44"}],"replies":[{"embeddable":true,"href":"https:\/\/sindaopcpb.org.br\/index.php\/wp-json\/wp\/v2\/comments?post=40410"}],"version-history":[{"count":2,"href":"https:\/\/sindaopcpb.org.br\/index.php\/wp-json\/wp\/v2\/posts\/40410\/revisions"}],"predecessor-version":[{"id":40427,"href":"https:\/\/sindaopcpb.org.br\/index.php\/wp-json\/wp\/v2\/posts\/40410\/revisions\/40427"}],"wp:attachment":[{"href":"https:\/\/sindaopcpb.org.br\/index.php\/wp-json\/wp\/v2\/media?parent=40410"}],"wp:term":[{"taxonomy":"category","embeddable":true,"href":"https:\/\/sindaopcpb.org.br\/index.php\/wp-json\/wp\/v2\/categories?post=40410"},{"taxonomy":"post_tag","embeddable":true,"href":"https:\/\/sindaopcpb.org.br\/index.php\/wp-json\/wp\/v2\/tags?post=40410"}],"curies":[{"name":"wp","href":"https:\/\/api.w.org\/{rel}","templated":true}]}}