{"id":40405,"date":"2023-10-25T17:55:00","date_gmt":"2023-10-25T20:55:00","guid":{"rendered":"https:\/\/www.infomoney.com.br\/?p=2278289"},"modified":"2023-10-25T17:55:00","modified_gmt":"2023-10-25T20:55:00","slug":"governo-atingira-450-mil-habitacoes-pelo-fgts-em-2023-diz-ministro","status":"publish","type":"post","link":"https:\/\/sindaopcpb.org.br\/index.php\/2023\/10\/25\/governo-atingira-450-mil-habitacoes-pelo-fgts-em-2023-diz-ministro\/","title":{"rendered":"Governo atingir\u00e1 450 mil habita\u00e7\u00f5es pelo FGTS em 2023, diz ministro"},"content":{"rendered":"<p><img loading=\"lazy\" width=\"225\" height=\"300\" src=\"https:\/\/www.infomoney.com.br\/wp-content\/uploads\/2022\/03\/cropped-GettyImages-1209976689.jpg?fit=225%2C300&amp;quality=70&amp;strip=all\" class=\"attachment-medium size-medium wp-post-image\" alt=\"FGTS\" decoding=\"async\" style=\"float:right; margin:0 0 10px 10px;\" srcset=\"https:\/\/www.infomoney.com.br\/wp-content\/uploads\/2022\/03\/cropped-GettyImages-1209976689.jpg?w=640&amp;quality=70&amp;strip=all 640w, https:\/\/www.infomoney.com.br\/wp-content\/uploads\/2022\/03\/cropped-GettyImages-1209976689.jpg?w=225&amp;quality=70&amp;strip=all 225w, https:\/\/www.infomoney.com.br\/wp-content\/uploads\/2022\/03\/cropped-GettyImages-1209976689.jpg?w=150&amp;quality=70&amp;strip=all 150w\" sizes=\"auto, (max-width: 225px) 100vw, 225px\" data-attachment-id=\"1868088\" data-permalink=\"https:\/\/www.infomoney.com.br\/fgts-6\/\" data-orig-file=\"https:\/\/www.infomoney.com.br\/wp-content\/uploads\/2022\/03\/cropped-GettyImages-1209976689.jpg?fit=640%2C853&amp;quality=70&amp;strip=all\" data-orig-size=\"640,853\" data-comments-opened=\"1\" data-image-meta=\"{&quot;aperture&quot;:&quot;0&quot;,&quot;credit&quot;:&quot;&quot;,&quot;camera&quot;:&quot;&quot;,&quot;caption&quot;:&quot;&quot;,&quot;created_timestamp&quot;:&quot;0&quot;,&quot;copyright&quot;:&quot;&quot;,&quot;focal_length&quot;:&quot;0&quot;,&quot;iso&quot;:&quot;0&quot;,&quot;shutter_speed&quot;:&quot;0&quot;,&quot;title&quot;:&quot;&quot;,&quot;orientation&quot;:&quot;0&quot;}\" data-image-title=\"FGTS\" data-image-description=\"&lt;p&gt;FGTS&lt;\/p&gt;\n\" data-image-caption=\"&lt;p&gt;(Getty Images)&lt;\/p&gt;\n\" data-medium-file=\"https:\/\/www.infomoney.com.br\/wp-content\/uploads\/2022\/03\/cropped-GettyImages-1209976689.jpg?fit=225%2C300&amp;quality=70&amp;strip=all\" data-large-file=\"https:\/\/www.infomoney.com.br\/wp-content\/uploads\/2022\/03\/cropped-GettyImages-1209976689.jpg?fit=640%2C853&amp;quality=70&amp;strip=all\" title=\"\"><\/p>\n<p>O ministro das Cidades, Jader Filho, disse na manh&atilde; desta quarta-feira (25) que o governo federal ir&aacute; superar a meta de contrata&ccedil;&otilde;es de unidades habitacionais pelo Fundo de Garantia do Tempo de Servi&ccedil;o (FGTS) neste ano, que abrangem as faixas 2 e 3 do Minha Casa, Minha Vida. &ldquo;A meta deste ano era de 430 mil e vamos bater, no m&iacute;nimo, 450 mil unidades&rdquo;, afirmou.<\/p>\n<div class=\"cta-middle\">\n<div class=\"im-cta bg-light bg-opacity-25 border rounded-4 p-3 p-sm-4 p-md-3 p-lg-4 px-xxl-5 my-5\" >\n<div class=\"d-flex flex-column align-items-center align-items-lg-start mb-4 flex-lg-row\">\n<div class=\"rounded-circle mb-2 mb-lg-0 mr-lg-4 me-lg-4 p-3 p-lg-4 bg-red-500\"><svg width=\"40\" height=\"40\" viewBox=\"0 0 40 40\" fill=\"none\" xmlns=\"http:\/\/www.w3.org\/2000\/svg\"><path d=\"M19.958 33.083 8.833 27v-9.042L3.417 15l16.541-9.042L36.583 15v11.875h-1.875v-10.75l-3.583 1.833V27l-11.167 6.083Zm0-11.208L32.625 15 19.958 8.208 7.375 15l12.583 6.875Zm0 9.042 9.25-5.084v-6.75l-9.25 4.959-9.25-5v6.791l9.25 5.084Z\" fill=\"#fff\"\/><\/svg><\/div>\n<div class=\"flex-fill text-center text-lg-left\">\n<div class=\"h6 small text-orange-700 lh-base mb-1\">Masterclass Gratuita<\/div>\n<div class=\"text-body h4 m-0\">Rota Liberdade Financeira<\/div>\n<div class=\"text-body small lh-base mt-2\">Aprenda a investir e construa um patrim&ocirc;nio do zero em um treinamento 100% online e 100% gratuito<\/div>\n<\/div>\n<\/div>\n<div class=\"im-shortcode-forms-v2\" data-component-type=\"multiformBootstrapV2\" data-configuracao='{\"id\":\"2278442\",\"optimize_id\":\"\",\"nome\":false,\"titulo\":\"Rota Liberdade Financeira\",\"icone\":\"course\",\"chapeu\":\"Masterclass Gratuita\",\"email\":true,\"telefone\":false,\"cpf\":false,\"campanha\":\"MRLF\",\"LancamentoID\":\"\",\"thankYouUrl\":\"\",\"idJorney\":\"APIEvent-4443477d-26a8-4b31-a619-165ebc93ac5b\",\"idDE\":\"195\",\"botaoLabel\":\"Quero participar\",\"contextSegment\":\"CursoLivre\",\"urlOrigem\":\"https:\\\/\\\/www.infomoney.com.br\\\/minhas-financas\\\/governo-atingira-450-mil-habitacoes-pelo-fgts-em-2023-diz-ministro\\\/?utm_medium=materia&#038;utm_source=infomoney&#038;utm_campaign=MRLF&#038;utm_term=minhas-financas&#038;utm_content=aquisicao\",\"openBlank\":true,\"gaPosition\":\"meio\",\"gaCategory\":\"cta_form\",\"useCaptacaoLead\":true,\"dataUTM\":{\"utmMedium\":\"materia\",\"utmSource\":\"infomoney\",\"utmCampaign\":\"MRLF\",\"utmTerm\":\"minhas-financas\",\"utmContent\":\"aquisicao\"}}'><\/div>\n<\/p><\/div>\n<\/div>\n<p>Ele comparou os resultados aos do ano anterior. &ldquo;No ano de 2022 foram contratadas 380 mil unidades habitacionais no ano todo pelo FGTS. At&eacute; a &uacute;ltima sexta-feira (20), t&iacute;nhamos contratadas 350 mil&rdquo;, disse durante participa&ccedil;&atilde;o em reuni&atilde;o da Comiss&atilde;o de Desenvolvimento Urbano da C&acirc;mara dos Deputados.<\/p>\n<p>Somando &agrave;s contrata&ccedil;&otilde;es para a faixa 1, o ministro apontou que a expectativa &eacute; de 600 mil unidades neste ano. &ldquo;Se formos considerar que em 2019 o d&eacute;ficit habitacional era de 6 milh&otilde;es, se somarmos com o FAR (Fundo de Arrendamento Residencial), FDS (Fundo de Desenvolvimento Social) e o que est&aacute; sendo contratado pelo FGTS, vamos atingir cerca de 10% do d&eacute;ficit em um ano&rdquo;, projetou.<\/p>\n<p>Se dirigindo aos parlamentares, Jader Filho voltou a pedir uni&atilde;o em torno da retomada de um pacto federativo. &ldquo;Precisamos unir esfor&ccedil;os, fazer com que o pacto federativo volte a fazer efeito. Precisamos voltar a conversar com prefeitos e governadores para que todos possam se unir, reduzindo o d&eacute;ficit habitacional e tamb&eacute;m gerando emprego e renda&rdquo;, disse.<\/p>\n<div class=\"infomoney-related-posts\">\n<h4>Leia tamb&eacute;m<\/h4>\n<div class=\"list\">\n<div class=\"row mx-0 item\">\n<div class=\"img-container\">\n<figure><img decoding=\"async\" class=\"img-fluid img-fluid\" src=\"https:\/\/www.infomoney.com.br\/wp-content\/uploads\/2023\/08\/GettyImages-1308035780.jpg?quality=70&#038;w=150&#038;%23038;h=150&#038;%23038;crop=1&#038;%23038;strip=all\" data-recalc-dims=\"1\" alt=\"\" title=\"\"><\/figure>\n<\/div>\n<div class=\"info\"><span class=\"hl-hat\">O que est&aacute; em jogo?<\/span><span class=\"hl-title\"><a href=\"https:\/\/www.infomoney.com.br\/minhas-financas\/stf-marca-para-8-de-novembro-julgamento-sobre-correcao-de-saldos-do-fgts\/\" rel=\"nofollow noopener\" target=\"_blank\">STF marca para 8 de novembro julgamento sobre corre&ccedil;&atilde;o de saldos do FGTS<\/a><\/span><span class=\"hl-description\">AGU estima impacto de R$ 8,6 bi caso prevale&ccedil;a tese de Barroso, que &eacute; relator da a&ccedil;&atilde;o<\/span><\/div>\n<\/div>\n<\/div>\n<\/div>\n<p>The post <a rel=\"nofollow noopener\" href=\"https:\/\/www.infomoney.com.br\/minhas-financas\/governo-atingira-450-mil-habitacoes-pelo-fgts-em-2023-diz-ministro\/\" target=\"_blank\">Governo atingir\u00e1 450 mil habita\u00e7\u00f5es pelo FGTS em 2023, diz ministro<\/a> appeared first on <a rel=\"nofollow noopener\" href=\"https:\/\/www.infomoney.com.br\/\" target=\"_blank\">InfoMoney<\/a>.<\/p>\n","protected":false},"excerpt":{"rendered":"<p><img loading=\"lazy\" decoding=\"async\" width=\"225\" height=\"300\" src=\"https:\/\/www.infomoney.com.br\/wp-content\/uploads\/2022\/03\/cropped-GettyImages-1209976689.jpg?fit=225%2C300&amp;quality=70&amp;strip=all\" class=\"attachment-medium size-medium wp-post-image\" alt=\"FGTS\" data-attachment-id=\"1868088\" data-permalink=\"https:\/\/www.infomoney.com.br\/fgts-6\/\" data-orig-file=\"https:\/\/www.infomoney.com.br\/wp-content\/uploads\/2022\/03\/cropped-GettyImages-1209976689.jpg?fit=640%2C853&amp;quality=70&amp;strip=all\" data-orig-size=\"640,853\" data-comments-opened=\"1\" data-image-meta='{\"aperture\":\"0\",\"credit\":\"\",\"camera\":\"\",\"caption\":\"\",\"created_timestamp\":\"0\",\"copyright\":\"\",\"focal_length\":\"0\",\"iso\":\"0\",\"shutter_speed\":\"0\",\"title\":\"\",\"orientation\":\"0\"}' data-image-title=\"FGTS\" data-image-description=\"&lt;p&gt;FGTS&lt;\/p&gt;\n\" data-image-caption=\"&lt;p&gt;(Getty Images)&lt;\/p&gt;\n\" data-medium-file=\"https:\/\/www.infomoney.com.br\/wp-content\/uploads\/2022\/03\/cropped-GettyImages-1209976689.jpg?fit=225%2C300&amp;quality=70&amp;strip=all\" data-large-file=\"https:\/\/www.infomoney.com.br\/wp-content\/uploads\/2022\/03\/cropped-GettyImages-1209976689.jpg?fit=640%2C853&amp;quality=70&amp;strip=all\">Meta inicial era atingir 430 mil unidades neste ano<\/p>\n<p>The post <a rel=\"nofollow\" href=\"https:\/\/www.infomoney.com.br\/minhas-financas\/governo-atingira-450-mil-habitacoes-pelo-fgts-em-2023-diz-ministro\/\">Governo atingir\u00e1 450 mil habita\u00e7\u00f5es pelo FGTS em 2023, diz ministro<\/a> appeared first on <a rel=\"nofollow\" href=\"https:\/\/www.infomoney.com.br\/\">InfoMoney<\/a>.<\/p>\n","protected":false},"author":43,"featured_media":0,"comment_status":"closed","ping_status":"closed","sticky":false,"template":"","format":"standard","meta":{"advgb_blocks_editor_width":"","advgb_blocks_columns_visual_guide":"","footnotes":""},"categories":[981,34,723,446,444,1135,47],"tags":[35],"class_list":["post-40405","post","type-post","status-publish","format-standard","hentry","category-fgts","category-g1","category-habitacao","category-minha-casa-minha-vida","category-minhas-financas","category-ministerio-das-cidades","category-politica","tag-g1"],"author_meta":{"display_name":"Estad\u00e3o Conte\u00fado","author_link":"https:\/\/sindaopcpb.org.br\/author\/estadao-conteudo\/"},"featured_img":null,"coauthors":[],"tax_additional":{"categories":{"linked":["<a href=\"https:\/\/sindaopcpb.org.br\/fgts\/\" class=\"advgb-post-tax-term\">FGTS<\/a>","<a href=\"https:\/\/sindaopcpb.org.br\/g1\/\" class=\"advgb-post-tax-term\">G1<\/a>","<a href=\"https:\/\/sindaopcpb.org.br\/habitacao\/\" class=\"advgb-post-tax-term\">HABITA\u00c7\u00c3O<\/a>","<a href=\"https:\/\/sindaopcpb.org.br\/minha-casa-minha-vida\/\" class=\"advgb-post-tax-term\">Minha Casa Minha Vida<\/a>","<a href=\"https:\/\/sindaopcpb.org.br\/minhas-financas\/\" class=\"advgb-post-tax-term\">Minhas Finan\u00e7as<\/a>","<a href=\"https:\/\/sindaopcpb.org.br\/ministerio-das-cidades\/\" class=\"advgb-post-tax-term\">Minist\u00e9rio das Cidades<\/a>","<a href=\"https:\/\/sindaopcpb.org.br\/politica\/\" class=\"advgb-post-tax-term\">POLITICA<\/a>"],"unlinked":["<span class=\"advgb-post-tax-term\">FGTS<\/span>","<span class=\"advgb-post-tax-term\">G1<\/span>","<span class=\"advgb-post-tax-term\">HABITA\u00c7\u00c3O<\/span>","<span class=\"advgb-post-tax-term\">Minha Casa Minha Vida<\/span>","<span class=\"advgb-post-tax-term\">Minhas Finan\u00e7as<\/span>","<span class=\"advgb-post-tax-term\">Minist\u00e9rio das Cidades<\/span>","<span class=\"advgb-post-tax-term\">POLITICA<\/span>"]},"tags":{"linked":["<a href=\"https:\/\/sindaopcpb.org.br\/politica\/\" class=\"advgb-post-tax-term\">g1<\/a>"],"unlinked":["<span class=\"advgb-post-tax-term\">g1<\/span>"]}},"comment_count":"0","relative_dates":{"created":"Publicado 3 anos atr\u00e1s","modified":"Atualizado 3 anos atr\u00e1s"},"absolute_dates":{"created":"Publicado em 25 de outubro de 2023","modified":"Atualizado em 25 de outubro de 2023"},"absolute_dates_time":{"created":"Publicado em 25 de outubro de 2023 17:55","modified":"Atualizado em 25 de outubro de 2023 17:55"},"featured_img_caption":"","series_order":"","_links":{"self":[{"href":"https:\/\/sindaopcpb.org.br\/index.php\/wp-json\/wp\/v2\/posts\/40405","targetHints":{"allow":["GET"]}}],"collection":[{"href":"https:\/\/sindaopcpb.org.br\/index.php\/wp-json\/wp\/v2\/posts"}],"about":[{"href":"https:\/\/sindaopcpb.org.br\/index.php\/wp-json\/wp\/v2\/types\/post"}],"author":[{"embeddable":true,"href":"https:\/\/sindaopcpb.org.br\/index.php\/wp-json\/wp\/v2\/users\/43"}],"replies":[{"embeddable":true,"href":"https:\/\/sindaopcpb.org.br\/index.php\/wp-json\/wp\/v2\/comments?post=40405"}],"version-history":[{"count":1,"href":"https:\/\/sindaopcpb.org.br\/index.php\/wp-json\/wp\/v2\/posts\/40405\/revisions"}],"predecessor-version":[{"id":40406,"href":"https:\/\/sindaopcpb.org.br\/index.php\/wp-json\/wp\/v2\/posts\/40405\/revisions\/40406"}],"wp:attachment":[{"href":"https:\/\/sindaopcpb.org.br\/index.php\/wp-json\/wp\/v2\/media?parent=40405"}],"wp:term":[{"taxonomy":"category","embeddable":true,"href":"https:\/\/sindaopcpb.org.br\/index.php\/wp-json\/wp\/v2\/categories?post=40405"},{"taxonomy":"post_tag","embeddable":true,"href":"https:\/\/sindaopcpb.org.br\/index.php\/wp-json\/wp\/v2\/tags?post=40405"}],"curies":[{"name":"wp","href":"https:\/\/api.w.org\/{rel}","templated":true}]}}