{"id":40397,"date":"2023-10-25T16:47:16","date_gmt":"2023-10-25T19:47:16","guid":{"rendered":"https:\/\/wpa.wscom.com.br\/?p=929667"},"modified":"2023-10-25T16:47:16","modified_gmt":"2023-10-25T19:47:16","slug":"creci-pb-estreita-relacao-institucional-com-outros-regionais-e-fortalece-sistema","status":"publish","type":"post","link":"https:\/\/sindaopcpb.org.br\/index.php\/2023\/10\/25\/creci-pb-estreita-relacao-institucional-com-outros-regionais-e-fortalece-sistema\/","title":{"rendered":"Creci-PB estreita rela\u00e7\u00e3o institucional com outros Regionais e fortalece Sistema"},"content":{"rendered":"<p style=\"font-weight: 400;\">O presidente do Creci-PB, Ubirajara Marques participa na tarde desta quarta-feira (25), em Aracaju, da pen\u00faltima sess\u00e3o plen\u00e1ria do ano do Regional sergipano, a convite do presidente Andr\u00e9 Cardoso e acompanhou a vasta pauta votada, bem como a aprova\u00e7\u00e3o \u00e0 unanimidade da presta\u00e7\u00e3o de contas relativas ao 3\u00ba trimestre de 2023.<\/p>\n<p style=\"font-weight: 400;\">Bira, como \u00e9 mais conhecido, agradeceu pela oportunidade, durante cumprimento de agenda de trabalho que come\u00e7ou pela manh\u00e3, quando ambos estreitaram a rela\u00e7\u00e3o institucional voltada ao fortalecimento do Sistema e trocaram ideias sobre experi\u00eancias exitosas.<\/p>\n<p style=\"font-weight: 400;\">\u201cDia dos mais proveitosos, pois pudemos, por exemplo, conhecer a TV-Creci e ter a honra de, durante entrevista, falar sobre as a\u00e7\u00f5es que desenvolvemos na Para\u00edba e outras que estamos determinados a realizar, que \u00e9 mais este ve\u00edculo de comunica\u00e7\u00e3o\u201d, afirmou. Ele esteve acompanhado do superintendente Gustavo Beltr\u00e3o e do assessor de comunica\u00e7\u00e3o C\u00e2ndido N\u00f3brega.<\/p>\n<p style=\"font-weight: 400;\"><strong>Agrega\u00e7\u00e3o positiva<\/strong><\/p>\n<p style=\"font-weight: 400;\">Outra n\u00e3o foi a avalia\u00e7\u00e3o do presidente Andr\u00e9 Cardoso. \u201cUma troca de experi\u00eancias que, sem d\u00favidas, agregar\u00e1 positivamente aos Regionais envolvidos. Assim como n\u00f3s compartilhamos ideias e a\u00e7\u00f5es que v\u00eam rendendo bons frutos por aqui, tamb\u00e9m pudemos contar com a partilha do presidente Bira e de sua equipe. \u00c9 esta a ess\u00eancia do Sistema: juntos, vamos muito mais longe pela categoria e por um mercado imobili\u00e1rio mais forte&#8221;, destacou.<\/p>\n<p style=\"font-weight: 400;\">Al\u00e9m dele Andr\u00e9, a diretoria se fez representada na plen\u00e1ria por Carla Pimentel (vice-presidente), Henrique Carvalho (diretor-secret\u00e1rio), Alberto Garcez diretor tesoureiro, Luciano Miranda (2\u00ba vice-presidente) e Rodrigo Calfa (2\u00ba diretor Tesoureiro).<\/p>\n<p style=\"font-weight: 400;\">\n<p>O post <a rel=\"nofollow noopener\" href=\"https:\/\/wscom.com.br\/creci-pb-estreita-relacao-institucional-com-outros-regionais-e-fortalece-sistema\/\" target=\"_blank\">Creci-PB estreita rela\u00e7\u00e3o institucional com outros Regionais e fortalece Sistema<\/a> apareceu primeiro em <a rel=\"nofollow noopener\" href=\"https:\/\/wscom.com.br\/\" target=\"_blank\">WSCOM<\/a>.<\/p>\n","protected":false},"excerpt":{"rendered":"<p>O presidente do Creci-PB, Ubirajara Marques participa na tarde desta quarta-feira (25), em Aracaju, da pen\u00faltima sess\u00e3o plen\u00e1ria do ano do Regional sergipano, a convite do presidente Andr\u00e9 Cardoso e acompanhou a vasta pauta votada, bem como a aprova\u00e7\u00e3o \u00e0 unanimidade da presta\u00e7\u00e3o de contas relativas ao 3\u00ba trimestre de 2023. Bira, como \u00e9 mais [\u2026]<\/p>\n<p>O post <a rel=\"nofollow\" href=\"https:\/\/wscom.com.br\/creci-pb-estreita-relacao-institucional-com-outros-regionais-e-fortalece-sistema\/\">Creci-PB estreita rela\u00e7\u00e3o institucional com outros Regionais e fortalece Sistema<\/a> apareceu primeiro em <a rel=\"nofollow\" href=\"https:\/\/wscom.com.br\/\">WSCOM<\/a>.<\/p>\n","protected":false},"author":49,"featured_media":0,"comment_status":"closed","ping_status":"closed","sticky":false,"template":"","format":"standard","meta":{"advgb_blocks_editor_width":"","advgb_blocks_columns_visual_guide":"","footnotes":""},"categories":[2177,10525,34,54,3213],"tags":[35],"class_list":["post-40397","post","type-post","status-publish","format-standard","hentry","category-corretores-de-imoveis","category-crecis-pb-se","category-g1","category-paraiba","category-sistema-cofeci-creci","tag-g1"],"author_meta":{"display_name":"Cristiane Cavalcante","author_link":"https:\/\/sindaopcpb.org.br\/author\/cristiane-cavalcante\/"},"featured_img":null,"coauthors":[],"tax_additional":{"categories":{"linked":["<a href=\"https:\/\/sindaopcpb.org.br\/corretores-de-imoveis\/\" class=\"advgb-post-tax-term\">corretores de im\u00f3veis<\/a>","<a href=\"https:\/\/sindaopcpb.org.br\/crecis-pb-se\/\" class=\"advgb-post-tax-term\">Creci\u2019s PB\/SE<\/a>","<a href=\"https:\/\/sindaopcpb.org.br\/g1\/\" class=\"advgb-post-tax-term\">G1<\/a>","<a href=\"https:\/\/sindaopcpb.org.br\/paraiba\/\" class=\"advgb-post-tax-term\">Para\u00edba<\/a>","<a href=\"https:\/\/sindaopcpb.org.br\/sistema-cofeci-creci\/\" class=\"advgb-post-tax-term\">Sistema Cofeci-Creci<\/a>"],"unlinked":["<span class=\"advgb-post-tax-term\">corretores de im\u00f3veis<\/span>","<span class=\"advgb-post-tax-term\">Creci\u2019s PB\/SE<\/span>","<span class=\"advgb-post-tax-term\">G1<\/span>","<span class=\"advgb-post-tax-term\">Para\u00edba<\/span>","<span class=\"advgb-post-tax-term\">Sistema Cofeci-Creci<\/span>"]},"tags":{"linked":["<a href=\"https:\/\/sindaopcpb.org.br\/sistema-cofeci-creci\/\" class=\"advgb-post-tax-term\">g1<\/a>"],"unlinked":["<span class=\"advgb-post-tax-term\">g1<\/span>"]}},"comment_count":"0","relative_dates":{"created":"Publicado 3 anos atr\u00e1s","modified":"Atualizado 3 anos atr\u00e1s"},"absolute_dates":{"created":"Publicado em 25 de outubro de 2023","modified":"Atualizado em 25 de outubro de 2023"},"absolute_dates_time":{"created":"Publicado em 25 de outubro de 2023 16:47","modified":"Atualizado em 25 de outubro de 2023 16:47"},"featured_img_caption":"","series_order":"","_links":{"self":[{"href":"https:\/\/sindaopcpb.org.br\/index.php\/wp-json\/wp\/v2\/posts\/40397","targetHints":{"allow":["GET"]}}],"collection":[{"href":"https:\/\/sindaopcpb.org.br\/index.php\/wp-json\/wp\/v2\/posts"}],"about":[{"href":"https:\/\/sindaopcpb.org.br\/index.php\/wp-json\/wp\/v2\/types\/post"}],"author":[{"embeddable":true,"href":"https:\/\/sindaopcpb.org.br\/index.php\/wp-json\/wp\/v2\/users\/49"}],"replies":[{"embeddable":true,"href":"https:\/\/sindaopcpb.org.br\/index.php\/wp-json\/wp\/v2\/comments?post=40397"}],"version-history":[{"count":1,"href":"https:\/\/sindaopcpb.org.br\/index.php\/wp-json\/wp\/v2\/posts\/40397\/revisions"}],"predecessor-version":[{"id":40398,"href":"https:\/\/sindaopcpb.org.br\/index.php\/wp-json\/wp\/v2\/posts\/40397\/revisions\/40398"}],"wp:attachment":[{"href":"https:\/\/sindaopcpb.org.br\/index.php\/wp-json\/wp\/v2\/media?parent=40397"}],"wp:term":[{"taxonomy":"category","embeddable":true,"href":"https:\/\/sindaopcpb.org.br\/index.php\/wp-json\/wp\/v2\/categories?post=40397"},{"taxonomy":"post_tag","embeddable":true,"href":"https:\/\/sindaopcpb.org.br\/index.php\/wp-json\/wp\/v2\/tags?post=40397"}],"curies":[{"name":"wp","href":"https:\/\/api.w.org\/{rel}","templated":true}]}}