{"id":40389,"date":"2023-10-25T18:17:37","date_gmt":"2023-10-25T21:17:37","guid":{"rendered":"https:\/\/wpa.wscom.com.br\/?p=929678"},"modified":"2023-10-25T18:17:37","modified_gmt":"2023-10-25T21:17:37","slug":"projeto-sertao-vivo-novas-acoes-de-reflorestamento-da-caatinga-contemplam-145-municipios-e-mais-de-37-mil-familias-da-paraiba","status":"publish","type":"post","link":"https:\/\/sindaopcpb.org.br\/index.php\/2023\/10\/25\/projeto-sertao-vivo-novas-acoes-de-reflorestamento-da-caatinga-contemplam-145-municipios-e-mais-de-37-mil-familias-da-paraiba\/","title":{"rendered":"Projeto Sert\u00e3o Vivo: novas a\u00e7\u00f5es de reflorestamento da caatinga contemplam 145 munic\u00edpios e mais de 37 mil fam\u00edlias da Para\u00edba"},"content":{"rendered":"<p>A implanta\u00e7\u00e3o de pol\u00edticas p\u00fablicas com a\u00e7\u00f5es de reflorestamento da caatinga, visando a prote\u00e7\u00e3o do meio ambiente e promo\u00e7\u00e3o do desenvolvimento sustent\u00e1vel, ser\u00e1 intensificada na Para\u00edba com os recursos que ser\u00e3o injetados pelo \u2018Projeto Sert\u00e3o Vivo, Semeando Resili\u00eancia Clim\u00e1tica em Comunidades Rurais no Nordeste\u201d \u2013 da ordem de R$ 150 milh\u00f5es \u2013, refor\u00e7ando o trabalho que j\u00e1 vinha sendo desenvolvido pelo Governo do Estado, por meio da Secretaria Estadual do Meio Ambiente e Sustentabilidade (Semas).<\/p>\n<p>O projeto da Para\u00edba aprovado no edital do \u2018Projeto Sert\u00e3o Vivo, Semeando Resili\u00eancia Clim\u00e1tica em Comunidades Rurais no Nordeste\u201d vai contemplar 145 munic\u00edpios paraibanos, beneficiando mais de 37,6 mil fam\u00edlias. A iniciativa \u00e9 do BNDES e do Fundo Internacional de Desenvolvimento Agr\u00edcola (Fida) e tem como objetivo apoiar e promover projetos que promovam o aumento da resili\u00eancia clim\u00e1tica da popula\u00e7\u00e3o rural do Semi\u00e1rido do Nordeste brasileiro.<\/p>\n<p>O projeto apresentado pelo Governo da Para\u00edba, por meio da Semas, realizar\u00e1 a\u00e7\u00f5es para implanta\u00e7\u00e3o e recupera\u00e7\u00e3o de \u00e1reas degradadas para cria\u00e7\u00e3o de corredores ecol\u00f3gicos no entorno das Unidades de Conserva\u00e7\u00e3o, recuperando as \u00e1reas com a implanta\u00e7\u00e3o de sistemas agroflorestais, ampliando as \u00e1reas em recupera\u00e7\u00e3o, aumentando o sequestro de carbono e a conserva\u00e7\u00e3o da biodiversidade.<\/p>\n<p>Para a secret\u00e1ria de estado do Meio Ambiente e Sustentabilidade, Rafaela Camaraense, trata-se de um investimento muito significativo para o Estado e para o meio ambiente. \u201cHoje certamente \u00e9 um dia muito importante para o nosso Estado. Atrav\u00e9s da contempla\u00e7\u00e3o desse edital, poderemos avan\u00e7ar com a cria\u00e7\u00e3o de a\u00e7\u00f5es e pol\u00edticas p\u00fablicas que visam \u00e0 prote\u00e7\u00e3o do Meio Ambiente, a recupera\u00e7\u00e3o da nossa caatinga e a promo\u00e7\u00e3o do desenvolvimento sustent\u00e1vel\u201d, disse a secret\u00e1ria.<\/p>\n<p>Rafaela Camaraense, ainda destacou que a equipe da Semas realizou um estudo levando em considera\u00e7\u00e3o os seguintes crit\u00e9rios: vulnerabilidade clim\u00e1tica, potencial de recupera\u00e7\u00e3o, disponibilidade de recursos h\u00eddricos e \u00e1reas rurais coletivas, al\u00e9m de escolas rurais e t\u00e9cnicas similares. \u201cSer\u00e3o 145 cidades contempladas e atrav\u00e9s dessas a\u00e7\u00f5es queremos contribuir para a cria\u00e7\u00e3o de pr\u00e1ticas que proporcionem acesso \u00e0 \u00e1gua, aumento da produtividade e da seguran\u00e7a alimentar das fam\u00edlias beneficiadas e a promo\u00e7\u00e3o da redu\u00e7\u00e3o das emiss\u00f5es de gases do efeito estufa\u201d, destacou a secretaria.<\/p>\n<p>Na Para\u00edba, o Projeto Sert\u00e3o Vivo prev\u00ea a realiza\u00e7\u00e3o de a\u00e7\u00f5es de forma integrada e em parceria entre os \u00f3rg\u00e3os governamentais do Estado como Empresa Paraibana de Pesquisa, Extens\u00e3o Rural e Regulariza\u00e7\u00e3o Fundi\u00e1ria (Empaer), Secretaria de Estado do Desenvolvimento da Agropecu\u00e1ria e da Pesca (SEDAP), Projeto de Desenvolvimento Sustent\u00e1vel da Para\u00edba (Procase) e Sudema, al\u00e9m da participa\u00e7\u00e3o de entidades como o Instituto Nacional do Semi\u00e1rido (INSA), Parque Tecnol\u00f3gico da Para\u00edba, Institui\u00e7\u00f5es de Ensino Superior, Entidades de Assist\u00eancia T\u00e9cnica e Extens\u00e3o Rural. Tamb\u00e9m devem participar entidades do terceiro setor e sociedade civil organizada.<\/p>\n<p>O projeto pretende a cria\u00e7\u00e3o de uma rede de parceiros para colaborar na identifica\u00e7\u00e3o de desafios e implementa\u00e7\u00e3o de solu\u00e7\u00f5es para a forma\u00e7\u00e3o de grupos de trabalhos multidisciplinares e a promo\u00e7\u00e3o de interc\u00e2mbios estaduais e internacionais, para troca de experi\u00eancias.<\/p>\n<p>De acordo com o gerente executivo da Semas, Juan Mendon\u00e7a, a elabora\u00e7\u00e3o do projeto foi realizada com a colabora\u00e7\u00e3o de toda equipe de ger\u00eancia, \u201cLevantamos os dados para apresenta\u00e7\u00e3o do projeto e avaliamos quais as cidades poderiam ser contempladas como o Sert\u00e3o Vivo. Foram considerados aspectos fiscais e, principalmente, a maior possibilidade de \u00eaxito atrav\u00e9s da maior nota projetada\u201d, afirmou.<\/p>\n<p><strong>Projeto Sert\u00e3o Vivo<\/strong>\u00a0&#8211; O edital lan\u00e7ado em julho deste ano buscava selecionar at\u00e9 quatro propostas para receber apoio financeiro direto, reembols\u00e1vel e n\u00e3o reembols\u00e1vel, provenientes do BNDES, Fida e Green Climate Fund (GCF).<\/p>\n<p>De forma in\u00e9dita, todos os Estados da regi\u00e3o Nordeste foram contemplados e a iniciativa deve beneficiar 1,8 milh\u00e3o de pessoas, o equivalente a 439 mil fam\u00edlias. Na Para\u00edba a previs\u00e3o \u00e9 que o projeto vai beneficiar cerca de 37.648 fam\u00edlias.<\/p>\n<p>&nbsp;<\/p>\n<p>O post <a rel=\"nofollow noopener\" href=\"https:\/\/wscom.com.br\/projeto-sertao-vivo-novas-acoes-de-reflorestamento-da-caatinga-contemplam-145-municipios-e-mais-de-37-mil-familias-da-paraiba\/\" target=\"_blank\">Projeto Sert\u00e3o Vivo: novas a\u00e7\u00f5es de reflorestamento da caatinga contemplam 145 munic\u00edpios e mais de 37 mil fam\u00edlias da Para\u00edba<\/a> apareceu primeiro em <a rel=\"nofollow noopener\" href=\"https:\/\/wscom.com.br\/\" target=\"_blank\">WSCOM<\/a>.<\/p>\n","protected":false},"excerpt":{"rendered":"<p>A implanta\u00e7\u00e3o de pol\u00edticas p\u00fablicas com a\u00e7\u00f5es de reflorestamento da caatinga, visando a prote\u00e7\u00e3o do meio ambiente e promo\u00e7\u00e3o do desenvolvimento sustent\u00e1vel, ser\u00e1 intensificada na Para\u00edba com os recursos que ser\u00e3o injetados pelo \u2018Projeto Sert\u00e3o Vivo, Semeando Resili\u00eancia Clim\u00e1tica em Comunidades Rurais no Nordeste\u201d \u2013 da ordem de R$ 150 milh\u00f5es \u2013, refor\u00e7ando o trabalho [\u2026]<\/p>\n<p>O post <a rel=\"nofollow\" href=\"https:\/\/wscom.com.br\/projeto-sertao-vivo-novas-acoes-de-reflorestamento-da-caatinga-contemplam-145-municipios-e-mais-de-37-mil-familias-da-paraiba\/\">Projeto Sert\u00e3o Vivo: novas a\u00e7\u00f5es de reflorestamento da caatinga contemplam 145 munic\u00edpios e mais de 37 mil fam\u00edlias da Para\u00edba<\/a> apareceu primeiro em <a rel=\"nofollow\" href=\"https:\/\/wscom.com.br\/\">WSCOM<\/a>.<\/p>\n","protected":false},"author":49,"featured_media":0,"comment_status":"closed","ping_status":"closed","sticky":false,"template":"","format":"standard","meta":{"advgb_blocks_editor_width":"","advgb_blocks_columns_visual_guide":"","footnotes":""},"categories":[34,950,54,47,10481,10520],"tags":[35],"class_list":["post-40389","post","type-post","status-publish","format-standard","hentry","category-g1","category-meio-ambiente","category-paraiba","category-politica","category-projeto-sertao-vivo","category-reflorestamento-da-caatinga","tag-g1"],"author_meta":{"display_name":"Cristiane Cavalcante","author_link":"https:\/\/sindaopcpb.org.br\/author\/cristiane-cavalcante\/"},"featured_img":null,"coauthors":[],"tax_additional":{"categories":{"linked":["<a href=\"https:\/\/sindaopcpb.org.br\/g1\/\" class=\"advgb-post-tax-term\">G1<\/a>","<a href=\"https:\/\/sindaopcpb.org.br\/meio-ambiente\/\" class=\"advgb-post-tax-term\">Meio Ambiente<\/a>","<a href=\"https:\/\/sindaopcpb.org.br\/paraiba\/\" class=\"advgb-post-tax-term\">Para\u00edba<\/a>","<a href=\"https:\/\/sindaopcpb.org.br\/politica\/\" class=\"advgb-post-tax-term\">POLITICA<\/a>","<a href=\"https:\/\/sindaopcpb.org.br\/projeto-sertao-vivo\/\" class=\"advgb-post-tax-term\">Projeto Sert\u00e3o Vivo<\/a>","<a href=\"https:\/\/sindaopcpb.org.br\/reflorestamento-da-caatinga\/\" class=\"advgb-post-tax-term\">reflorestamento da caatinga<\/a>"],"unlinked":["<span class=\"advgb-post-tax-term\">G1<\/span>","<span class=\"advgb-post-tax-term\">Meio Ambiente<\/span>","<span class=\"advgb-post-tax-term\">Para\u00edba<\/span>","<span class=\"advgb-post-tax-term\">POLITICA<\/span>","<span class=\"advgb-post-tax-term\">Projeto Sert\u00e3o Vivo<\/span>","<span class=\"advgb-post-tax-term\">reflorestamento da caatinga<\/span>"]},"tags":{"linked":["<a href=\"https:\/\/sindaopcpb.org.br\/reflorestamento-da-caatinga\/\" class=\"advgb-post-tax-term\">g1<\/a>"],"unlinked":["<span class=\"advgb-post-tax-term\">g1<\/span>"]}},"comment_count":"0","relative_dates":{"created":"Publicado 3 anos atr\u00e1s","modified":"Atualizado 3 anos atr\u00e1s"},"absolute_dates":{"created":"Publicado em 25 de outubro de 2023","modified":"Atualizado em 25 de outubro de 2023"},"absolute_dates_time":{"created":"Publicado em 25 de outubro de 2023 18:17","modified":"Atualizado em 25 de outubro de 2023 18:17"},"featured_img_caption":"","series_order":"","_links":{"self":[{"href":"https:\/\/sindaopcpb.org.br\/index.php\/wp-json\/wp\/v2\/posts\/40389","targetHints":{"allow":["GET"]}}],"collection":[{"href":"https:\/\/sindaopcpb.org.br\/index.php\/wp-json\/wp\/v2\/posts"}],"about":[{"href":"https:\/\/sindaopcpb.org.br\/index.php\/wp-json\/wp\/v2\/types\/post"}],"author":[{"embeddable":true,"href":"https:\/\/sindaopcpb.org.br\/index.php\/wp-json\/wp\/v2\/users\/49"}],"replies":[{"embeddable":true,"href":"https:\/\/sindaopcpb.org.br\/index.php\/wp-json\/wp\/v2\/comments?post=40389"}],"version-history":[{"count":1,"href":"https:\/\/sindaopcpb.org.br\/index.php\/wp-json\/wp\/v2\/posts\/40389\/revisions"}],"predecessor-version":[{"id":40390,"href":"https:\/\/sindaopcpb.org.br\/index.php\/wp-json\/wp\/v2\/posts\/40389\/revisions\/40390"}],"wp:attachment":[{"href":"https:\/\/sindaopcpb.org.br\/index.php\/wp-json\/wp\/v2\/media?parent=40389"}],"wp:term":[{"taxonomy":"category","embeddable":true,"href":"https:\/\/sindaopcpb.org.br\/index.php\/wp-json\/wp\/v2\/categories?post=40389"},{"taxonomy":"post_tag","embeddable":true,"href":"https:\/\/sindaopcpb.org.br\/index.php\/wp-json\/wp\/v2\/tags?post=40389"}],"curies":[{"name":"wp","href":"https:\/\/api.w.org\/{rel}","templated":true}]}}