{"id":40386,"date":"2023-10-25T16:16:00","date_gmt":"2023-10-25T19:16:00","guid":{"rendered":"https:\/\/www.infomoney.com.br\/?p=2278573"},"modified":"2023-10-25T16:16:00","modified_gmt":"2023-10-25T19:16:00","slug":"apos-troca-na-caixa-pl-das-offshores-entra-na-pauta-de-votacoes-na-camara","status":"publish","type":"post","link":"https:\/\/sindaopcpb.org.br\/index.php\/2023\/10\/25\/apos-troca-na-caixa-pl-das-offshores-entra-na-pauta-de-votacoes-na-camara\/","title":{"rendered":"Ap\u00f3s troca na Caixa, PL das offshores entra na pauta de vota\u00e7\u00f5es na C\u00e2mara"},"content":{"rendered":"<p><img loading=\"lazy\" width=\"300\" height=\"191\" src=\"https:\/\/www.infomoney.com.br\/wp-content\/uploads\/2023\/09\/20230901_0537_XP_EXPERT_2023_foto-Paulo-Bareta-e1693588482534.jpg?fit=300%2C191&amp;quality=70&amp;strip=all\" class=\"attachment-medium size-medium wp-post-image\" alt=\"Arthur Lira\" decoding=\"async\" style=\"float:right; margin:0 0 10px 10px;\" srcset=\"https:\/\/www.infomoney.com.br\/wp-content\/uploads\/2023\/09\/20230901_0537_XP_EXPERT_2023_foto-Paulo-Bareta-e1693588482534.jpg?w=1365&amp;quality=70&amp;strip=all 1365w, https:\/\/www.infomoney.com.br\/wp-content\/uploads\/2023\/09\/20230901_0537_XP_EXPERT_2023_foto-Paulo-Bareta-e1693588482534.jpg?w=300&amp;quality=70&amp;strip=all 300w, https:\/\/www.infomoney.com.br\/wp-content\/uploads\/2023\/09\/20230901_0537_XP_EXPERT_2023_foto-Paulo-Bareta-e1693588482534.jpg?w=768&amp;quality=70&amp;strip=all 768w, https:\/\/www.infomoney.com.br\/wp-content\/uploads\/2023\/09\/20230901_0537_XP_EXPERT_2023_foto-Paulo-Bareta-e1693588482534.jpg?w=1280&amp;quality=70&amp;strip=all 1280w, https:\/\/www.infomoney.com.br\/wp-content\/uploads\/2023\/09\/20230901_0537_XP_EXPERT_2023_foto-Paulo-Bareta-e1693588482534.jpg?w=150&amp;quality=70&amp;strip=all 150w\" sizes=\"auto, (max-width: 300px) 100vw, 300px\" data-attachment-id=\"2232453\" data-permalink=\"https:\/\/www.infomoney.com.br\/xp_expert_2023\/\" data-orig-file=\"https:\/\/www.infomoney.com.br\/wp-content\/uploads\/2023\/09\/20230901_0537_XP_EXPERT_2023_foto-Paulo-Bareta-e1693588482534.jpg?fit=1365%2C870&amp;quality=70&amp;strip=all\" data-orig-size=\"1365,870\" data-comments-opened=\"0\" data-image-meta=\"{&quot;aperture&quot;:&quot;5&quot;,&quot;credit&quot;:&quot;Paulo Bareta&quot;,&quot;camera&quot;:&quot;Canon EOS R&quot;,&quot;caption&quot;:&quot;XP_EXPERT_2023&quot;,&quot;created_timestamp&quot;:&quot;1693576395&quot;,&quot;copyright&quot;:&quot;&quot;,&quot;focal_length&quot;:&quot;169&quot;,&quot;iso&quot;:&quot;3200&quot;,&quot;shutter_speed&quot;:&quot;0.005&quot;,&quot;title&quot;:&quot;XP_EXPERT_2023&quot;,&quot;orientation&quot;:&quot;0&quot;}\" data-image-title=\"Arthur Lira\" data-image-description=\"&lt;p&gt;Arthur Lira &lt;\/p&gt;\n\" data-image-caption=\"&lt;p&gt;Arthur Lira, presidente da C\u00e2mara, fala na Expert XP 2023 (Paulo Bareta)&lt;\/p&gt;\n\" data-medium-file=\"https:\/\/www.infomoney.com.br\/wp-content\/uploads\/2023\/09\/20230901_0537_XP_EXPERT_2023_foto-Paulo-Bareta-e1693588482534.jpg?fit=300%2C191&amp;quality=70&amp;strip=all\" data-large-file=\"https:\/\/www.infomoney.com.br\/wp-content\/uploads\/2023\/09\/20230901_0537_XP_EXPERT_2023_foto-Paulo-Bareta-e1693588482534.jpg?fit=1280%2C816&amp;quality=70&amp;strip=all\" title=\"\"><\/p>\n<p>O Projeto de Lei que prev&ecirc; a taxa&ccedil;&atilde;o dos fundos de alta renda (&ldquo;PL das offshores&rdquo;) entrou na pauta do plen&aacute;rio da C&acirc;mara desta quarta-feira (25), ap&oacute;s aval do presidente da Casa, Arthur Lira (PP-AL). A decis&atilde;o foi tomada ap&oacute;s o presidente da Rep&uacute;blica, Luiz In&aacute;cio Lula da Silva (PT), anunciar a troca no comando da Caixa Econ&ocirc;mica Federal.<\/p>\n<p>Rita Serrano, que &eacute; funcion&aacute;ria de carreira do banco h&aacute; mais de 30 anos e ocupava o cargo desde janeiro, ser&aacute; substitu&iacute;da pelo economista Carlos Ant&ocirc;nio Vieira, que&nbsp;&eacute; funcion&aacute;rio aposentado da Caixa e ligado ao deputado Aguinaldo Ribeiro (PP-PB).<\/p>\n<p>O &ldquo;PL das offshores&rdquo; prev&ecirc; a tributa&ccedil;&atilde;o dos fundos exclusivos no pa&iacute;s (dos &ldquo;super-ricos&rdquo;) e dos fundos offshore (mantidos por brasileiros no exterior, principalmente em para&iacute;sos fiscais). O ministro da Fazenda, Fernando Haddad (PT), conta com a arrecada&ccedil;&atilde;o extra que o governo ter&aacute; com a medida para tentar zerar o d&eacute;ficit das contas p&uacute;blicas em 2024.<\/p>\n<p>Se o texto for aprovado nesta quarta pelos deputados, o projeto seguir&aacute; para an&aacute;lise do Senado.<\/p>\n<h2>Centr&atilde;o na Caixa<\/h2>\n<p>O texto entrou na pauta do plen&aacute;rio ap&oacute;s semanas de adiamentos, motivados por insatisfa&ccedil;&atilde;o pol&iacute;tica da C&acirc;mara com o governo. A expectativa inicial era de que o texto fosse votado no come&ccedil;o do m&ecirc;s, antes de uma viagem de Lira ao exterior, mas os l&iacute;deres partid&aacute;rios decidiram esperar o retorno do deputado a Bras&iacute;lia.<\/p>\n<p>Assim como no primeiro semestre, h&aacute; um clima de insatisfa&ccedil;&atilde;o dos deputados com a demora do Pal&aacute;cio do Planalto em liberar emendas e em nomear aliados para cargos-chave na m&aacute;quina p&uacute;blica.<\/p>\n<p>A indica&ccedil;&atilde;o para o comando da Caixa era um dos pleitos do Centr&atilde;o e foi negociada diretamente por Lira. Al&eacute;m de servidor de carreira aposentado, Fernandes integrou o Minist&eacute;rio das Cidades no governo Dilma Rousseff (PT), quando Aguinaldo Ribeiro (PP-PB) comandava a pasta.<\/p>\n<h2>&lsquo;PL das offshores&rsquo;<\/h2>\n<p>O relator do &ldquo;PL das offshores&rdquo;, deputado Pedro Paulo (PSD-RJ), ainda negocia as mudan&ccedil;as finais em seu parecer. Ontem, ele sugeriu que pode aumentar de 6% para 8% a al&iacute;quota a ser paga pelos detentores dos fundos, tanto no Brasil quanto no exterior, na atualiza&ccedil;&atilde;o dos ganhos acumulados at&eacute; agora. A mudan&ccedil;a tentaria compensar a equipara&ccedil;&atilde;o do porcentual que incidir&aacute; sobre os rendimentos futuros das offshores ao que ser&aacute; cobrado sobre o retorno dos fundos exclusivos daqui para frente.<\/p>\n<p>Na vers&atilde;o mais recente do projeto, os fundos dos &ldquo;super-ricos&rdquo; no Brasil seriam tributados com uma al&iacute;quota de 15% sobre os ganhos de longo prazo e 20% sobre os de curto prazo, enquanto os fundos no exterior teriam tributa&ccedil;&atilde;o de acordo com o valor dos rendimentos: isen&ccedil;&atilde;o at&eacute; R$ 6 mil, 15% para ganhos entre R$ 6 mil e R$ 50 mil e 22,5% para ganhos acima de R$ 50 mil.<\/p>\n<p>Integrantes do mercado financeiro pleiteiam que essas al&iacute;quotas sejam igualadas. &ldquo;Reduz de 22,5% a tributa&ccedil;&atilde;o sobre os rendimentos futuros dos fundos no exterior para uma al&iacute;quota menor, mas aumenta a da atualiza&ccedil;&atilde;o patrimonial. Em vez de ser 6%, coloca um valor maior&rdquo;, disse Pedro Paulo a jornalistas. &ldquo;Aumenta para 8%. Coloca 15% para os rendimentos das offshores e 8% para o estoque&rdquo;.<\/p>\n<p>Pela legisla&ccedil;&atilde;o atual, os fundos de alta renda, tanto no exterior quanto no Brasil, s&oacute; s&atilde;o tributados quando os detentores retiram seus lucros, o chamado &ldquo;resgate&rdquo;, o que pode levar anos ou nunca acontecer. Com o projeto, esses fundos passar&atilde;o a ser taxados uma vez por ano, o que levar&aacute; a um aumento da arrecada&ccedil;&atilde;o federal.<\/p>\n<p>As offshores s&atilde;o empresas sediadas no exterior detidas por cidad&atilde;os residentes no Brasil. J&aacute; os fundos exclusivos s&atilde;o destinados a investidores profissionais e exigem investimento m&iacute;nimo de R$ 10 milh&otilde;es, por isso s&atilde;o chamados de fundos dos &ldquo;super-ricos&rdquo;.<\/p>\n<h2>FIIs e Fiagros<\/h2>\n<p>Outro ponto controverso &eacute; o n&uacute;mero m&iacute;nimo de cotistas para que possa ser formado um Fundo de Investimento em Cadeias Agroindustriais (Fiagro), que &eacute; isento de Imposto de Renda (IR). O governo havia proposto aumentar o piso de 50 para 500 cotistas, e o relator reduziu esse n&uacute;mero para 300.<\/p>\n<p>Mas a Frente Parlamentar da Agropecu&aacute;ria (FPA), mais conhecida como &ldquo;bancada ruralista&rdquo;, quer uma redu&ccedil;&atilde;o ainda maior. O Minist&eacute;rio da Fazenda argumenta que um n&uacute;mero baixo de cotistas permite que fam&iacute;lias formem um fundo apenas para escapar do pagamento de impostos.<\/p>\n<p>Uma proposta alternativa estudada por Pedro Paulo &eacute; manter o piso de cotistas em 50, mas criar um limite para que familiares n&atilde;o detenham juntos mais de 30% das cotas do fundo. &ldquo;O governo, hoje, principalmente a Receita, enxerga que &eacute; mais f&aacute;cil fechar essa porta pelo n&uacute;mero de cotistas. Eu acho que n&atilde;o&rdquo;, afirmou o relator. &ldquo;A Receita, por exemplo, acha que &eacute; dif&iacute;cil fiscalizar o real propriet&aacute;rio das cotas. Mas estamos falando de um n&uacute;mero pequeno que burla a regra&rdquo;.<\/p>\n<\/p>\n<div class=\"cta-end\">\n<div class=\"im-cta\" >\n<div class=\"im-shortcode-forms bg-light bg-opacity-25 border rounded-4 p-3 p-sm-4 p-md-3 p-lg-4 px-xxl-5 my-5\" data-configuration='{\"form_name\":false,\"form_hat\":\"Newsletter\",\"form_email\":true,\"form_icon\":\"newsletter\",\"form_phone\":false,\"form_campaign\":\"NIM\",\"form_thankyou\":\"\",\"form_journey\":\"APIEvent-26a5198d-8e09-06ef-5f80-cd9127757ad1\",\"form_button\":\"Quero receber\",\"form_context\":\"newsletter\",\"form_origin\":\"https:\\\/\\\/www.infomoney.com.br\\\/politica\\\/feed\\\/?utm_medium=materia&#038;utm_source=infomoney&#038;utm_campaign=NIM&#038;utm_term=politica&#038;utm_content=newsletter\",\"form_position\":\"final\",\"form_category\":\"cta_form\"}'>\n<div class=\"d-flex flex-column align-items-center align-items-lg-start mb-4 flex-lg-row\">\n<div class=\"rounded-circle mb-2 mb-lg-0 mr-lg-4 me-lg-4 p-3 p-lg-4 bg-blue-400\"><svg width=\"40\" height=\"40\" viewBox=\"0 0 40 40\" fill=\"none\" xmlns=\"http:\/\/www.w3.org\/2000\/svg\"><path d=\"M20 20.25 6.042 11.042v19.041c0 .167.048.299.146.396a.535.535 0 0 0 .395.146h15.792V32.5H6.583a2.328 2.328 0 0 1-1.708-.708 2.328 2.328 0 0 1-.708-1.709V9.917c0-.667.236-1.236.708-1.709A2.328 2.328 0 0 1 6.583 7.5h26.834c.666 0 1.236.236 1.708.708a2.33 2.33 0 0 1 .708 1.709v12.458h-1.875V11.042L20 20.25Zm0-2 13.667-8.875H6.333L20 18.25Zm11.75 18.958-1.292-1.333 3.334-3.375h-9v-1.875h9l-3.375-3.417 1.333-1.291 5.667 5.625-5.667 5.666ZM6.042 11.042v20.791-9.458.25-13.25 1.667Z\" fill=\"#fff\"\/><\/svg><\/div>\n<div class=\"flex-fill text-center text-lg-left\">\n<div class=\"h6 small text-orange-700 lh-base mb-1\">Newsletter<\/div>\n<div class=\"text-body h4 m-0\">Infomorning<\/div>\n<div class=\"text-body small lh-base mt-2\">Receba no seu e-mail logo pela manh&atilde; as not&iacute;cias que v&atilde;o mexer com os mercados, com os seus investimentos e o seu bolso durante o dia<\/div>\n<\/div>\n<\/div>\n<\/div>\n<\/div>\n<\/div>\n<p>The post <a rel=\"nofollow noopener\" href=\"https:\/\/www.infomoney.com.br\/politica\/apos-troca-na-caixa-pl-das-offshores-entra-na-pauta-de-votacoes-na-camara\/\" target=\"_blank\">Ap\u00f3s troca na Caixa, PL das offshores entra na pauta de vota\u00e7\u00f5es na C\u00e2mara<\/a> appeared first on <a rel=\"nofollow noopener\" href=\"https:\/\/www.infomoney.com.br\/\" target=\"_blank\">InfoMoney<\/a>.<\/p>\n","protected":false},"excerpt":{"rendered":"<p><img loading=\"lazy\" decoding=\"async\" width=\"300\" height=\"191\" src=\"https:\/\/www.infomoney.com.br\/wp-content\/uploads\/2023\/09\/20230901_0537_XP_EXPERT_2023_foto-Paulo-Bareta-e1693588482534.jpg?fit=300%2C191&amp;quality=70&amp;strip=all\" class=\"attachment-medium size-medium wp-post-image\" alt=\"Arthur Lira\" data-attachment-id=\"2232453\" data-permalink=\"https:\/\/www.infomoney.com.br\/xp_expert_2023\/\" data-orig-file=\"https:\/\/www.infomoney.com.br\/wp-content\/uploads\/2023\/09\/20230901_0537_XP_EXPERT_2023_foto-Paulo-Bareta-e1693588482534.jpg?fit=1365%2C870&amp;quality=70&amp;strip=all\" data-orig-size=\"1365,870\" data-comments-opened=\"0\" data-image-meta='{\"aperture\":\"5\",\"credit\":\"Paulo Bareta\",\"camera\":\"Canon EOS R\",\"caption\":\"XP_EXPERT_2023\",\"created_timestamp\":\"1693576395\",\"copyright\":\"\",\"focal_length\":\"169\",\"iso\":\"3200\",\"shutter_speed\":\"0.005\",\"title\":\"XP_EXPERT_2023\",\"orientation\":\"0\"}' data-image-title=\"Arthur Lira\" data-image-description=\"&lt;p&gt;Arthur Lira &lt;\/p&gt;\n\" data-image-caption=\"&lt;p&gt;Arthur Lira, presidente da C\u00e2mara, fala na Expert XP 2023 (Paulo Bareta)&lt;\/p&gt;\n\" data-medium-file=\"https:\/\/www.infomoney.com.br\/wp-content\/uploads\/2023\/09\/20230901_0537_XP_EXPERT_2023_foto-Paulo-Bareta-e1693588482534.jpg?fit=300%2C191&amp;quality=70&amp;strip=all\" data-large-file=\"https:\/\/www.infomoney.com.br\/wp-content\/uploads\/2023\/09\/20230901_0537_XP_EXPERT_2023_foto-Paulo-Bareta-e1693588482534.jpg?fit=1280%2C816&amp;quality=70&amp;strip=all\">Medida prev\u00ea a tributa\u00e7\u00e3o dos fundos exclusivos e offshores; governo conta com a arrecada\u00e7\u00e3o extra para tentar zerar o d\u00e9ficit p\u00fablico em 2024<\/p>\n<p>The post <a rel=\"nofollow\" href=\"https:\/\/www.infomoney.com.br\/politica\/apos-troca-na-caixa-pl-das-offshores-entra-na-pauta-de-votacoes-na-camara\/\">Ap\u00f3s troca na Caixa, PL das offshores entra na pauta de vota\u00e7\u00f5es na C\u00e2mara<\/a> appeared first on <a rel=\"nofollow\" href=\"https:\/\/www.infomoney.com.br\/\">InfoMoney<\/a>.<\/p>\n","protected":false},"author":43,"featured_media":0,"comment_status":"closed","ping_status":"closed","sticky":false,"template":"","format":"standard","meta":{"advgb_blocks_editor_width":"","advgb_blocks_columns_visual_guide":"","footnotes":""},"categories":[275,905,276,10203,3982,6661,10165,6883,34,1053,444,1108,47],"tags":[35],"class_list":["post-40386","post","type-post","status-publish","format-standard","hentry","category-arthur-lira","category-caixa-economica-federal","category-camara-dos-deputados","category-fiagros","category-fundos-de-investimento","category-fundos-exclusivos","category-fundos-imobiliarios","category-fundos-offshore","category-g1","category-imposto-de-renda","category-minhas-financas","category-onde-investir","category-politica","tag-g1"],"author_meta":{"display_name":"Estad\u00e3o Conte\u00fado","author_link":"https:\/\/sindaopcpb.org.br\/author\/estadao-conteudo\/"},"featured_img":null,"coauthors":[],"tax_additional":{"categories":{"linked":["<a href=\"https:\/\/sindaopcpb.org.br\/arthur-lira\/\" class=\"advgb-post-tax-term\">Arthur Lira<\/a>","<a href=\"https:\/\/sindaopcpb.org.br\/caixa-economica-federal\/\" class=\"advgb-post-tax-term\">caixa econ\u00f4mica federal<\/a>","<a href=\"https:\/\/sindaopcpb.org.br\/camara-dos-deputados\/\" class=\"advgb-post-tax-term\">C\u00e2mara dos Deputados<\/a>","<a href=\"https:\/\/sindaopcpb.org.br\/fiagros\/\" class=\"advgb-post-tax-term\">Fiagros<\/a>","<a href=\"https:\/\/sindaopcpb.org.br\/fundos-de-investimento\/\" class=\"advgb-post-tax-term\">Fundos de Investimento<\/a>","<a href=\"https:\/\/sindaopcpb.org.br\/fundos-exclusivos\/\" class=\"advgb-post-tax-term\">Fundos Exclusivos<\/a>","<a href=\"https:\/\/sindaopcpb.org.br\/fundos-imobiliarios\/\" class=\"advgb-post-tax-term\">Fundos Imobili\u00e1rios<\/a>","<a href=\"https:\/\/sindaopcpb.org.br\/fundos-offshore\/\" class=\"advgb-post-tax-term\">Fundos Offshore<\/a>","<a href=\"https:\/\/sindaopcpb.org.br\/g1\/\" class=\"advgb-post-tax-term\">G1<\/a>","<a href=\"https:\/\/sindaopcpb.org.br\/imposto-de-renda\/\" class=\"advgb-post-tax-term\">Imposto de Renda<\/a>","<a href=\"https:\/\/sindaopcpb.org.br\/minhas-financas\/\" class=\"advgb-post-tax-term\">Minhas Finan\u00e7as<\/a>","<a href=\"https:\/\/sindaopcpb.org.br\/onde-investir\/\" class=\"advgb-post-tax-term\">Onde Investir<\/a>","<a href=\"https:\/\/sindaopcpb.org.br\/politica\/\" class=\"advgb-post-tax-term\">POLITICA<\/a>"],"unlinked":["<span class=\"advgb-post-tax-term\">Arthur Lira<\/span>","<span class=\"advgb-post-tax-term\">caixa econ\u00f4mica federal<\/span>","<span class=\"advgb-post-tax-term\">C\u00e2mara dos Deputados<\/span>","<span class=\"advgb-post-tax-term\">Fiagros<\/span>","<span class=\"advgb-post-tax-term\">Fundos de Investimento<\/span>","<span class=\"advgb-post-tax-term\">Fundos Exclusivos<\/span>","<span class=\"advgb-post-tax-term\">Fundos Imobili\u00e1rios<\/span>","<span class=\"advgb-post-tax-term\">Fundos Offshore<\/span>","<span class=\"advgb-post-tax-term\">G1<\/span>","<span class=\"advgb-post-tax-term\">Imposto de Renda<\/span>","<span class=\"advgb-post-tax-term\">Minhas Finan\u00e7as<\/span>","<span class=\"advgb-post-tax-term\">Onde Investir<\/span>","<span class=\"advgb-post-tax-term\">POLITICA<\/span>"]},"tags":{"linked":["<a href=\"https:\/\/sindaopcpb.org.br\/politica\/\" class=\"advgb-post-tax-term\">g1<\/a>"],"unlinked":["<span class=\"advgb-post-tax-term\">g1<\/span>"]}},"comment_count":"0","relative_dates":{"created":"Publicado 3 anos atr\u00e1s","modified":"Atualizado 3 anos atr\u00e1s"},"absolute_dates":{"created":"Publicado em 25 de outubro de 2023","modified":"Atualizado em 25 de outubro de 2023"},"absolute_dates_time":{"created":"Publicado em 25 de outubro de 2023 16:16","modified":"Atualizado em 25 de outubro de 2023 16:16"},"featured_img_caption":"","series_order":"","_links":{"self":[{"href":"https:\/\/sindaopcpb.org.br\/index.php\/wp-json\/wp\/v2\/posts\/40386","targetHints":{"allow":["GET"]}}],"collection":[{"href":"https:\/\/sindaopcpb.org.br\/index.php\/wp-json\/wp\/v2\/posts"}],"about":[{"href":"https:\/\/sindaopcpb.org.br\/index.php\/wp-json\/wp\/v2\/types\/post"}],"author":[{"embeddable":true,"href":"https:\/\/sindaopcpb.org.br\/index.php\/wp-json\/wp\/v2\/users\/43"}],"replies":[{"embeddable":true,"href":"https:\/\/sindaopcpb.org.br\/index.php\/wp-json\/wp\/v2\/comments?post=40386"}],"version-history":[{"count":2,"href":"https:\/\/sindaopcpb.org.br\/index.php\/wp-json\/wp\/v2\/posts\/40386\/revisions"}],"predecessor-version":[{"id":40407,"href":"https:\/\/sindaopcpb.org.br\/index.php\/wp-json\/wp\/v2\/posts\/40386\/revisions\/40407"}],"wp:attachment":[{"href":"https:\/\/sindaopcpb.org.br\/index.php\/wp-json\/wp\/v2\/media?parent=40386"}],"wp:term":[{"taxonomy":"category","embeddable":true,"href":"https:\/\/sindaopcpb.org.br\/index.php\/wp-json\/wp\/v2\/categories?post=40386"},{"taxonomy":"post_tag","embeddable":true,"href":"https:\/\/sindaopcpb.org.br\/index.php\/wp-json\/wp\/v2\/tags?post=40386"}],"curies":[{"name":"wp","href":"https:\/\/api.w.org\/{rel}","templated":true}]}}