{"id":40375,"date":"2023-10-25T17:16:16","date_gmt":"2023-10-25T20:16:16","guid":{"rendered":"https:\/\/wpa.wscom.com.br\/?p=929662"},"modified":"2023-10-25T17:16:16","modified_gmt":"2023-10-25T20:16:16","slug":"governo-da-paraiba-comemora-dia-do-servidor-com-programacao-no-centro-administrativo","status":"publish","type":"post","link":"https:\/\/sindaopcpb.org.br\/index.php\/2023\/10\/25\/governo-da-paraiba-comemora-dia-do-servidor-com-programacao-no-centro-administrativo\/","title":{"rendered":"Governo da Para\u00edba comemora Dia do Servidor com programa\u00e7\u00e3o no Centro Administrativo"},"content":{"rendered":"<p>O Governo da Para\u00edba, por meio da Secretaria de Estado da Administra\u00e7\u00e3o, realiza, nesta quinta (26) e sexta-feira (27), uma programa\u00e7\u00e3o especial em comemora\u00e7\u00e3o ao Dia do Servidor P\u00fablico, que \u00e9 celebrado oficialmente no dia 28 deste m\u00eas. O evento ser\u00e1 realizado no p\u00e1tio do Centro Administrativo Estadual.<\/p>\n<p>Na programa\u00e7\u00e3o haver\u00e1 apresenta\u00e7\u00e3o da banda do Corpo de Bombeiros Militar da Para\u00edba, do Coral Vozes da Liberdade, da Secretaria de Administra\u00e7\u00e3o Penitenci\u00e1ria (composto por 25 reeducandos) e do Projeto Prima, da Secretaria de Estado da Educa\u00e7\u00e3o.<\/p>\n<p>Este ano tamb\u00e9m haver\u00e1 um estande com exposi\u00e7\u00e3o de obras liter\u00e1rias escritas por servidores e v\u00e1rias atividades de bem-estar voltadas para os servidores, como corte de cabelo, designer de sobrancelhas e atendimento odontol\u00f3gico.<\/p>\n<p>Outras atividades que ser\u00e3o oferecidas aos servidores durante os dois dias de evento s\u00e3o:<\/p>\n<p>\u2022 Emiss\u00e3o de carteira de identidade (PCPB);<br \/>\n\u2022 Doa\u00e7\u00e3o de sangue (Hemocentro\/Ses);<br \/>\n\u2022 Vacina\u00e7\u00e3o e aferi\u00e7\u00e3o de press\u00e3o e glicemia (Ses);<br \/>\n\u2022 Pr\u00e1ticas integrativas (Juliano Moreira\/Ses);<br \/>\n\u2022 Gabinete odontol\u00f3gico (CBMP);<br \/>\n\u2022 Bioimped\u00e2ncia (CBMP);<br \/>\n\u2022 Corte de cabelo masculino (Senac)<br \/>\n\u2022 Design de sobrancelhas (Senac);<br \/>\n\u2022 Corte de cabelo para doa\u00e7\u00e3o e arrecada\u00e7\u00e3o de alimentos (Rede Feminina de Combate ao C\u00e2ncer de mama)<br \/>\n\u2022 Exposi\u00e7\u00e3o de fotografias (Secult);<br \/>\n\u2022 Feira de artesanato (Seap);<br \/>\n\u2022 Exposi\u00e7\u00e3o de Livros (Seap);<br \/>\n\u2022 Exposi\u00e7\u00e3o da Editora Uni\u00e3o (EPC);<br \/>\n\u2022 Gin\u00e1stica Laboral (Espep).<\/p>\n<p>O post <a rel=\"nofollow noopener\" href=\"https:\/\/wscom.com.br\/governo-da-paraiba-comemora-dia-do-servidor-com-programacao-no-centro-administrativo\/\" target=\"_blank\">Governo da Para\u00edba comemora Dia do Servidor com programa\u00e7\u00e3o no Centro Administrativo<\/a> apareceu primeiro em <a rel=\"nofollow noopener\" href=\"https:\/\/wscom.com.br\/\" target=\"_blank\">WSCOM<\/a>.<\/p>\n","protected":false},"excerpt":{"rendered":"<p>O Governo da Para\u00edba, por meio da Secretaria de Estado da Administra\u00e7\u00e3o, realiza, nesta quinta (26) e sexta-feira (27), uma programa\u00e7\u00e3o especial em comemora\u00e7\u00e3o ao Dia do Servidor P\u00fablico, que \u00e9 celebrado oficialmente no dia 28 deste m\u00eas. O evento ser\u00e1 realizado no p\u00e1tio do Centro Administrativo Estadual. Na programa\u00e7\u00e3o haver\u00e1 apresenta\u00e7\u00e3o da banda do [\u2026]<\/p>\n<p>O post <a rel=\"nofollow\" href=\"https:\/\/wscom.com.br\/governo-da-paraiba-comemora-dia-do-servidor-com-programacao-no-centro-administrativo\/\">Governo da Para\u00edba comemora Dia do Servidor com programa\u00e7\u00e3o no Centro Administrativo<\/a> apareceu primeiro em <a rel=\"nofollow\" href=\"https:\/\/wscom.com.br\/\">WSCOM<\/a>.<\/p>\n","protected":false},"author":49,"featured_media":0,"comment_status":"closed","ping_status":"closed","sticky":false,"template":"","format":"standard","meta":{"advgb_blocks_editor_width":"","advgb_blocks_columns_visual_guide":"","footnotes":""},"categories":[10514,10418,34,2279,54],"tags":[35],"class_list":["post-40375","post","type-post","status-publish","format-standard","hentry","category-centro-administrativo","category-dia-do-servidor","category-g1","category-governo-da-paraiba","category-paraiba","tag-g1"],"author_meta":{"display_name":"Cristiane Cavalcante","author_link":"https:\/\/sindaopcpb.org.br\/author\/cristiane-cavalcante\/"},"featured_img":null,"coauthors":[],"tax_additional":{"categories":{"linked":["<a href=\"https:\/\/sindaopcpb.org.br\/centro-administrativo\/\" class=\"advgb-post-tax-term\">Centro Administrativo<\/a>","<a href=\"https:\/\/sindaopcpb.org.br\/dia-do-servidor\/\" class=\"advgb-post-tax-term\">Dia do Servidor<\/a>","<a href=\"https:\/\/sindaopcpb.org.br\/g1\/\" class=\"advgb-post-tax-term\">G1<\/a>","<a href=\"https:\/\/sindaopcpb.org.br\/governo-da-paraiba\/\" class=\"advgb-post-tax-term\">governo da para\u00edba<\/a>","<a href=\"https:\/\/sindaopcpb.org.br\/paraiba\/\" class=\"advgb-post-tax-term\">Para\u00edba<\/a>"],"unlinked":["<span class=\"advgb-post-tax-term\">Centro Administrativo<\/span>","<span class=\"advgb-post-tax-term\">Dia do Servidor<\/span>","<span class=\"advgb-post-tax-term\">G1<\/span>","<span class=\"advgb-post-tax-term\">governo da para\u00edba<\/span>","<span class=\"advgb-post-tax-term\">Para\u00edba<\/span>"]},"tags":{"linked":["<a href=\"https:\/\/sindaopcpb.org.br\/paraiba\/\" class=\"advgb-post-tax-term\">g1<\/a>"],"unlinked":["<span class=\"advgb-post-tax-term\">g1<\/span>"]}},"comment_count":"0","relative_dates":{"created":"Publicado 3 anos atr\u00e1s","modified":"Atualizado 3 anos atr\u00e1s"},"absolute_dates":{"created":"Publicado em 25 de outubro de 2023","modified":"Atualizado em 25 de outubro de 2023"},"absolute_dates_time":{"created":"Publicado em 25 de outubro de 2023 17:16","modified":"Atualizado em 25 de outubro de 2023 17:16"},"featured_img_caption":"","series_order":"","_links":{"self":[{"href":"https:\/\/sindaopcpb.org.br\/index.php\/wp-json\/wp\/v2\/posts\/40375","targetHints":{"allow":["GET"]}}],"collection":[{"href":"https:\/\/sindaopcpb.org.br\/index.php\/wp-json\/wp\/v2\/posts"}],"about":[{"href":"https:\/\/sindaopcpb.org.br\/index.php\/wp-json\/wp\/v2\/types\/post"}],"author":[{"embeddable":true,"href":"https:\/\/sindaopcpb.org.br\/index.php\/wp-json\/wp\/v2\/users\/49"}],"replies":[{"embeddable":true,"href":"https:\/\/sindaopcpb.org.br\/index.php\/wp-json\/wp\/v2\/comments?post=40375"}],"version-history":[{"count":1,"href":"https:\/\/sindaopcpb.org.br\/index.php\/wp-json\/wp\/v2\/posts\/40375\/revisions"}],"predecessor-version":[{"id":40376,"href":"https:\/\/sindaopcpb.org.br\/index.php\/wp-json\/wp\/v2\/posts\/40375\/revisions\/40376"}],"wp:attachment":[{"href":"https:\/\/sindaopcpb.org.br\/index.php\/wp-json\/wp\/v2\/media?parent=40375"}],"wp:term":[{"taxonomy":"category","embeddable":true,"href":"https:\/\/sindaopcpb.org.br\/index.php\/wp-json\/wp\/v2\/categories?post=40375"},{"taxonomy":"post_tag","embeddable":true,"href":"https:\/\/sindaopcpb.org.br\/index.php\/wp-json\/wp\/v2\/tags?post=40375"}],"curies":[{"name":"wp","href":"https:\/\/api.w.org\/{rel}","templated":true}]}}