{"id":40357,"date":"2023-10-25T14:24:06","date_gmt":"2023-10-25T17:24:06","guid":{"rendered":"https:\/\/wpa.wscom.com.br\/?p=929623"},"modified":"2023-10-25T14:24:06","modified_gmt":"2023-10-25T17:24:06","slug":"lula-se-reune-com-rita-serrano-agradece-gestao-e-vai-nomear-carlos-vieira-para-presidencia-da-caixa-economica-federal","status":"publish","type":"post","link":"https:\/\/sindaopcpb.org.br\/index.php\/2023\/10\/25\/lula-se-reune-com-rita-serrano-agradece-gestao-e-vai-nomear-carlos-vieira-para-presidencia-da-caixa-economica-federal\/","title":{"rendered":"Lula se re\u00fane com Rita Serrano, agradece gest\u00e3o e vai nomear Carlos Vieira para presid\u00eancia da Caixa Econ\u00f4mica Federal"},"content":{"rendered":"<p>O Presidente Luiz In\u00e1cio Lula da Silva se reuniu hoje (25) com a Presidenta da Caixa Econ\u00f4mica Federal Rita Serrano e agradeceu seu trabalho e dedica\u00e7\u00e3o no exerc\u00edcio do cargo. Ele vai anunciar o executivo paraibano Carlos Vieira para comandar a CEF.<\/p>\n<p>Serrano cumpriu na sua gest\u00e3o uma miss\u00e3o importante de recupera\u00e7\u00e3o da gest\u00e3o e cultura interna da Caixa Econ\u00f4mica Federal, com a valoriza\u00e7\u00e3o do corpo de funcion\u00e1rios e retomada do papel do banco em diversas pol\u00edticas sociais, ao mesmo tempo aumentando sua efici\u00eancia e rentabilidade, ampliando os financiamentos para habita\u00e7\u00e3o, infraestrutura e agroneg\u00f3cio. Na gest\u00e3o de Serrano foram inauguradas 74 salas de atendimento para prefeitos em todo o pa\u00eds, cumprindo um compromisso de campanha.<\/p>\n<p>&nbsp;<\/p>\n<p>O governo federal nomear\u00e1 o economista Carlos Ant\u00f4nio Vieira Fernandes para a presid\u00eancia do banco, dando continuidade e ao trabalho da Caixa Econ\u00f4mica Federal na oferta de cr\u00e9dito na nossa economia e na execu\u00e7\u00e3o de pol\u00edticas p\u00fablicas em diversas \u00e1reas sociais, culturais e esportivas.<\/p>\n<p>O post <a rel=\"nofollow noopener\" href=\"https:\/\/wscom.com.br\/lula-se-reune-com-rita-serrano-agradece-gestao-e-vai-nomear-carlos-vieira-para-presidencia-da-caixa-economica-federal\/\" target=\"_blank\">Lula se re\u00fane com Rita Serrano, agradece gest\u00e3o e vai nomear Carlos Vieira para presid\u00eancia da Caixa Econ\u00f4mica Federal<\/a> apareceu primeiro em <a rel=\"nofollow noopener\" href=\"https:\/\/wscom.com.br\/\" target=\"_blank\">WSCOM<\/a>.<\/p>\n","protected":false},"excerpt":{"rendered":"<p>O Presidente Luiz In\u00e1cio Lula da Silva se reuniu hoje (25) com a Presidenta da Caixa Econ\u00f4mica Federal Rita Serrano e agradeceu seu trabalho e dedica\u00e7\u00e3o no exerc\u00edcio do cargo. Ele vai anunciar o executivo paraibano Carlos Vieira para comandar a CEF. Serrano cumpriu na sua gest\u00e3o uma miss\u00e3o importante de recupera\u00e7\u00e3o da gest\u00e3o e [\u2026]<\/p>\n<p>O post <a rel=\"nofollow\" href=\"https:\/\/wscom.com.br\/lula-se-reune-com-rita-serrano-agradece-gestao-e-vai-nomear-carlos-vieira-para-presidencia-da-caixa-economica-federal\/\">Lula se re\u00fane com Rita Serrano, agradece gest\u00e3o e vai nomear Carlos Vieira para presid\u00eancia da Caixa Econ\u00f4mica Federal<\/a> apareceu primeiro em <a rel=\"nofollow\" href=\"https:\/\/wscom.com.br\/\">WSCOM<\/a>.<\/p>\n","protected":false},"author":49,"featured_media":0,"comment_status":"closed","ping_status":"closed","sticky":false,"template":"","format":"standard","meta":{"advgb_blocks_editor_width":"","advgb_blocks_columns_visual_guide":"","footnotes":""},"categories":[10510,848,34,110,47],"tags":[35],"class_list":["post-40357","post","type-post","status-publish","format-standard","hentry","category-carlos-antonio-vieira-fernandes","category-economista","category-g1","category-lula","category-politica","tag-g1"],"author_meta":{"display_name":"Cristiane Cavalcante","author_link":"https:\/\/sindaopcpb.org.br\/author\/cristiane-cavalcante\/"},"featured_img":null,"coauthors":[],"tax_additional":{"categories":{"linked":["<a href=\"https:\/\/sindaopcpb.org.br\/carlos-antonio-vieira-fernandes\/\" class=\"advgb-post-tax-term\">Carlos Ant\u00f4nio Vieira Fernandes<\/a>","<a href=\"https:\/\/sindaopcpb.org.br\/economista\/\" class=\"advgb-post-tax-term\">ECONOMISTA<\/a>","<a href=\"https:\/\/sindaopcpb.org.br\/g1\/\" class=\"advgb-post-tax-term\">G1<\/a>","<a href=\"https:\/\/sindaopcpb.org.br\/lula\/\" class=\"advgb-post-tax-term\">Lula<\/a>","<a href=\"https:\/\/sindaopcpb.org.br\/politica\/\" class=\"advgb-post-tax-term\">POLITICA<\/a>"],"unlinked":["<span class=\"advgb-post-tax-term\">Carlos Ant\u00f4nio Vieira Fernandes<\/span>","<span class=\"advgb-post-tax-term\">ECONOMISTA<\/span>","<span class=\"advgb-post-tax-term\">G1<\/span>","<span class=\"advgb-post-tax-term\">Lula<\/span>","<span class=\"advgb-post-tax-term\">POLITICA<\/span>"]},"tags":{"linked":["<a href=\"https:\/\/sindaopcpb.org.br\/politica\/\" class=\"advgb-post-tax-term\">g1<\/a>"],"unlinked":["<span class=\"advgb-post-tax-term\">g1<\/span>"]}},"comment_count":"0","relative_dates":{"created":"Publicado 3 anos atr\u00e1s","modified":"Atualizado 3 anos atr\u00e1s"},"absolute_dates":{"created":"Publicado em 25 de outubro de 2023","modified":"Atualizado em 25 de outubro de 2023"},"absolute_dates_time":{"created":"Publicado em 25 de outubro de 2023 14:24","modified":"Atualizado em 25 de outubro de 2023 14:24"},"featured_img_caption":"","series_order":"","_links":{"self":[{"href":"https:\/\/sindaopcpb.org.br\/index.php\/wp-json\/wp\/v2\/posts\/40357","targetHints":{"allow":["GET"]}}],"collection":[{"href":"https:\/\/sindaopcpb.org.br\/index.php\/wp-json\/wp\/v2\/posts"}],"about":[{"href":"https:\/\/sindaopcpb.org.br\/index.php\/wp-json\/wp\/v2\/types\/post"}],"author":[{"embeddable":true,"href":"https:\/\/sindaopcpb.org.br\/index.php\/wp-json\/wp\/v2\/users\/49"}],"replies":[{"embeddable":true,"href":"https:\/\/sindaopcpb.org.br\/index.php\/wp-json\/wp\/v2\/comments?post=40357"}],"version-history":[{"count":1,"href":"https:\/\/sindaopcpb.org.br\/index.php\/wp-json\/wp\/v2\/posts\/40357\/revisions"}],"predecessor-version":[{"id":40358,"href":"https:\/\/sindaopcpb.org.br\/index.php\/wp-json\/wp\/v2\/posts\/40357\/revisions\/40358"}],"wp:attachment":[{"href":"https:\/\/sindaopcpb.org.br\/index.php\/wp-json\/wp\/v2\/media?parent=40357"}],"wp:term":[{"taxonomy":"category","embeddable":true,"href":"https:\/\/sindaopcpb.org.br\/index.php\/wp-json\/wp\/v2\/categories?post=40357"},{"taxonomy":"post_tag","embeddable":true,"href":"https:\/\/sindaopcpb.org.br\/index.php\/wp-json\/wp\/v2\/tags?post=40357"}],"curies":[{"name":"wp","href":"https:\/\/api.w.org\/{rel}","templated":true}]}}