{"id":40336,"date":"2023-10-25T12:11:45","date_gmt":"2023-10-25T15:11:45","guid":{"rendered":"https:\/\/www.infomoney.com.br\/?p=2277841"},"modified":"2023-10-25T12:11:45","modified_gmt":"2023-10-25T15:11:45","slug":"comissao-do-senado-aprova-prorrogacao-de-beneficios-nas-areas-da-sudam-e-da-sudene","status":"publish","type":"post","link":"https:\/\/sindaopcpb.org.br\/index.php\/2023\/10\/25\/comissao-do-senado-aprova-prorrogacao-de-beneficios-nas-areas-da-sudam-e-da-sudene\/","title":{"rendered":"Comiss\u00e3o do Senado aprova prorroga\u00e7\u00e3o de benef\u00edcios nas \u00e1reas da Sudam e da Sudene"},"content":{"rendered":"<p><img loading=\"lazy\" width=\"300\" height=\"199\" src=\"https:\/\/www.infomoney.com.br\/wp-content\/uploads\/2023\/10\/cdi-gomes.jpg?fit=300%2C199&amp;quality=70&amp;strip=all\" class=\"attachment-medium size-medium wp-post-image\" alt=\"\" decoding=\"async\" style=\"float:right; margin:0 0 10px 10px;\" srcset=\"https:\/\/www.infomoney.com.br\/wp-content\/uploads\/2023\/10\/cdi-gomes.jpg?w=860&amp;quality=70&amp;strip=all 860w, https:\/\/www.infomoney.com.br\/wp-content\/uploads\/2023\/10\/cdi-gomes.jpg?w=300&amp;quality=70&amp;strip=all 300w, https:\/\/www.infomoney.com.br\/wp-content\/uploads\/2023\/10\/cdi-gomes.jpg?w=768&amp;quality=70&amp;strip=all 768w, https:\/\/www.infomoney.com.br\/wp-content\/uploads\/2023\/10\/cdi-gomes.jpg?w=150&amp;quality=70&amp;strip=all 150w\" sizes=\"auto, (max-width: 300px) 100vw, 300px\" data-attachment-id=\"2277846\" data-permalink=\"https:\/\/www.infomoney.com.br\/politica\/comissao-do-seando-aprova-prorrogacao-de-beneficios-nas-areas-da-sudam-e-da-sudene\/attachment\/cdi-gomes\/\" data-orig-file=\"https:\/\/www.infomoney.com.br\/wp-content\/uploads\/2023\/10\/cdi-gomes.jpg?fit=860%2C570&amp;quality=70&amp;strip=all\" data-orig-size=\"860,570\" data-comments-opened=\"0\" data-image-meta=\"{&quot;aperture&quot;:&quot;0&quot;,&quot;credit&quot;:&quot;&quot;,&quot;camera&quot;:&quot;&quot;,&quot;caption&quot;:&quot;&quot;,&quot;created_timestamp&quot;:&quot;0&quot;,&quot;copyright&quot;:&quot;&quot;,&quot;focal_length&quot;:&quot;0&quot;,&quot;iso&quot;:&quot;0&quot;,&quot;shutter_speed&quot;:&quot;0&quot;,&quot;title&quot;:&quot;&quot;,&quot;orientation&quot;:&quot;0&quot;}\" data-image-title=\"Senador Cid Gomes\" data-image-description=\"\" data-image-caption=\"&lt;p&gt;O senador Cid Gomes (PDT-CE), relator na Comiss\u00e3o de Desenvolvimento Regional (CDR) do Projeto de Lei 2.006\/2023, que prorroga os incentivos fiscais para empresas nas \u00e1reas de atua\u00e7\u00e3o das Superintend\u00eancias de Desenvolvimento da Amaz\u00f4nia (Sudam) e do Nordeste (Sudene) at\u00e9 2028 (Foto: Ag\u00eancia Senado)&lt;\/p&gt;\n\" data-medium-file=\"https:\/\/www.infomoney.com.br\/wp-content\/uploads\/2023\/10\/cdi-gomes.jpg?fit=300%2C199&amp;quality=70&amp;strip=all\" data-large-file=\"https:\/\/www.infomoney.com.br\/wp-content\/uploads\/2023\/10\/cdi-gomes.jpg?fit=860%2C570&amp;quality=70&amp;strip=all\" title=\"\"><\/p>\n<p>A Comiss&atilde;o de Desenvolvimento Regional (CDR) aprovou na ter&ccedil;a-feira (24) projeto que prorroga at&eacute; 2028 os incentivos fiscais para empresas nas &aacute;reas de atua&ccedil;&atilde;o das Superintend&ecirc;ncias de Desenvolvimento da Amaz&ocirc;nia (Sudam) e do Nordeste (Sudene) e altera os crit&eacute;rios para que projetos possam ser beneficiados.<\/p>\n<p>Apresentado pelo senador Beto Faro (PT-PA) e relatado pelo senador Cid Gomes (PDT-CE), o Projeto de Lei 2.006\/2023 agora ser&aacute; encaminhado &agrave; Comiss&atilde;o de Assuntos Econ&ocirc;micos (CAE). O texto aprovado altera a Medida Provis&oacute;ria 2.199-14, em vigor desde 2001, que prev&ecirc; incentivos at&eacute; o fim deste ano. Esse prazo j&aacute; foi postergado outras vezes pelo Congresso Nacional &mdash; a &uacute;ltima em 2018, pela Lei 13.799\/2019.<\/p>\n<p>A lei garante &agrave;s empresas beneficiadas a redu&ccedil;&atilde;o de 75% no Imposto de Renda (IR) e adicionais calculados com base no lucro da explora&ccedil;&atilde;o, al&eacute;m da possibilidade da reten&ccedil;&atilde;o de 30% do IR devido como dep&oacute;sito para reinvestimento.<\/p>\n<p>O texto aprovado na comiss&atilde;o prev&ecirc; que os benef&iacute;cios podem ser obtidos por empresas que apresentem projetos de instala&ccedil;&atilde;o, amplia&ccedil;&atilde;o, moderniza&ccedil;&atilde;o ou diversifica&ccedil;&atilde;o de seus empreendimentos e desenvolvam atividades econ&ocirc;micas compat&iacute;veis com o enfrentamento da pobreza e da concentra&ccedil;&atilde;o fundi&aacute;ria, com a transi&ccedil;&atilde;o para a economia de baixo carbono, a valoriza&ccedil;&atilde;o da biodiversidade e em linha com os compromissos do Brasil no Acordo do Clima da ONU.<\/p>\n<p>Essa &eacute; uma novidade em rela&ccedil;&atilde;o &agrave; legisla&ccedil;&atilde;o atual, que apenas menciona que os projetos devem pertencer a &ldquo;setores da economia considerados priorit&aacute;rios para o desenvolvimento regional&rdquo;.<\/p>\n<h2>Distor&ccedil;&atilde;o na lei<\/h2>\n<p>Beto Faro afirma, na justificativa do projeto, que &eacute; essencial manter os benef&iacute;cios fiscais para o Nordeste e a Amaz&ocirc;nia, mas observa que a reda&ccedil;&atilde;o atual da lei permite que tais benef&iacute;cios sejam aplicados &ldquo;a rigorosamente tudo&rdquo;. Por isso, o projeto &ldquo;procura corrigir tal distor&ccedil;&atilde;o para tornar eleg&iacute;veis aos incentivos as atividades (n&atilde;o setores) com atributos compat&iacute;veis com uma perspectiva contempor&acirc;nea de desenvolvimento&rdquo;.<\/p>\n<p>Ao analisar a proposta, Cid Gomes apontou que a prorroga&ccedil;&atilde;o do prazo para concess&atilde;o dos benef&iacute;cios &eacute; desej&aacute;vel, pois resultados significativos foram alcan&ccedil;ados at&eacute; agora. &ldquo;De acordo com dados da Sudam e da Sudene, em 2022 foram investidos cerca de R$ 18 bilh&otilde;es pelas empresas com projetos aprovados, as quais s&atilde;o respons&aacute;veis pela manuten&ccedil;&atilde;o de quase 140 mil empregos, entre antigos e novos postos de trabalho&rdquo;.<\/p>\n<p>O relator afirma ainda que, &ldquo;segundo a pr&oacute;pria Sudene, para cada R$ 1 de ren&uacute;ncia, s&atilde;o contabilizados R$ 8,15 em investimentos&rdquo;. Ele apresentou s&oacute; uma emenda ao texto, acolhendo sugest&atilde;o do senador Zequinha Marinho (Podemos-PA), para explicitar que a aprova&ccedil;&atilde;o de projetos deve necessariamente atender aos novos crit&eacute;rios previstos, como o alinhamento ao combate &agrave; pobreza e &agrave; valoriza&ccedil;&atilde;o da biodiversidade.<\/p>\n<p>A &aacute;rea de atua&ccedil;&atilde;o da Sudam engloba toda a Amaz&ocirc;nia Legal (os estados do Acre, Amap&aacute;, Amazonas, Mato Grosso, Par&aacute;, Rond&ocirc;nia, Roraima, Tocantins e parte do Maranh&atilde;o). J&aacute; a Sudene abarca toda a Regi&atilde;o Nordeste, al&eacute;m de 249 munic&iacute;pios de Minas Gerais e 31 do Esp&iacute;rito Santo.<\/p>\n<\/p>\n<div class=\"cta-end\">\n<div class=\"im-cta\" >\n<div class=\"im-shortcode-forms bg-light bg-opacity-25 border rounded-4 p-3 p-sm-4 p-md-3 p-lg-4 px-xxl-5 my-5\" data-configuration='{\"form_name\":false,\"form_hat\":\"Newsletter\",\"form_email\":true,\"form_icon\":\"newsletter\",\"form_phone\":false,\"form_campaign\":\"NIM\",\"form_thankyou\":\"\",\"form_journey\":\"APIEvent-26a5198d-8e09-06ef-5f80-cd9127757ad1\",\"form_button\":\"Quero receber\",\"form_context\":\"newsletter\",\"form_origin\":\"https:\\\/\\\/www.infomoney.com.br\\\/politica\\\/feed\\\/?utm_medium=materia&#038;utm_source=infomoney&#038;utm_campaign=NIM&#038;utm_term=politica&#038;utm_content=newsletter\",\"form_position\":\"final\",\"form_category\":\"cta_form\"}'>\n<div class=\"d-flex flex-column align-items-center align-items-lg-start mb-4 flex-lg-row\">\n<div class=\"rounded-circle mb-2 mb-lg-0 mr-lg-4 me-lg-4 p-3 p-lg-4 bg-blue-400\"><svg width=\"40\" height=\"40\" viewBox=\"0 0 40 40\" fill=\"none\" xmlns=\"http:\/\/www.w3.org\/2000\/svg\"><path d=\"M20 20.25 6.042 11.042v19.041c0 .167.048.299.146.396a.535.535 0 0 0 .395.146h15.792V32.5H6.583a2.328 2.328 0 0 1-1.708-.708 2.328 2.328 0 0 1-.708-1.709V9.917c0-.667.236-1.236.708-1.709A2.328 2.328 0 0 1 6.583 7.5h26.834c.666 0 1.236.236 1.708.708a2.33 2.33 0 0 1 .708 1.709v12.458h-1.875V11.042L20 20.25Zm0-2 13.667-8.875H6.333L20 18.25Zm11.75 18.958-1.292-1.333 3.334-3.375h-9v-1.875h9l-3.375-3.417 1.333-1.291 5.667 5.625-5.667 5.666ZM6.042 11.042v20.791-9.458.25-13.25 1.667Z\" fill=\"#fff\"\/><\/svg><\/div>\n<div class=\"flex-fill text-center text-lg-left\">\n<div class=\"h6 small text-orange-700 lh-base mb-1\">Newsletter<\/div>\n<div class=\"text-body h4 m-0\">Infomorning<\/div>\n<div class=\"text-body small lh-base mt-2\">Receba no seu e-mail logo pela manh&atilde; as not&iacute;cias que v&atilde;o mexer com os mercados, com os seus investimentos e o seu bolso durante o dia<\/div>\n<\/div>\n<\/div>\n<\/div>\n<\/div>\n<\/div>\n<p>The post <a rel=\"nofollow noopener\" href=\"https:\/\/www.infomoney.com.br\/politica\/comissao-do-seando-aprova-prorrogacao-de-beneficios-nas-areas-da-sudam-e-da-sudene\/\" target=\"_blank\">Comiss\u00e3o do Senado aprova prorroga\u00e7\u00e3o de benef\u00edcios nas \u00e1reas da Sudam e da Sudene<\/a> appeared first on <a rel=\"nofollow noopener\" href=\"https:\/\/www.infomoney.com.br\/\" target=\"_blank\">InfoMoney<\/a>.<\/p>\n","protected":false},"excerpt":{"rendered":"<p><img loading=\"lazy\" decoding=\"async\" width=\"300\" height=\"199\" src=\"https:\/\/www.infomoney.com.br\/wp-content\/uploads\/2023\/10\/cdi-gomes.jpg?fit=300%2C199&amp;quality=70&amp;strip=all\" class=\"attachment-medium size-medium wp-post-image\" alt=\"\" data-attachment-id=\"2277846\" data-permalink=\"https:\/\/www.infomoney.com.br\/politica\/comissao-do-seando-aprova-prorrogacao-de-beneficios-nas-areas-da-sudam-e-da-sudene\/attachment\/cdi-gomes\/\" data-orig-file=\"https:\/\/www.infomoney.com.br\/wp-content\/uploads\/2023\/10\/cdi-gomes.jpg?fit=860%2C570&amp;quality=70&amp;strip=all\" data-orig-size=\"860,570\" data-comments-opened=\"0\" data-image-meta='{\"aperture\":\"0\",\"credit\":\"\",\"camera\":\"\",\"caption\":\"\",\"created_timestamp\":\"0\",\"copyright\":\"\",\"focal_length\":\"0\",\"iso\":\"0\",\"shutter_speed\":\"0\",\"title\":\"\",\"orientation\":\"0\"}' data-image-title=\"Senador Cid Gomes\" data-image-description=\"\" data-image-caption=\"&lt;p&gt;O senador Cid Gomes (PDT-CE), relator na Comiss\u00e3o de Desenvolvimento Regional (CDR) do Projeto de Lei 2.006\/2023, que prorroga os incentivos fiscais para empresas nas \u00e1reas de atua\u00e7\u00e3o das Superintend\u00eancias de Desenvolvimento da Amaz\u00f4nia (Sudam) e do Nordeste (Sudene) at\u00e9 2028 (Foto: Ag\u00eancia Senado)&lt;\/p&gt;\n\" data-medium-file=\"https:\/\/www.infomoney.com.br\/wp-content\/uploads\/2023\/10\/cdi-gomes.jpg?fit=300%2C199&amp;quality=70&amp;strip=all\" data-large-file=\"https:\/\/www.infomoney.com.br\/wp-content\/uploads\/2023\/10\/cdi-gomes.jpg?fit=860%2C570&amp;quality=70&amp;strip=all\">Projeto altera os crit\u00e9rios para que projetos possam ser beneficiados e agora ser\u00e1 encaminhado a outra comiss\u00e3o da Casa; veja o que pode mudar<\/p>\n<p>The post <a rel=\"nofollow\" href=\"https:\/\/www.infomoney.com.br\/politica\/comissao-do-seando-aprova-prorrogacao-de-beneficios-nas-areas-da-sudam-e-da-sudene\/\">Comiss\u00e3o do Senado aprova prorroga\u00e7\u00e3o de benef\u00edcios nas \u00e1reas da Sudam e da Sudene<\/a> appeared first on <a rel=\"nofollow\" href=\"https:\/\/www.infomoney.com.br\/\">InfoMoney<\/a>.<\/p>\n","protected":false},"author":53,"featured_media":0,"comment_status":"closed","ping_status":"closed","sticky":false,"template":"","format":"standard","meta":{"advgb_blocks_editor_width":"","advgb_blocks_columns_visual_guide":"","footnotes":""},"categories":[644,34,1053,197,47,403,10509,3501],"tags":[35],"class_list":["post-40336","post","type-post","status-publish","format-standard","hentry","category-amazonia","category-g1","category-imposto-de-renda","category-nordeste","category-politica","category-senado","category-sudam","category-sudene","tag-g1"],"author_meta":{"display_name":"Lucas Sampaio","author_link":"https:\/\/sindaopcpb.org.br\/author\/lucas-sampaio\/"},"featured_img":null,"coauthors":[],"tax_additional":{"categories":{"linked":["<a href=\"https:\/\/sindaopcpb.org.br\/amazonia\/\" class=\"advgb-post-tax-term\">Amaz\u00f4nia<\/a>","<a href=\"https:\/\/sindaopcpb.org.br\/g1\/\" class=\"advgb-post-tax-term\">G1<\/a>","<a href=\"https:\/\/sindaopcpb.org.br\/imposto-de-renda\/\" class=\"advgb-post-tax-term\">Imposto de Renda<\/a>","<a href=\"https:\/\/sindaopcpb.org.br\/nordeste\/\" class=\"advgb-post-tax-term\">Nordeste<\/a>","<a href=\"https:\/\/sindaopcpb.org.br\/politica\/\" class=\"advgb-post-tax-term\">POLITICA<\/a>","<a href=\"https:\/\/sindaopcpb.org.br\/senado\/\" class=\"advgb-post-tax-term\">Senado<\/a>","<a href=\"https:\/\/sindaopcpb.org.br\/sudam\/\" class=\"advgb-post-tax-term\">Sudam<\/a>","<a href=\"https:\/\/sindaopcpb.org.br\/sudene\/\" class=\"advgb-post-tax-term\">Sudene<\/a>"],"unlinked":["<span class=\"advgb-post-tax-term\">Amaz\u00f4nia<\/span>","<span class=\"advgb-post-tax-term\">G1<\/span>","<span class=\"advgb-post-tax-term\">Imposto de Renda<\/span>","<span class=\"advgb-post-tax-term\">Nordeste<\/span>","<span class=\"advgb-post-tax-term\">POLITICA<\/span>","<span class=\"advgb-post-tax-term\">Senado<\/span>","<span class=\"advgb-post-tax-term\">Sudam<\/span>","<span class=\"advgb-post-tax-term\">Sudene<\/span>"]},"tags":{"linked":["<a href=\"https:\/\/sindaopcpb.org.br\/sudene\/\" class=\"advgb-post-tax-term\">g1<\/a>"],"unlinked":["<span class=\"advgb-post-tax-term\">g1<\/span>"]}},"comment_count":"0","relative_dates":{"created":"Publicado 3 anos atr\u00e1s","modified":"Atualizado 3 anos atr\u00e1s"},"absolute_dates":{"created":"Publicado em 25 de outubro de 2023","modified":"Atualizado em 25 de outubro de 2023"},"absolute_dates_time":{"created":"Publicado em 25 de outubro de 2023 12:11","modified":"Atualizado em 25 de outubro de 2023 12:11"},"featured_img_caption":"","series_order":"","_links":{"self":[{"href":"https:\/\/sindaopcpb.org.br\/index.php\/wp-json\/wp\/v2\/posts\/40336","targetHints":{"allow":["GET"]}}],"collection":[{"href":"https:\/\/sindaopcpb.org.br\/index.php\/wp-json\/wp\/v2\/posts"}],"about":[{"href":"https:\/\/sindaopcpb.org.br\/index.php\/wp-json\/wp\/v2\/types\/post"}],"author":[{"embeddable":true,"href":"https:\/\/sindaopcpb.org.br\/index.php\/wp-json\/wp\/v2\/users\/53"}],"replies":[{"embeddable":true,"href":"https:\/\/sindaopcpb.org.br\/index.php\/wp-json\/wp\/v2\/comments?post=40336"}],"version-history":[{"count":2,"href":"https:\/\/sindaopcpb.org.br\/index.php\/wp-json\/wp\/v2\/posts\/40336\/revisions"}],"predecessor-version":[{"id":40355,"href":"https:\/\/sindaopcpb.org.br\/index.php\/wp-json\/wp\/v2\/posts\/40336\/revisions\/40355"}],"wp:attachment":[{"href":"https:\/\/sindaopcpb.org.br\/index.php\/wp-json\/wp\/v2\/media?parent=40336"}],"wp:term":[{"taxonomy":"category","embeddable":true,"href":"https:\/\/sindaopcpb.org.br\/index.php\/wp-json\/wp\/v2\/categories?post=40336"},{"taxonomy":"post_tag","embeddable":true,"href":"https:\/\/sindaopcpb.org.br\/index.php\/wp-json\/wp\/v2\/tags?post=40336"}],"curies":[{"name":"wp","href":"https:\/\/api.w.org\/{rel}","templated":true}]}}