{"id":40322,"date":"2023-10-25T10:37:00","date_gmt":"2023-10-25T13:37:00","guid":{"rendered":"https:\/\/www.infomoney.com.br\/?p=2277690"},"modified":"2023-10-25T10:37:00","modified_gmt":"2023-10-25T13:37:00","slug":"pl-das-subvencoes-fazenda-acena-a-pmes-para-mudar-tributacao-sobre-grandes-empresas","status":"publish","type":"post","link":"https:\/\/sindaopcpb.org.br\/index.php\/2023\/10\/25\/pl-das-subvencoes-fazenda-acena-a-pmes-para-mudar-tributacao-sobre-grandes-empresas\/","title":{"rendered":"PL das subven\u00e7\u00f5es: Fazenda acena a PMEs para mudar tributa\u00e7\u00e3o sobre grandes empresas"},"content":{"rendered":"<p><img loading=\"lazy\" width=\"300\" height=\"203\" src=\"https:\/\/www.infomoney.com.br\/wp-content\/uploads\/2019\/06\/ministerio-da-fazenda-bloomberg.jpg?fit=300%2C203&amp;quality=70&amp;strip=all\" class=\"attachment-medium size-medium wp-post-image\" alt=\"\" decoding=\"async\" style=\"float:right; margin:0 0 10px 10px;\" srcset=\"https:\/\/www.infomoney.com.br\/wp-content\/uploads\/2019\/06\/ministerio-da-fazenda-bloomberg.jpg?w=900&amp;quality=70&amp;strip=all 900w, https:\/\/www.infomoney.com.br\/wp-content\/uploads\/2019\/06\/ministerio-da-fazenda-bloomberg.jpg?w=300&amp;quality=70&amp;strip=all 300w, https:\/\/www.infomoney.com.br\/wp-content\/uploads\/2019\/06\/ministerio-da-fazenda-bloomberg.jpg?w=768&amp;quality=70&amp;strip=all 768w, https:\/\/www.infomoney.com.br\/wp-content\/uploads\/2019\/06\/ministerio-da-fazenda-bloomberg.jpg?w=150&amp;quality=70&amp;strip=all 150w\" sizes=\"auto, (max-width: 300px) 100vw, 300px\" data-attachment-id=\"37766\" data-permalink=\"https:\/\/www.infomoney.com.br\/ministerio-da-fazenda-bloomberg\/\" data-orig-file=\"https:\/\/www.infomoney.com.br\/wp-content\/uploads\/2019\/06\/ministerio-da-fazenda-bloomberg.jpg?fit=900%2C608&amp;quality=70&amp;strip=all\" data-orig-size=\"900,608\" data-comments-opened=\"1\" data-image-meta=\"{&quot;aperture&quot;:&quot;0&quot;,&quot;credit&quot;:&quot;&quot;,&quot;camera&quot;:&quot;&quot;,&quot;caption&quot;:&quot;&quot;,&quot;created_timestamp&quot;:&quot;0&quot;,&quot;copyright&quot;:&quot;&quot;,&quot;focal_length&quot;:&quot;0&quot;,&quot;iso&quot;:&quot;0&quot;,&quot;shutter_speed&quot;:&quot;0&quot;,&quot;title&quot;:&quot;&quot;,&quot;orientation&quot;:&quot;0&quot;}\" data-image-title=\"ministerio-da-fazenda-bloomberg\" data-image-description=\"\" data-image-caption=\"\" data-medium-file=\"https:\/\/www.infomoney.com.br\/wp-content\/uploads\/2019\/06\/ministerio-da-fazenda-bloomberg.jpg?fit=300%2C203&amp;quality=70&amp;strip=all\" data-large-file=\"https:\/\/www.infomoney.com.br\/wp-content\/uploads\/2019\/06\/ministerio-da-fazenda-bloomberg.jpg?fit=900%2C608&amp;quality=70&amp;strip=all\" title=\"\"><\/p>\n<p>De olho na retomada da pauta econ&ocirc;mica no Congresso Nacional, que vive dias de paralisia em meio a insatisfa&ccedil;&otilde;es de lideran&ccedil;as com o governo federal, secret&aacute;rios do Minist&eacute;rio da Fazenda se reuniram na ter&ccedil;a-feira (24) com deputados da Frente Parlamentar do Empreendedorismo (FPE).<\/p>\n<p>O objetivo foi conseguir o apoio da bancada ligada &agrave;s Pequenas e M&eacute;dias Empresas (PMEs) para destravar um dos principais projetos arrecadat&oacute;rios do governo: o das subven&ccedil;&otilde;es, que altera a tributa&ccedil;&atilde;o sobre as grandes companhias que recebem benef&iacute;cios fiscais dos estados.<\/p>\n<p>O texto &eacute; uma das prioridades do ministro da Fazenda, Fernando Haddad (PT), e pode garantir R$ 35,3 bilh&otilde;es aos cofres p&uacute;blicos em 2024, segundo previs&otilde;es no Or&ccedil;amento.&nbsp;A proposta sofre cr&iacute;ticas das empresas abertas, que veem viola&ccedil;&atilde;o &agrave; seguran&ccedil;a jur&iacute;dica, e enfrenta resist&ecirc;ncias no Congresso.<\/p>\n<p>Para facilitar a tramita&ccedil;&atilde;o, <a href=\"https:\/\/www.infomoney.com.br\/politica\/governo-encaminha-ao-congresso-pl-para-substituir-mp-das-subvencoes\/\" rel=\"nofollow noopener\" target=\"_blank\">o governo substituiu a Medida Provis&oacute;ria sobre o tema por um Projeto de Lei com regime de urg&ecirc;ncia<\/a>.&nbsp;A nova vers&atilde;o, segundo a Fazenda, explicita que os benef&iacute;cios j&aacute; concedidos ser&atilde;o respeitados e <a href=\"https:\/\/www.infomoney.com.br\/politica\/pl-das-subvencoes-governo-acrescenta-artigo-no-texto-que-preserva-sudam-e-sudene\/\" rel=\"nofollow noopener\" target=\"_blank\">deixa claro que n&atilde;o haver&aacute; impacto na atua&ccedil;&atilde;o da Sudam e da Sudene<\/a>, as superintend&ecirc;ncias ligadas &agrave; Amaz&ocirc;nia e ao Nordeste.<\/p>\n<p>&ldquo;N&oacute;s temos bilh&otilde;es em subven&ccedil;&atilde;o para grandes empresas que prejudicam os pequenos e m&eacute;dios neg&oacute;cios em um cen&aacute;rio de concorr&ecirc;ncia desigual&rdquo;, afirmou o secret&aacute;rio de Pol&iacute;tica Econ&ocirc;mica da pasta, Guilherme Mello. Ele diz que n&atilde;o &eacute; contra benef&iacute;cios fiscais, mas que o desenho atual desse incentivo prejudica a economia brasileira.<\/p>\n<p>&ldquo;Est&aacute; fazendo mal a pequenas empresas, pequenos munic&iacute;pios, aos estados e ao governo federal&rdquo;, disse o secret&aacute;rio. &ldquo;E muitos desses incentivos acabam virando aumento de margem de lucro para as grandes empresas&rdquo;. Ele fez quest&atilde;o de frisar que benef&iacute;cios ligados a investimentos n&atilde;o ter&atilde;o as regras alteradas, apenas os que est&atilde;o atrelados ao custeio.<\/p>\n<h2>Arrecada&ccedil;&atilde;o federal comprometida<\/h2>\n<p>A Receita Federal calcula que os benef&iacute;cios concedidos pelos estados (as subven&ccedil;&otilde;es) reduziram a base de c&aacute;lculo do Imposto de Renda da Pessoa Jur&iacute;dica (IRPJ), que &eacute; um tributo federal, em R$ 150 bilh&otilde;es em 2022 &mdash; e que essa cifra chegar&aacute; a R$ 200 bilh&otilde;es neste ano.<\/p>\n<p>A reclama&ccedil;&atilde;o &eacute; de que as subven&ccedil;&otilde;es concedidas por governadores impactam indevidamente a arrecada&ccedil;&atilde;o da Uni&atilde;o em um momento em que o governo est&aacute; comprometido com metas fiscais ambiciosas. O efeito tamb&eacute;m &eacute; sentido nos fundos de participa&ccedil;&atilde;o dos estados (FPE) e dos munic&iacute;pios (FPM), que recebem uma fatia do IRPJ e ajudam a abastecer o caixa, principalmente, das cidades menores.<\/p>\n<p>&ldquo;No pr&oacute;ximo ano, ser&atilde;o R$ 250 bilh&otilde;es, R$ 300 bilh&otilde;es [de redu&ccedil;&atilde;o da base do IRPJ]. At&eacute; onde a gente vai? Uma hora vai ter de aumentar a tributa&ccedil;&atilde;o de todo mundo, porque a conta precisa fechar. E quem vai pagar o pato? Vai come&ccedil;ar pelas micro e m&eacute;dias empresas, que n&atilde;o est&atilde;o no lucro real&rdquo;, afirmou o secret&aacute;rio da Receita Federal, Robinson Barreirinhas.<\/p>\n<p>O chefe do Fisco destacou que apenas as companhias que declaram pelo sistema de lucro real e faturam mais de R$ 78 milh&otilde;es por ano podem fazer esse tipo de abatimento. &ldquo;Ou seja, 98% das empresas brasileiras n&atilde;o podem&rdquo;, afirmou Barreirinhas. &ldquo;Quando n&atilde;o h&aacute; essa tributa&ccedil;&atilde;o [do IRPJ], repito: voc&ecirc; est&aacute; quebrando os concorrentes que n&atilde;o t&ecirc;m essa vantagem competitiva&rdquo;.<\/p>\n<h2>Decis&atilde;o do STJ e cr&iacute;ticas<\/h2>\n<p>Em maio, o Superior Tribunal de Justi&ccedil;a (STJ) decidiu que as empresas s&oacute; poderiam abater dos tributos federais, como Imposto de Renda (IR) e Contribui&ccedil;&atilde;o Social sobre Lucro L&iacute;quido (CSLL), <a href=\"https:\/\/www.infomoney.com.br\/politica\/stj-decide-a-favor-da-fazenda-em-acao-que-pode-render-r-90-bi-ao-governo\/\" rel=\"nofollow noopener\" target=\"_blank\">os benef&iacute;cios estaduais que fossem ligados a investimentos, n&atilde;o a custeio<\/a> &mdash; o que foi considerada uma vit&oacute;ria do governo.<\/p>\n<p>O problema &eacute; que o lit&iacute;gio continuou, a arrecada&ccedil;&atilde;o extra n&atilde;o veio na quantidade esperada e a Fazenda decidiu agir para regulamentar. Mas as empresas reclamam que a&nbsp;Receita criou uma nova sistem&aacute;tica para esse abatimento e restringiu o seu alcance.<\/p>\n<p>Em vez de abater os incentivos estaduais da base de c&aacute;lculo dos tributos federais, a companhia ter&aacute; de se habilitar em um sistema online do Fisco e, uma vez autorizada, receber&aacute; um cr&eacute;dito de 25% sobre o valor do benef&iacute;cio fiscal &mdash; o que &eacute; equivalente &agrave; al&iacute;quota do IRPJ.<\/p>\n<p>Na avalia&ccedil;&atilde;o da Associa&ccedil;&atilde;o Brasileira das Companhias Abertas (Abrasca), o Executivo desrespeitou decis&otilde;es do Legislativo e do Judici&aacute;rio com o objetivo de aumentar a carga tribut&aacute;ria, o que representa uma &ldquo;grave viola&ccedil;&atilde;o &agrave; seguran&ccedil;a jur&iacute;dica&rdquo;.<b><\/b><\/p>\n<\/p>\n<div class=\"cta-end\">\n<div class=\"im-cta\" >\n<div class=\"im-shortcode-forms bg-light bg-opacity-25 border rounded-4 p-3 p-sm-4 p-md-3 p-lg-4 px-xxl-5 my-5\" data-configuration='{\"form_name\":false,\"form_hat\":\"Newsletter\",\"form_email\":true,\"form_icon\":\"newsletter\",\"form_phone\":false,\"form_campaign\":\"NIM\",\"form_thankyou\":\"\",\"form_journey\":\"APIEvent-26a5198d-8e09-06ef-5f80-cd9127757ad1\",\"form_button\":\"Quero receber\",\"form_context\":\"newsletter\",\"form_origin\":\"https:\\\/\\\/www.infomoney.com.br\\\/politica\\\/feed\\\/?utm_medium=materia&#038;utm_source=infomoney&#038;utm_campaign=NIM&#038;utm_term=politica&#038;utm_content=newsletter\",\"form_position\":\"final\",\"form_category\":\"cta_form\"}'>\n<div class=\"d-flex flex-column align-items-center align-items-lg-start mb-4 flex-lg-row\">\n<div class=\"rounded-circle mb-2 mb-lg-0 mr-lg-4 me-lg-4 p-3 p-lg-4 bg-blue-400\"><svg width=\"40\" height=\"40\" viewBox=\"0 0 40 40\" fill=\"none\" xmlns=\"http:\/\/www.w3.org\/2000\/svg\"><path d=\"M20 20.25 6.042 11.042v19.041c0 .167.048.299.146.396a.535.535 0 0 0 .395.146h15.792V32.5H6.583a2.328 2.328 0 0 1-1.708-.708 2.328 2.328 0 0 1-.708-1.709V9.917c0-.667.236-1.236.708-1.709A2.328 2.328 0 0 1 6.583 7.5h26.834c.666 0 1.236.236 1.708.708a2.33 2.33 0 0 1 .708 1.709v12.458h-1.875V11.042L20 20.25Zm0-2 13.667-8.875H6.333L20 18.25Zm11.75 18.958-1.292-1.333 3.334-3.375h-9v-1.875h9l-3.375-3.417 1.333-1.291 5.667 5.625-5.667 5.666ZM6.042 11.042v20.791-9.458.25-13.25 1.667Z\" fill=\"#fff\"\/><\/svg><\/div>\n<div class=\"flex-fill text-center text-lg-left\">\n<div class=\"h6 small text-orange-700 lh-base mb-1\">Newsletter<\/div>\n<div class=\"text-body h4 m-0\">Infomorning<\/div>\n<div class=\"text-body small lh-base mt-2\">Receba no seu e-mail logo pela manh&atilde; as not&iacute;cias que v&atilde;o mexer com os mercados, com os seus investimentos e o seu bolso durante o dia<\/div>\n<\/div>\n<\/div>\n<\/div>\n<\/div>\n<\/div>\n<p>The post <a rel=\"nofollow noopener\" href=\"https:\/\/www.infomoney.com.br\/politica\/pl-das-subvencoes-fazenda-acena-a-pmes-para-mudar-tributacao-sobre-grandes-empresas\/\" target=\"_blank\">PL das subven\u00e7\u00f5es: Fazenda acena a PMEs para mudar tributa\u00e7\u00e3o sobre grandes empresas<\/a> appeared first on <a rel=\"nofollow noopener\" href=\"https:\/\/www.infomoney.com.br\/\" target=\"_blank\">InfoMoney<\/a>.<\/p>\n","protected":false},"excerpt":{"rendered":"<p><img loading=\"lazy\" decoding=\"async\" width=\"300\" height=\"203\" src=\"https:\/\/www.infomoney.com.br\/wp-content\/uploads\/2019\/06\/ministerio-da-fazenda-bloomberg.jpg?fit=300%2C203&amp;quality=70&amp;strip=all\" class=\"attachment-medium size-medium wp-post-image\" alt=\"\" data-attachment-id=\"37766\" data-permalink=\"https:\/\/www.infomoney.com.br\/ministerio-da-fazenda-bloomberg\/\" data-orig-file=\"https:\/\/www.infomoney.com.br\/wp-content\/uploads\/2019\/06\/ministerio-da-fazenda-bloomberg.jpg?fit=900%2C608&amp;quality=70&amp;strip=all\" data-orig-size=\"900,608\" data-comments-opened=\"1\" data-image-meta='{\"aperture\":\"0\",\"credit\":\"\",\"camera\":\"\",\"caption\":\"\",\"created_timestamp\":\"0\",\"copyright\":\"\",\"focal_length\":\"0\",\"iso\":\"0\",\"shutter_speed\":\"0\",\"title\":\"\",\"orientation\":\"0\"}' data-image-title=\"ministerio-da-fazenda-bloomberg\" data-image-description=\"\" data-image-caption=\"\" data-medium-file=\"https:\/\/www.infomoney.com.br\/wp-content\/uploads\/2019\/06\/ministerio-da-fazenda-bloomberg.jpg?fit=300%2C203&amp;quality=70&amp;strip=all\" data-large-file=\"https:\/\/www.infomoney.com.br\/wp-content\/uploads\/2019\/06\/ministerio-da-fazenda-bloomberg.jpg?fit=900%2C608&amp;quality=70&amp;strip=all\">Governo busca apoio da Frente Parlamentar do Empreendedorismo (FPE) para destravar o PL das subven\u00e7\u00f5es, um dos principais projetos arrecadat\u00f3rios<\/p>\n<p>The post <a rel=\"nofollow\" href=\"https:\/\/www.infomoney.com.br\/politica\/pl-das-subvencoes-fazenda-acena-a-pmes-para-mudar-tributacao-sobre-grandes-empresas\/\">PL das subven\u00e7\u00f5es: Fazenda acena a PMEs para mudar tributa\u00e7\u00e3o sobre grandes empresas<\/a> appeared first on <a rel=\"nofollow\" href=\"https:\/\/www.infomoney.com.br\/\">InfoMoney<\/a>.<\/p>\n","protected":false},"author":43,"featured_media":0,"comment_status":"closed","ping_status":"closed","sticky":false,"template":"","format":"standard","meta":{"advgb_blocks_editor_width":"","advgb_blocks_columns_visual_guide":"","footnotes":""},"categories":[1712,1486,34,1053,1713,130,10508,47],"tags":[35],"class_list":["post-40322","post","type-post","status-publish","format-standard","hentry","category-csll","category-empresas","category-g1","category-imposto-de-renda","category-irpj","category-ministerio-da-fazenda","category-pmes","category-politica","tag-g1"],"author_meta":{"display_name":"Estad\u00e3o Conte\u00fado","author_link":"https:\/\/sindaopcpb.org.br\/author\/estadao-conteudo\/"},"featured_img":null,"coauthors":[],"tax_additional":{"categories":{"linked":["<a href=\"https:\/\/sindaopcpb.org.br\/csll\/\" class=\"advgb-post-tax-term\">CSLL<\/a>","<a href=\"https:\/\/sindaopcpb.org.br\/empresas\/\" class=\"advgb-post-tax-term\">empresas<\/a>","<a href=\"https:\/\/sindaopcpb.org.br\/g1\/\" class=\"advgb-post-tax-term\">G1<\/a>","<a href=\"https:\/\/sindaopcpb.org.br\/imposto-de-renda\/\" class=\"advgb-post-tax-term\">Imposto de Renda<\/a>","<a href=\"https:\/\/sindaopcpb.org.br\/irpj\/\" class=\"advgb-post-tax-term\">IRPJ<\/a>","<a href=\"https:\/\/sindaopcpb.org.br\/ministerio-da-fazenda\/\" class=\"advgb-post-tax-term\">Minist\u00e9rio da Fazenda<\/a>","<a href=\"https:\/\/sindaopcpb.org.br\/pmes\/\" class=\"advgb-post-tax-term\">PMEs<\/a>","<a href=\"https:\/\/sindaopcpb.org.br\/politica\/\" class=\"advgb-post-tax-term\">POLITICA<\/a>"],"unlinked":["<span class=\"advgb-post-tax-term\">CSLL<\/span>","<span class=\"advgb-post-tax-term\">empresas<\/span>","<span class=\"advgb-post-tax-term\">G1<\/span>","<span class=\"advgb-post-tax-term\">Imposto de Renda<\/span>","<span class=\"advgb-post-tax-term\">IRPJ<\/span>","<span class=\"advgb-post-tax-term\">Minist\u00e9rio da Fazenda<\/span>","<span class=\"advgb-post-tax-term\">PMEs<\/span>","<span class=\"advgb-post-tax-term\">POLITICA<\/span>"]},"tags":{"linked":["<a href=\"https:\/\/sindaopcpb.org.br\/politica\/\" class=\"advgb-post-tax-term\">g1<\/a>"],"unlinked":["<span class=\"advgb-post-tax-term\">g1<\/span>"]}},"comment_count":"0","relative_dates":{"created":"Publicado 3 anos atr\u00e1s","modified":"Atualizado 3 anos atr\u00e1s"},"absolute_dates":{"created":"Publicado em 25 de outubro de 2023","modified":"Atualizado em 25 de outubro de 2023"},"absolute_dates_time":{"created":"Publicado em 25 de outubro de 2023 10:37","modified":"Atualizado em 25 de outubro de 2023 10:37"},"featured_img_caption":"","series_order":"","_links":{"self":[{"href":"https:\/\/sindaopcpb.org.br\/index.php\/wp-json\/wp\/v2\/posts\/40322","targetHints":{"allow":["GET"]}}],"collection":[{"href":"https:\/\/sindaopcpb.org.br\/index.php\/wp-json\/wp\/v2\/posts"}],"about":[{"href":"https:\/\/sindaopcpb.org.br\/index.php\/wp-json\/wp\/v2\/types\/post"}],"author":[{"embeddable":true,"href":"https:\/\/sindaopcpb.org.br\/index.php\/wp-json\/wp\/v2\/users\/43"}],"replies":[{"embeddable":true,"href":"https:\/\/sindaopcpb.org.br\/index.php\/wp-json\/wp\/v2\/comments?post=40322"}],"version-history":[{"count":1,"href":"https:\/\/sindaopcpb.org.br\/index.php\/wp-json\/wp\/v2\/posts\/40322\/revisions"}],"predecessor-version":[{"id":40323,"href":"https:\/\/sindaopcpb.org.br\/index.php\/wp-json\/wp\/v2\/posts\/40322\/revisions\/40323"}],"wp:attachment":[{"href":"https:\/\/sindaopcpb.org.br\/index.php\/wp-json\/wp\/v2\/media?parent=40322"}],"wp:term":[{"taxonomy":"category","embeddable":true,"href":"https:\/\/sindaopcpb.org.br\/index.php\/wp-json\/wp\/v2\/categories?post=40322"},{"taxonomy":"post_tag","embeddable":true,"href":"https:\/\/sindaopcpb.org.br\/index.php\/wp-json\/wp\/v2\/tags?post=40322"}],"curies":[{"name":"wp","href":"https:\/\/api.w.org\/{rel}","templated":true}]}}