{"id":40314,"date":"2023-10-25T09:57:46","date_gmt":"2023-10-25T12:57:46","guid":{"rendered":"https:\/\/wpa.wscom.com.br\/?p=929591"},"modified":"2023-10-25T09:57:46","modified_gmt":"2023-10-25T12:57:46","slug":"tv-manaira-foi-oferecida-a-band-por-r-15-milhoes-arapuan-redefine-programacao-sem-flexibilidade","status":"publish","type":"post","link":"https:\/\/sindaopcpb.org.br\/index.php\/2023\/10\/25\/tv-manaira-foi-oferecida-a-band-por-r-15-milhoes-arapuan-redefine-programacao-sem-flexibilidade\/","title":{"rendered":"TV Mana\u00edra foi oferecida \u00e0 BAND por R$ 15 milh\u00f5es; Arapuan redefine programa\u00e7\u00e3o sem flexibilidade"},"content":{"rendered":"<p>Os bastidores dos ve\u00edculos de comunica\u00e7\u00e3o na Para\u00edba revelam que a TV Mana\u00edra, em Jo\u00e3o Pessoa, esteve em negocia\u00e7\u00e3o com a BAND oferecida pelo valor de R$ 15 milh\u00f5es, cuja proposta n\u00e3o foi consolidada. J\u00e1 o contrato assinado com a TV Arapuan imp\u00f5e programa\u00e7\u00e3o sem flexibilidade como existia com a Rede TV.<\/p>\n<p>Conforme informa\u00e7\u00f5es procedentes a partir de S\u00e3o Paulo, antes de consolida\u00e7\u00e3o do novo contrato na Para\u00edba, a empresa intermedi\u00e1ria do grupo HAPVIDA ofereceu a emissora paraibana pelo valor anunciado de R$ 15 milh\u00f5es &#8211; quantia contraproposta em R$ 12 milh\u00f5es inviabilizando o neg\u00f3cio.<\/p>\n<p>O diretor regional das TVs comandadas pela HAPVIDA, executivo Cac\u00e1 Martins, foi acionado pela reportagem mas n\u00e3o atendeu \u00e0s liga\u00e7\u00f5es .<\/p>\n<p>O grupo cearense det\u00e9m controle de TVs em Recife e Fortaleza. J\u00e1 a pr\u00f3pria BAND disp\u00f5e de 6 emissoras pr\u00f3prias no Nordeste.<\/p>\n<p><strong>PROGRAMA\u00c7\u00c3O E CONTRATO<\/strong><\/p>\n<p>Pelo que foi assinado pela dire\u00e7\u00e3o da BAND nacional e da TV ARAPUAN, diferentemente do que havia na rela\u00e7\u00e3o com REDETV, a programa\u00e7\u00e3o nacional precisar\u00e1 ser acatada integralmente pela emissora paraibana.<\/p>\n<p>Na pr\u00e1tica, por exemplo, significa projetar que o programa \u201cFrente a Frente\u201d ancorado pelo multim\u00eddia Lu\u00eds T\u00f4rres vai precisar ser relocado para outro hor\u00e1rio porque a grade da BAND j\u00e1 tem espa\u00e7o ocupado no horario das segunda-feiras.<\/p>\n<p>O post <a rel=\"nofollow noopener\" href=\"https:\/\/wscom.com.br\/tv-manaira-foi-oferecida-a-band-por-r-15-milhoes-arapuan-redefine-programacao-sem-flexibilidade\/\" target=\"_blank\">TV Mana\u00edra foi oferecida \u00e0 BAND por R$ 15 milh\u00f5es; Arapuan redefine programa\u00e7\u00e3o sem flexibilidade<\/a> apareceu primeiro em <a rel=\"nofollow noopener\" href=\"https:\/\/wscom.com.br\/\" target=\"_blank\">WSCOM<\/a>.<\/p>\n","protected":false},"excerpt":{"rendered":"<p>Os bastidores dos ve\u00edculos de comunica\u00e7\u00e3o na Para\u00edba revelam que a TV Mana\u00edra, em Jo\u00e3o Pessoa, esteve em negocia\u00e7\u00e3o com a BAND oferecida pelo valor de R$ 15 milh\u00f5es, cuja proposta n\u00e3o foi consolidada. J\u00e1 o contrato assinado com a TV Arapuan imp\u00f5e programa\u00e7\u00e3o sem flexibilidade como existia com a Rede TV. Conforme informa\u00e7\u00f5es procedentes [\u2026]<\/p>\n<p>O post <a rel=\"nofollow\" href=\"https:\/\/wscom.com.br\/tv-manaira-foi-oferecida-a-band-por-r-15-milhoes-arapuan-redefine-programacao-sem-flexibilidade\/\">TV Mana\u00edra foi oferecida \u00e0 BAND por R$ 15 milh\u00f5es; Arapuan redefine programa\u00e7\u00e3o sem flexibilidade<\/a> apareceu primeiro em <a rel=\"nofollow\" href=\"https:\/\/wscom.com.br\/\">WSCOM<\/a>.<\/p>\n","protected":false},"author":50,"featured_media":0,"comment_status":"closed","ping_status":"closed","sticky":false,"template":"","format":"standard","meta":{"advgb_blocks_editor_width":"","advgb_blocks_columns_visual_guide":"","footnotes":""},"categories":[34,54],"tags":[35],"class_list":["post-40314","post","type-post","status-publish","format-standard","hentry","category-g1","category-paraiba","tag-g1"],"author_meta":{"display_name":"Wallyson","author_link":"https:\/\/sindaopcpb.org.br\/author\/wallyson\/"},"featured_img":null,"coauthors":[],"tax_additional":{"categories":{"linked":["<a href=\"https:\/\/sindaopcpb.org.br\/g1\/\" class=\"advgb-post-tax-term\">G1<\/a>","<a href=\"https:\/\/sindaopcpb.org.br\/paraiba\/\" class=\"advgb-post-tax-term\">Para\u00edba<\/a>"],"unlinked":["<span class=\"advgb-post-tax-term\">G1<\/span>","<span class=\"advgb-post-tax-term\">Para\u00edba<\/span>"]},"tags":{"linked":["<a href=\"https:\/\/sindaopcpb.org.br\/paraiba\/\" class=\"advgb-post-tax-term\">g1<\/a>"],"unlinked":["<span class=\"advgb-post-tax-term\">g1<\/span>"]}},"comment_count":"0","relative_dates":{"created":"Publicado 3 anos atr\u00e1s","modified":"Atualizado 3 anos atr\u00e1s"},"absolute_dates":{"created":"Publicado em 25 de outubro de 2023","modified":"Atualizado em 25 de outubro de 2023"},"absolute_dates_time":{"created":"Publicado em 25 de outubro de 2023 09:57","modified":"Atualizado em 25 de outubro de 2023 09:57"},"featured_img_caption":"","series_order":"","_links":{"self":[{"href":"https:\/\/sindaopcpb.org.br\/index.php\/wp-json\/wp\/v2\/posts\/40314","targetHints":{"allow":["GET"]}}],"collection":[{"href":"https:\/\/sindaopcpb.org.br\/index.php\/wp-json\/wp\/v2\/posts"}],"about":[{"href":"https:\/\/sindaopcpb.org.br\/index.php\/wp-json\/wp\/v2\/types\/post"}],"author":[{"embeddable":true,"href":"https:\/\/sindaopcpb.org.br\/index.php\/wp-json\/wp\/v2\/users\/50"}],"replies":[{"embeddable":true,"href":"https:\/\/sindaopcpb.org.br\/index.php\/wp-json\/wp\/v2\/comments?post=40314"}],"version-history":[{"count":1,"href":"https:\/\/sindaopcpb.org.br\/index.php\/wp-json\/wp\/v2\/posts\/40314\/revisions"}],"predecessor-version":[{"id":40315,"href":"https:\/\/sindaopcpb.org.br\/index.php\/wp-json\/wp\/v2\/posts\/40314\/revisions\/40315"}],"wp:attachment":[{"href":"https:\/\/sindaopcpb.org.br\/index.php\/wp-json\/wp\/v2\/media?parent=40314"}],"wp:term":[{"taxonomy":"category","embeddable":true,"href":"https:\/\/sindaopcpb.org.br\/index.php\/wp-json\/wp\/v2\/categories?post=40314"},{"taxonomy":"post_tag","embeddable":true,"href":"https:\/\/sindaopcpb.org.br\/index.php\/wp-json\/wp\/v2\/tags?post=40314"}],"curies":[{"name":"wp","href":"https:\/\/api.w.org\/{rel}","templated":true}]}}