{"id":40312,"date":"2023-10-25T10:11:50","date_gmt":"2023-10-25T13:11:50","guid":{"rendered":"https:\/\/wpa.wscom.com.br\/?p=929597"},"modified":"2023-10-25T10:11:50","modified_gmt":"2023-10-25T13:11:50","slug":"feira-de-empregos-realiza-selecao-on-line-para-9-mil-vagas-de-trabalho","status":"publish","type":"post","link":"https:\/\/sindaopcpb.org.br\/index.php\/2023\/10\/25\/feira-de-empregos-realiza-selecao-on-line-para-9-mil-vagas-de-trabalho\/","title":{"rendered":"Feira de empregos realiza sele\u00e7\u00e3o on-line para 9 mil vagas de trabalho"},"content":{"rendered":"<p>Para conectar pessoas em busca de oportunidades de trabalho e de qualifica\u00e7\u00e3o com empresas e escolas, o\u00a0<a href=\"https:\/\/www.portaldaindustria.com.br\/senai?utm_source=jor&amp;utm_medium=agn&amp;utm_campaign=noticia&amp;utm_content=textoevideo-fixo\" rel=\"nofollow noopener\" target=\"_blank\">Servi\u00e7o Nacional de Aprendizagem Industrial<\/a>\u00a0realiza o Mundo SENAI entre quarta (25) e sexta-feira (27). A programa\u00e7\u00e3o inclui atividades presenciais para a comunidade, incluindo minicursos e palestras gratuitas, em mais de 300 unidades.<\/p>\n<p>Junto com o Mundo SENAI, acontece a Feira Contrate-me, que vai promover a sele\u00e7\u00e3o on-line de candidatos de todo o pa\u00eds para mais de 9 mil vagas de emprego. As oportunidades s\u00e3o para diferentes n\u00edveis: de est\u00e1gio, jovem aprendiz, n\u00edvel t\u00e9cnico, qualifica\u00e7\u00e3o e gradua\u00e7\u00e3o, at\u00e9 especialistas com p\u00f3s-gradua\u00e7\u00e3o, coordenadores e gerentes.<\/p>\n<p>As \u00e1reas de forma\u00e7\u00e3o tamb\u00e9m s\u00e3o diversificadas, das\u00a0transversais, a exemplo de Tecnologia da Informa\u00e7\u00e3o (TI), gest\u00e3o, comunica\u00e7\u00e3o, log\u00edstica e seguran\u00e7a do trabalho, \u00e0s de base industrial, como\u00a0energia, mec\u00e2nica, constru\u00e7\u00e3o civil, t\u00eaxtil, qu\u00edmica e automa\u00e7\u00e3o. Entre as empresas participantes est\u00e3o Grupo Soma, Votorantim, Ra\u00edzen, Saint-Gobain e Petrobras.<\/p>\n<hr \/>\n<p><i>\u201cA ind\u00fastria emprega 10,3 milh\u00f5es de trabalhadores, sendo respons\u00e1vel por 21,2% do emprego formal no Brasil. Nosso objetivo \u00e9 aproximar estudantes e profissionais desse setor t\u00e3o importante para o pa\u00eds\u201d, justifica o superintendente de Educa\u00e7\u00e3o Profissional e Superior do SENAI, Felipe Morgado.<\/i><\/p>\n<hr \/>\n<p>A maioria dos postos de trabalho s\u00e3o presenciais e em localidades espec\u00edficas, mas h\u00e1 tamb\u00e9m oportunidades nacionais, para profissionais de qualquer lugar do pa\u00eds.<\/p>\n<h2>Como participar da feira de empregos<\/h2>\n<p>Essa \u00e9 a 6\u00aa edi\u00e7\u00e3o da feira, em parceria com a plataforma de empregabilidade Speck.\u00a0<strong>Para participar, o candidato deve se cadastrar na\u00a0<\/strong><a href=\"https:\/\/personal.speck.live\/contrateme\/signup\" rel=\"nofollow noopener\" target=\"_blank\"><strong>p\u00e1gina do Contrate-me<\/strong><\/a>, onde ele vai preencher o curr\u00edculo e outras informa\u00e7\u00f5es pessoais.<\/p>\n<p>O processo seletivo \u00e9 realizado pelas pr\u00f3prias empresas na plataforma, que utiliza intelig\u00eancia artificial para analisar compet\u00eancias t\u00e9cnicas e socioemocionais. Assim o empregador recebe uma lista mais assertiva dos candidatos para dar continuidade \u00e0 sele\u00e7\u00e3o.<\/p>\n<p>Nos dias 25 a 27 de outubro, \u00e9 s\u00f3 entrar no\u00a0<a href=\"https:\/\/mundosenai.com.br\/evento\/\" rel=\"nofollow noopener\" target=\"_blank\">site do Mundo SENAI &#8211; Evento<\/a>\u00a0e clicar em \u201cacesse o evento\u201d. Na plataforma da Feira Contrate-me, haver\u00e1 o\u00a0painel de vagas.<\/p>\n<p>Os usu\u00e1rios poder\u00e3o ainda navegar pelos ambientes, interagir com as empresas nos estandes virtuais e assistir \u00e0 programa\u00e7\u00e3o on-line, que vai das 9h \u00e0s 18h30, com palestras sobre carreira.<\/p>\n<p><a href=\"https:\/\/www.mundosenai.com.br\/media\/filer_public\/11\/67\/11677c05-b75c-4459-9e89-b1fe0acd698a\/programacao-mundo-senai-ppt-rwf.pdf\" rel=\"nofollow noopener\" target=\"_blank\">Confira a programa\u00e7\u00e3o nacional de palestras transmitidas on-line<\/a><\/p>\n<p>Hidrog\u00eanio verde, orat\u00f3ria, intelig\u00eancia artificial, economia circular, metaverso e empregabilidade LGBTQIAPN+ est\u00e3o entre os temas abordados pelos palestrantes.<\/p>\n<h2>Mais de 300 escolas SENAI abrem as portas para a comunidade<\/h2>\n<p>A feira de empregos Contrate-me ocorre de forma concomitante ao Mundo SENAI, evento promovido nos 26 estados do pa\u00eds e no Distrito Federal para orienta\u00e7\u00e3o profissional. Mais de 300 escolas abrem as portas para oficinas, minicursos, mostras tecnol\u00f3gicas, visitas guiadas e palestras \u00e0 comunidade.<\/p>\n<figure class=\"image image-style-align-center image_resized\"><img decoding=\"async\" src=\"https:\/\/fiepb.sfo2.cdn.digitaloceanspaces.com\/posts\/8614\/20231023174830_8f7ed8c1fb9642d42b165ea21b554b90.jpg\" alt=\"\" title=\"\"><figcaption><strong>Nesta semana, escolas do SENAI v\u00e3o oferecer orienta\u00e7\u00e3o profissional e tirar d\u00favidas do p\u00fablico sobre cursos e mercado de trabalho<\/strong><\/figcaption><\/figure>\n<p>Procure a unidade SENAI mais pr\u00f3xima ou confira a programa\u00e7\u00e3o presencial nos estados no mapa do\u00a0<a href=\"https:\/\/www.mundosenai.com.br\/evento\/\" rel=\"nofollow noopener\" target=\"_blank\">site do Mundo SENAI<\/a><\/p>\n<p>O superintendente do SENAI explica que essa \u00e9 a oportunidade para alunos de escolas p\u00fablicas e privadas, jovens e adultos conhecerem as profiss\u00f5es industriais, as op\u00e7\u00f5es de cursos e a infraestrutura das escolas SENAI.<\/p>\n<p>\u201cEstamos na 15\u00aa edi\u00e7\u00e3o do Mundo SENAI, o que comprova o sucesso e a import\u00e2ncia do evento. \u00c9 quando conseguimos mostrar \u00e0 comunidade a nossa estrutura, os cursos e as oportunidades de trabalho para as quais existem demanda. Nossa miss\u00e3o \u00e9 garantir uma forma\u00e7\u00e3o profissional de qualidade para o primeiro emprego e a ascens\u00e3o na carreira\u201d, observa Felipe Morgado.<\/p>\n<p>A abertura nacional do Mundo SENAI, que acontece na unidade Get\u00falio Vargas, em Bel\u00e9m (PA) na quarta-feira (25) \u00e0s 9h, ser\u00e1\u00a0<a href=\"https:\/\/www.youtube.com\/live\/J4LMgycq594?si=6fpDEiDN-r2SLAHe\" rel=\"nofollow noopener\" target=\"_blank\">transmitida on-line pelo canal do SENAI no YouTube<\/a>. Anota a\u00ed e n\u00e3o perca!<\/p>\n<h2>SENAI e Unicef promovem dia de atividades para 400 jovens de S\u00e3o Paulo<\/h2>\n<p>Para fechar a programa\u00e7\u00e3o da semana, o SENAI se junta ao Fundo das Na\u00e7\u00f5es Unidas para a Inf\u00e2ncia (UNICEF) para uma edi\u00e7\u00e3o presencial da Feira Contrate-me com a iniciativa Um Milh\u00e3o de Oportunidades (1MiO). O evento acontece\u00a0no s\u00e1bado (28) na escola Francisco Matarazzo, no bairro do Br\u00e1s, em S\u00e3o Paulo, com 400 jovens do SENAI e da Cidade Tiradentes.<\/p>\n<p>Al\u00e9m da presen\u00e7a de 15 empresas \u2013 como Ita\u00fa, Magazine Luiza, Unilever, Claro e Mercado Livre \u2013, que estar\u00e3o com vagas de trabalho; haver\u00e1 oferta de bolsas de estudo, palestras de empreendedores e artistas, laborat\u00f3rios de tecnologia e atividades culturais. Os jovens tamb\u00e9m v\u00e3o poder acessar servi\u00e7os do Centro de Apoio ao Trabalho e Empreendedorismo (CATE), como emiss\u00e3o da carteira de trabalho e cadastro para acesso a vagas disponibilizadas pela Prefeitura.<\/p>\n<p>&#8220;Essa ser\u00e1 a primeira feira de oportunidades presencial da iniciativa 1MiO do UNICEF, que foi lan\u00e7ada durante a pandemia de COVID-19, em 2020. Nosso objetivo \u00e9 trazer, junto com o SENAI, a Prefeitura e os diversos parceiros do setor privado, uma experi\u00eancia de contato com mundo do trabalho para jovens de S\u00e3o Paulo, com vagas, oficinas, acesso a tecnologias, mas tamb\u00e9m atividades art\u00edsticas, culturais e troca de experi\u00eancias&#8221;, enfatiza o coordenador do 1MiO e oficial de Programas do UNICEF, Gustavo Heidrich.<\/p>\n<p>O post <a rel=\"nofollow noopener\" href=\"https:\/\/wscom.com.br\/feira-de-empregos-realiza-selecao-on-line-para-9-mil-vagas-de-trabalho\/\" target=\"_blank\">Feira de empregos realiza sele\u00e7\u00e3o on-line para 9 mil vagas de trabalho<\/a> apareceu primeiro em <a rel=\"nofollow noopener\" href=\"https:\/\/wscom.com.br\/\" target=\"_blank\">WSCOM<\/a>.<\/p>\n","protected":false},"excerpt":{"rendered":"<p>Para conectar pessoas em busca de oportunidades de trabalho e de qualifica\u00e7\u00e3o com empresas e escolas, o\u00a0Servi\u00e7o Nacional de Aprendizagem Industrial\u00a0realiza o Mundo SENAI entre quarta (25) e sexta-feira (27). A programa\u00e7\u00e3o inclui atividades presenciais para a comunidade, incluindo minicursos e palestras gratuitas, em mais de 300 unidades. Junto com o Mundo SENAI, acontece a [\u2026]<\/p>\n<p>O post <a rel=\"nofollow\" href=\"https:\/\/wscom.com.br\/feira-de-empregos-realiza-selecao-on-line-para-9-mil-vagas-de-trabalho\/\">Feira de empregos realiza sele\u00e7\u00e3o on-line para 9 mil vagas de trabalho<\/a> apareceu primeiro em <a rel=\"nofollow\" href=\"https:\/\/wscom.com.br\/\">WSCOM<\/a>.<\/p>\n","protected":false},"author":50,"featured_media":0,"comment_status":"closed","ping_status":"closed","sticky":false,"template":"","format":"standard","meta":{"advgb_blocks_editor_width":"","advgb_blocks_columns_visual_guide":"","footnotes":""},"categories":[69,34],"tags":[35],"class_list":["post-40312","post","type-post","status-publish","format-standard","hentry","category-economia","category-g1","tag-g1"],"author_meta":{"display_name":"Wallyson","author_link":"https:\/\/sindaopcpb.org.br\/author\/wallyson\/"},"featured_img":null,"coauthors":[],"tax_additional":{"categories":{"linked":["<a href=\"https:\/\/sindaopcpb.org.br\/economia\/\" class=\"advgb-post-tax-term\">Economia<\/a>","<a href=\"https:\/\/sindaopcpb.org.br\/g1\/\" class=\"advgb-post-tax-term\">G1<\/a>"],"unlinked":["<span class=\"advgb-post-tax-term\">Economia<\/span>","<span class=\"advgb-post-tax-term\">G1<\/span>"]},"tags":{"linked":["<a href=\"https:\/\/sindaopcpb.org.br\/g1\/\" class=\"advgb-post-tax-term\">g1<\/a>"],"unlinked":["<span class=\"advgb-post-tax-term\">g1<\/span>"]}},"comment_count":"0","relative_dates":{"created":"Publicado 3 anos atr\u00e1s","modified":"Atualizado 3 anos atr\u00e1s"},"absolute_dates":{"created":"Publicado em 25 de outubro de 2023","modified":"Atualizado em 25 de outubro de 2023"},"absolute_dates_time":{"created":"Publicado em 25 de outubro de 2023 10:11","modified":"Atualizado em 25 de outubro de 2023 10:11"},"featured_img_caption":"","series_order":"","_links":{"self":[{"href":"https:\/\/sindaopcpb.org.br\/index.php\/wp-json\/wp\/v2\/posts\/40312","targetHints":{"allow":["GET"]}}],"collection":[{"href":"https:\/\/sindaopcpb.org.br\/index.php\/wp-json\/wp\/v2\/posts"}],"about":[{"href":"https:\/\/sindaopcpb.org.br\/index.php\/wp-json\/wp\/v2\/types\/post"}],"author":[{"embeddable":true,"href":"https:\/\/sindaopcpb.org.br\/index.php\/wp-json\/wp\/v2\/users\/50"}],"replies":[{"embeddable":true,"href":"https:\/\/sindaopcpb.org.br\/index.php\/wp-json\/wp\/v2\/comments?post=40312"}],"version-history":[{"count":1,"href":"https:\/\/sindaopcpb.org.br\/index.php\/wp-json\/wp\/v2\/posts\/40312\/revisions"}],"predecessor-version":[{"id":40313,"href":"https:\/\/sindaopcpb.org.br\/index.php\/wp-json\/wp\/v2\/posts\/40312\/revisions\/40313"}],"wp:attachment":[{"href":"https:\/\/sindaopcpb.org.br\/index.php\/wp-json\/wp\/v2\/media?parent=40312"}],"wp:term":[{"taxonomy":"category","embeddable":true,"href":"https:\/\/sindaopcpb.org.br\/index.php\/wp-json\/wp\/v2\/categories?post=40312"},{"taxonomy":"post_tag","embeddable":true,"href":"https:\/\/sindaopcpb.org.br\/index.php\/wp-json\/wp\/v2\/tags?post=40312"}],"curies":[{"name":"wp","href":"https:\/\/api.w.org\/{rel}","templated":true}]}}