{"id":40302,"date":"2023-10-25T08:41:37","date_gmt":"2023-10-25T11:41:37","guid":{"rendered":"https:\/\/www.infomoney.com.br\/?p=2277669"},"modified":"2023-10-25T08:41:37","modified_gmt":"2023-10-25T11:41:37","slug":"mp-eleitoral-pede-condenacao-de-bolsonaro-por-uso-do-7-de-setembro-julgamento-e-suspenso","status":"publish","type":"post","link":"https:\/\/sindaopcpb.org.br\/index.php\/2023\/10\/25\/mp-eleitoral-pede-condenacao-de-bolsonaro-por-uso-do-7-de-setembro-julgamento-e-suspenso\/","title":{"rendered":"MP Eleitoral pede condena\u00e7\u00e3o de Bolsonaro por uso do 7 de setembro; julgamento \u00e9 suspenso"},"content":{"rendered":"<p><img loading=\"lazy\" width=\"300\" height=\"225\" src=\"https:\/\/www.infomoney.com.br\/wp-content\/uploads\/2022\/09\/ebc_07_setembro_antcrz_abr_0709220672.jpg?fit=300%2C225&amp;quality=70&amp;strip=all\" class=\"attachment-medium size-medium wp-post-image\" alt=\"Desfile c\u00edvico-militar do 7 de Setembro, que este ano comemora o Bicenten\u00e1rio (200 anos) da Independ\u00eancia do Brasil (Foto: Antonio Cruz\/Ag\u00eancia Brasil)\" decoding=\"async\" style=\"float:right; margin:0 0 10px 10px;\" srcset=\"https:\/\/www.infomoney.com.br\/wp-content\/uploads\/2022\/09\/ebc_07_setembro_antcrz_abr_0709220672.jpg?w=1024&amp;quality=70&amp;strip=all 1024w, https:\/\/www.infomoney.com.br\/wp-content\/uploads\/2022\/09\/ebc_07_setembro_antcrz_abr_0709220672.jpg?w=300&amp;quality=70&amp;strip=all 300w, https:\/\/www.infomoney.com.br\/wp-content\/uploads\/2022\/09\/ebc_07_setembro_antcrz_abr_0709220672.jpg?w=768&amp;quality=70&amp;strip=all 768w, https:\/\/www.infomoney.com.br\/wp-content\/uploads\/2022\/09\/ebc_07_setembro_antcrz_abr_0709220672.jpg?w=150&amp;quality=70&amp;strip=all 150w\" sizes=\"auto, (max-width: 300px) 100vw, 300px\" data-attachment-id=\"1930155\" data-permalink=\"https:\/\/www.infomoney.com.br\/politica\/presidenciaveis-criticam-discurso-de-bolsonaro-no-7-de-setembro\/attachment\/ebc_07_setembro_antcrz_abr_0709220672\/\" data-orig-file=\"https:\/\/www.infomoney.com.br\/wp-content\/uploads\/2022\/09\/ebc_07_setembro_antcrz_abr_0709220672.jpg?fit=1024%2C768&amp;quality=70&amp;strip=all\" data-orig-size=\"1024,768\" data-comments-opened=\"0\" data-image-meta=\"{&quot;aperture&quot;:&quot;11&quot;,&quot;credit&quot;:&quot;Antonio Cruz\\\/Ag\\u00eancia Brasil&quot;,&quot;camera&quot;:&quot;Canon EOS-1D X&quot;,&quot;caption&quot;:&quot;Desfile c\\u00edvico-militar do 7 de Setembro, que este ano comemora o Bicenten\\u00e1rio (200 anos) da Independ\\u00eancia do Brasil.&quot;,&quot;created_timestamp&quot;:&quot;1662540900&quot;,&quot;copyright&quot;:&quot;Ag\\u00eancia Brasil\\\/EBC&quot;,&quot;focal_length&quot;:&quot;50&quot;,&quot;iso&quot;:&quot;1000&quot;,&quot;shutter_speed&quot;:&quot;0.0025&quot;,&quot;title&quot;:&quot;&quot;,&quot;orientation&quot;:&quot;1&quot;}\" data-image-title=\"Desfile c\u00edvico-militar do 7 de Setembro, que este ano comemora o Bicenten\u00e1rio (200 anos) da Independ\u00eancia do Brasil (Foto: Antonio Cruz\/Ag\u00eancia Brasil)\" data-image-description=\"&lt;p&gt;Desfile c\u00edvico-militar do 7 de Setembro, que este ano comemora o Bicenten\u00e1rio (200 anos) da Independ\u00eancia do Brasil (Foto: Antonio Cruz\/Ag\u00eancia Brasil)&lt;\/p&gt;\n\" data-image-caption=\"&lt;p&gt;Desfile c\u00edvico-militar do 7 de Setembro, que este ano comemora o Bicenten\u00e1rio (200 anos) da Independ\u00eancia do Brasil (Foto: Antonio Cruz\/Ag\u00eancia Brasil)&lt;\/p&gt;\n\" data-medium-file=\"https:\/\/www.infomoney.com.br\/wp-content\/uploads\/2022\/09\/ebc_07_setembro_antcrz_abr_0709220672.jpg?fit=300%2C225&amp;quality=70&amp;strip=all\" data-large-file=\"https:\/\/www.infomoney.com.br\/wp-content\/uploads\/2022\/09\/ebc_07_setembro_antcrz_abr_0709220672.jpg?fit=1024%2C768&amp;quality=70&amp;strip=all\" title=\"\"><\/p>\n<p>O Tribunal Superior Eleitoral (TSE) come&ccedil;ou a julgar na noite de ter&ccedil;a-feira (24) tr&ecirc;s a&ccedil;&otilde;es contra a conduta do ex-presidente Jair Bolsonaro (PL) durante as comemora&ccedil;&otilde;es do Bicenten&aacute;rio da Independ&ecirc;ncia, em 7 de setembro de 2022.<\/p>\n<p>O julgamento foi suspenso ap&oacute;s a manifesta&ccedil;&atilde;o dos advogados da acusa&ccedil;&atilde;o e da defesa, al&eacute;m do Minist&eacute;rio P&uacute;blico Eleitoral (MPE), e ser&aacute; retomado na quinta-feira (26), com o voto do relator, ministro Benedito Gon&ccedil;alves. O MP Eleitoral pediu a condena&ccedil;&atilde;o de Bolsonaro.<\/p>\n<p>Nas a&ccedil;&otilde;es, o PDT e a senadora Soraya Thronicke (Podemos-MS) pedem a inelegibilidade do ex-presidente, al&eacute;m da aplica&ccedil;&atilde;o de multa, por ter utilizado as comemora&ccedil;&otilde;es do Bicenten&aacute;rio da Independ&ecirc;ncia para promover sua candidatura &agrave; reelei&ccedil;&atilde;o nas elei&ccedil;&otilde;es de outubro do ano passado.<\/p>\n<p>Para a acusa&ccedil;&atilde;o, Bolsonaro usou o 7 de setembro para atos de campanha, utilizando a &ldquo;m&aacute;quina p&uacute;blica em benef&iacute;cio pr&oacute;prio&rdquo;.<\/p>\n<h2>Minist&eacute;rio P&uacute;blico<\/h2>\n<p>O procurador-geral Eleitoral, Paulo Gonet, afirmou que Bolsonaro cometeu abuso para obter vantagem eleitoral e tamb&eacute;m condenou o uso das For&ccedil;as Armadas pela campanha.<\/p>\n<p>&ldquo;O quadro do 7 de setembro de 2022 expunha &agrave; popula&ccedil;&atilde;o a imagem dessa finalidade que a ordem jur&iacute;dica quer evitar, entre o agente pol&iacute;tico em campanha &agrave; reelei&ccedil;&atilde;o e as For&ccedil;as Armadas. A associa&ccedil;&atilde;o do candidato com o referido apoio das For&ccedil;as Armadas se revela de sens&iacute;vel gravidade para a regularidade das elei&ccedil;&otilde;es&rsquo;, afirmou Gonet.<\/p>\n<h2>Defesa de Bolsonaro<\/h2>\n<p>O advogado Tarcisio Vieira de Carvalho defendeu a rejei&ccedil;&atilde;o das a&ccedil;&otilde;es e disse que o ent&atilde;o presidente, que foi derrotado por Luiz In&aacute;cio Lula da Silva (PT) no pleito, n&atilde;o usou a comemora&ccedil;&atilde;o do 7 de setembro para sua candidatura.<\/p>\n<p>Segundo a defesa, Bolsonaro deixou o palanque oficial e foi at&eacute; outra parte da Esplanada dos Minist&eacute;rios, onde um carro de som estava preparado pela campanha, sem vincula&ccedil;&atilde;o com o evento c&iacute;vico. &ldquo;Ap&oacute;s o encerramento do evento, [Bolsonaro] se dirigiu ao local e, sem a faixa presidencial, discursou, na fase posterior do evento oficial, somente para aquelas pessoas que se deslocaram para o local e se dispuseram a ouvir&rdquo;.<\/p>\n<h2>Bolsonaro ineleg&iacute;vel<\/h2>\n<p>Em caso de condena&ccedil;&atilde;o, <a href=\"https:\/\/www.infomoney.com.br\/politica\/tse-forma-maioria-e-torna-bolsonaro-inelegivel-ate-2030-por-abuso-de-poder-politico-em-reuniao-com-embaixadores\/\" rel=\"nofollow noopener\" target=\"_blank\">Bolsonaro pode ficar ineleg&iacute;vel por oito anos pela segunda vez<\/a>. Se isso ocorrer, o prazo de oito anos continua valendo em fun&ccedil;&atilde;o da primeira condena&ccedil;&atilde;o e n&atilde;o ser&aacute; contado duas vezes. A puni&ccedil;&atilde;o tamb&eacute;m pode atingir o general Braga Netto, candidato a vice-presidente na chapa de Bolsonaro.<\/p>\n<p>Em junho deste ano, o ex-presidente foi condenado pelo TSE &agrave; inelegibilidade por oito anos, por abuso de poder pol&iacute;tico e uso indevido dos meios de comunica&ccedil;&atilde;o, ao usar uma reuni&atilde;o com embaixadores, em julho do ano passado, no Pal&aacute;cio da Alvorada, para atacar o sistema eletr&ocirc;nico de vota&ccedil;&atilde;o.<\/p>\n<\/p>\n<div class=\"cta-end\">\n<div class=\"im-cta\" >\n<div class=\"im-shortcode-forms bg-light bg-opacity-25 border rounded-4 p-3 p-sm-4 p-md-3 p-lg-4 px-xxl-5 my-5\" data-configuration='{\"form_name\":false,\"form_hat\":\"Newsletter\",\"form_email\":true,\"form_icon\":\"newsletter\",\"form_phone\":false,\"form_campaign\":\"NIM\",\"form_thankyou\":\"\",\"form_journey\":\"APIEvent-26a5198d-8e09-06ef-5f80-cd9127757ad1\",\"form_button\":\"Quero receber\",\"form_context\":\"newsletter\",\"form_origin\":\"https:\\\/\\\/www.infomoney.com.br\\\/politica\\\/feed\\\/?utm_medium=materia&#038;utm_source=infomoney&#038;utm_campaign=NIM&#038;utm_term=politica&#038;utm_content=newsletter\",\"form_position\":\"final\",\"form_category\":\"cta_form\"}'>\n<div class=\"d-flex flex-column align-items-center align-items-lg-start mb-4 flex-lg-row\">\n<div class=\"rounded-circle mb-2 mb-lg-0 mr-lg-4 me-lg-4 p-3 p-lg-4 bg-blue-400\"><svg width=\"40\" height=\"40\" viewBox=\"0 0 40 40\" fill=\"none\" xmlns=\"http:\/\/www.w3.org\/2000\/svg\"><path d=\"M20 20.25 6.042 11.042v19.041c0 .167.048.299.146.396a.535.535 0 0 0 .395.146h15.792V32.5H6.583a2.328 2.328 0 0 1-1.708-.708 2.328 2.328 0 0 1-.708-1.709V9.917c0-.667.236-1.236.708-1.709A2.328 2.328 0 0 1 6.583 7.5h26.834c.666 0 1.236.236 1.708.708a2.33 2.33 0 0 1 .708 1.709v12.458h-1.875V11.042L20 20.25Zm0-2 13.667-8.875H6.333L20 18.25Zm11.75 18.958-1.292-1.333 3.334-3.375h-9v-1.875h9l-3.375-3.417 1.333-1.291 5.667 5.625-5.667 5.666ZM6.042 11.042v20.791-9.458.25-13.25 1.667Z\" fill=\"#fff\"\/><\/svg><\/div>\n<div class=\"flex-fill text-center text-lg-left\">\n<div class=\"h6 small text-orange-700 lh-base mb-1\">Newsletter<\/div>\n<div class=\"text-body h4 m-0\">Infomorning<\/div>\n<div class=\"text-body small lh-base mt-2\">Receba no seu e-mail logo pela manh&atilde; as not&iacute;cias que v&atilde;o mexer com os mercados, com os seus investimentos e o seu bolso durante o dia<\/div>\n<\/div>\n<\/div>\n<\/div>\n<\/div>\n<\/div>\n<p>The post <a rel=\"nofollow noopener\" href=\"https:\/\/www.infomoney.com.br\/politica\/mp-eleitoral-pede-condenacao-de-bolsonaro-por-uso-do-7-de-setembro-julgamento-e-suspenso\/\" target=\"_blank\">MP Eleitoral pede condena\u00e7\u00e3o de Bolsonaro por uso do 7 de setembro; julgamento \u00e9 suspenso<\/a> appeared first on <a rel=\"nofollow noopener\" href=\"https:\/\/www.infomoney.com.br\/\" target=\"_blank\">InfoMoney<\/a>.<\/p>\n","protected":false},"excerpt":{"rendered":"<p><img loading=\"lazy\" decoding=\"async\" width=\"300\" height=\"225\" src=\"https:\/\/www.infomoney.com.br\/wp-content\/uploads\/2022\/09\/ebc_07_setembro_antcrz_abr_0709220672.jpg?fit=300%2C225&amp;quality=70&amp;strip=all\" class=\"attachment-medium size-medium wp-post-image\" alt=\"Desfile c\u00edvico-militar do 7 de Setembro, que este ano comemora o Bicenten\u00e1rio (200 anos) da Independ\u00eancia do Brasil (Foto: Antonio Cruz\/Ag\u00eancia Brasil)\" data-attachment-id=\"1930155\" data-permalink=\"https:\/\/www.infomoney.com.br\/politica\/presidenciaveis-criticam-discurso-de-bolsonaro-no-7-de-setembro\/attachment\/ebc_07_setembro_antcrz_abr_0709220672\/\" data-orig-file=\"https:\/\/www.infomoney.com.br\/wp-content\/uploads\/2022\/09\/ebc_07_setembro_antcrz_abr_0709220672.jpg?fit=1024%2C768&amp;quality=70&amp;strip=all\" data-orig-size=\"1024,768\" data-comments-opened=\"0\" data-image-meta='{\"aperture\":\"11\",\"credit\":\"Antonio Cruz\\\/Ag\\u00eancia Brasil\",\"camera\":\"Canon EOS-1D X\",\"caption\":\"Desfile c\\u00edvico-militar do 7 de Setembro, que este ano comemora o Bicenten\\u00e1rio (200 anos) da Independ\\u00eancia do Brasil.\",\"created_timestamp\":\"1662540900\",\"copyright\":\"Ag\\u00eancia Brasil\\\/EBC\",\"focal_length\":\"50\",\"iso\":\"1000\",\"shutter_speed\":\"0.0025\",\"title\":\"\",\"orientation\":\"1\"}' data-image-title=\"Desfile c\u00edvico-militar do 7 de Setembro, que este ano comemora o Bicenten\u00e1rio (200 anos) da Independ\u00eancia do Brasil (Foto: Antonio Cruz\/Ag\u00eancia Brasil)\" data-image-description=\"&lt;p&gt;Desfile c\u00edvico-militar do 7 de Setembro, que este ano comemora o Bicenten\u00e1rio (200 anos) da Independ\u00eancia do Brasil (Foto: Antonio Cruz\/Ag\u00eancia Brasil)&lt;\/p&gt;\n\" data-image-caption=\"&lt;p&gt;Desfile c\u00edvico-militar do 7 de Setembro, que este ano comemora o Bicenten\u00e1rio (200 anos) da Independ\u00eancia do Brasil (Foto: Antonio Cruz\/Ag\u00eancia Brasil)&lt;\/p&gt;\n\" data-medium-file=\"https:\/\/www.infomoney.com.br\/wp-content\/uploads\/2022\/09\/ebc_07_setembro_antcrz_abr_0709220672.jpg?fit=300%2C225&amp;quality=70&amp;strip=all\" data-large-file=\"https:\/\/www.infomoney.com.br\/wp-content\/uploads\/2022\/09\/ebc_07_setembro_antcrz_abr_0709220672.jpg?fit=1024%2C768&amp;quality=70&amp;strip=all\">PDT e a senadora Soraya Thronicke (Podemos-MS) pedem a inelegibilidade do ex-presidente por usar a data comemorativa como palanque eleitoral<\/p>\n<p>The post <a rel=\"nofollow\" href=\"https:\/\/www.infomoney.com.br\/politica\/mp-eleitoral-pede-condenacao-de-bolsonaro-por-uso-do-7-de-setembro-julgamento-e-suspenso\/\">MP Eleitoral pede condena\u00e7\u00e3o de Bolsonaro por uso do 7 de setembro; julgamento \u00e9 suspenso<\/a> appeared first on <a rel=\"nofollow\" href=\"https:\/\/www.infomoney.com.br\/\">InfoMoney<\/a>.<\/p>\n","protected":false},"author":44,"featured_media":0,"comment_status":"closed","ping_status":"closed","sticky":false,"template":"","format":"standard","meta":{"advgb_blocks_editor_width":"","advgb_blocks_columns_visual_guide":"","footnotes":""},"categories":[728,34,135,47,464],"tags":[35],"class_list":["post-40302","post","type-post","status-publish","format-standard","hentry","category-eleicoes-2022","category-g1","category-jair-bolsonaro","category-politica","category-tse","tag-g1"],"author_meta":{"display_name":"Ag\u00eancia Brasil","author_link":"https:\/\/sindaopcpb.org.br\/author\/agencia-brasil\/"},"featured_img":null,"coauthors":[],"tax_additional":{"categories":{"linked":["<a href=\"https:\/\/sindaopcpb.org.br\/eleicoes-2022\/\" class=\"advgb-post-tax-term\">Elei\u00e7\u00f5es 2022<\/a>","<a href=\"https:\/\/sindaopcpb.org.br\/g1\/\" class=\"advgb-post-tax-term\">G1<\/a>","<a href=\"https:\/\/sindaopcpb.org.br\/jair-bolsonaro\/\" class=\"advgb-post-tax-term\">Jair Bolsonaro<\/a>","<a href=\"https:\/\/sindaopcpb.org.br\/politica\/\" class=\"advgb-post-tax-term\">POLITICA<\/a>","<a href=\"https:\/\/sindaopcpb.org.br\/tse\/\" class=\"advgb-post-tax-term\">TSE<\/a>"],"unlinked":["<span class=\"advgb-post-tax-term\">Elei\u00e7\u00f5es 2022<\/span>","<span class=\"advgb-post-tax-term\">G1<\/span>","<span class=\"advgb-post-tax-term\">Jair Bolsonaro<\/span>","<span class=\"advgb-post-tax-term\">POLITICA<\/span>","<span class=\"advgb-post-tax-term\">TSE<\/span>"]},"tags":{"linked":["<a href=\"https:\/\/sindaopcpb.org.br\/tse\/\" class=\"advgb-post-tax-term\">g1<\/a>"],"unlinked":["<span class=\"advgb-post-tax-term\">g1<\/span>"]}},"comment_count":"0","relative_dates":{"created":"Publicado 3 anos atr\u00e1s","modified":"Atualizado 3 anos atr\u00e1s"},"absolute_dates":{"created":"Publicado em 25 de outubro de 2023","modified":"Atualizado em 25 de outubro de 2023"},"absolute_dates_time":{"created":"Publicado em 25 de outubro de 2023 08:41","modified":"Atualizado em 25 de outubro de 2023 08:41"},"featured_img_caption":"","series_order":"","_links":{"self":[{"href":"https:\/\/sindaopcpb.org.br\/index.php\/wp-json\/wp\/v2\/posts\/40302","targetHints":{"allow":["GET"]}}],"collection":[{"href":"https:\/\/sindaopcpb.org.br\/index.php\/wp-json\/wp\/v2\/posts"}],"about":[{"href":"https:\/\/sindaopcpb.org.br\/index.php\/wp-json\/wp\/v2\/types\/post"}],"author":[{"embeddable":true,"href":"https:\/\/sindaopcpb.org.br\/index.php\/wp-json\/wp\/v2\/users\/44"}],"replies":[{"embeddable":true,"href":"https:\/\/sindaopcpb.org.br\/index.php\/wp-json\/wp\/v2\/comments?post=40302"}],"version-history":[{"count":1,"href":"https:\/\/sindaopcpb.org.br\/index.php\/wp-json\/wp\/v2\/posts\/40302\/revisions"}],"predecessor-version":[{"id":40303,"href":"https:\/\/sindaopcpb.org.br\/index.php\/wp-json\/wp\/v2\/posts\/40302\/revisions\/40303"}],"wp:attachment":[{"href":"https:\/\/sindaopcpb.org.br\/index.php\/wp-json\/wp\/v2\/media?parent=40302"}],"wp:term":[{"taxonomy":"category","embeddable":true,"href":"https:\/\/sindaopcpb.org.br\/index.php\/wp-json\/wp\/v2\/categories?post=40302"},{"taxonomy":"post_tag","embeddable":true,"href":"https:\/\/sindaopcpb.org.br\/index.php\/wp-json\/wp\/v2\/tags?post=40302"}],"curies":[{"name":"wp","href":"https:\/\/api.w.org\/{rel}","templated":true}]}}