{"id":40287,"date":"2023-10-25T07:41:50","date_gmt":"2023-10-25T10:41:50","guid":{"rendered":"https:\/\/www.infomoney.com.br\/?p=2277613"},"modified":"2023-10-25T07:41:50","modified_gmt":"2023-10-25T10:41:50","slug":"pf-cumpre-mandados-de-prisao-em-nova-fase-de-operacao-sobre-o-8-de-janeiro","status":"publish","type":"post","link":"https:\/\/sindaopcpb.org.br\/index.php\/2023\/10\/25\/pf-cumpre-mandados-de-prisao-em-nova-fase-de-operacao-sobre-o-8-de-janeiro\/","title":{"rendered":"PF cumpre mandados de pris\u00e3o em nova fase de opera\u00e7\u00e3o sobre o 8 de janeiro"},"content":{"rendered":"<p><img loading=\"lazy\" width=\"300\" height=\"200\" src=\"https:\/\/www.infomoney.com.br\/wp-content\/uploads\/2023\/01\/FUP20230108266.jpg?fit=300%2C200&amp;quality=70&amp;strip=all\" class=\"attachment-medium size-medium wp-post-image\" alt=\"\" decoding=\"async\" style=\"float:right; margin:0 0 10px 10px;\" srcset=\"https:\/\/www.infomoney.com.br\/wp-content\/uploads\/2023\/01\/FUP20230108266.jpg?w=3000&amp;quality=70&amp;strip=all 3000w, https:\/\/www.infomoney.com.br\/wp-content\/uploads\/2023\/01\/FUP20230108266.jpg?w=300&amp;quality=70&amp;strip=all 300w, https:\/\/www.infomoney.com.br\/wp-content\/uploads\/2023\/01\/FUP20230108266.jpg?w=768&amp;quality=70&amp;strip=all 768w, https:\/\/www.infomoney.com.br\/wp-content\/uploads\/2023\/01\/FUP20230108266.jpg?w=1280&amp;quality=70&amp;strip=all 1280w, https:\/\/www.infomoney.com.br\/wp-content\/uploads\/2023\/01\/FUP20230108266.jpg?w=1536&amp;quality=70&amp;strip=all 1536w, https:\/\/www.infomoney.com.br\/wp-content\/uploads\/2023\/01\/FUP20230108266.jpg?w=2048&amp;quality=70&amp;strip=all 2048w, https:\/\/www.infomoney.com.br\/wp-content\/uploads\/2023\/01\/FUP20230108266.jpg?w=150&amp;quality=70&amp;strip=all 150w\" sizes=\"auto, (max-width: 300px) 100vw, 300px\" data-attachment-id=\"2025502\" data-permalink=\"https:\/\/www.infomoney.com.br\/manifestacao-congresso-nacional-2\/\" data-orig-file=\"https:\/\/www.infomoney.com.br\/wp-content\/uploads\/2023\/01\/FUP20230108266.jpg?fit=3000%2C2002&amp;quality=70&amp;strip=all\" data-orig-size=\"3000,2002\" data-comments-opened=\"0\" data-image-meta=\"{&quot;aperture&quot;:&quot;0&quot;,&quot;credit&quot;:&quot;ESTAD\\u00c3O CONTE\\u00daDO&quot;,&quot;camera&quot;:&quot;&quot;,&quot;caption&quot;:&quot;DF - MANIFESTA\\u00c7\\u00c3O-CONGRESSO-NACIONAL - POL\\u00cdTICA - Manifestantes bolsonaristas invadem o Congresso Nacional na cidade de Bras\\u00edlia, DF, neste domingo, 08. 08\\\/01\\\/2023 - Foto: MATHEUS W ALVES\\\/FUTURA PRESS\\\/FUTURA PRESS\\\/ESTAD\\u00c3O CONTE\\u00daDO&quot;,&quot;created_timestamp&quot;:&quot;1673188761&quot;,&quot;copyright&quot;:&quot;Copyright \\u00a9 Ag\\u00eancia Estado. Todos os direitos reservados&quot;,&quot;focal_length&quot;:&quot;0&quot;,&quot;iso&quot;:&quot;0&quot;,&quot;shutter_speed&quot;:&quot;0&quot;,&quot;title&quot;:&quot;MANIFESTA\\u00c7\\u00c3O CONGRESSO NACIONAL&quot;,&quot;orientation&quot;:&quot;0&quot;}\" data-image-title=\"MANIFESTA\u00c7\u00c3O CONGRESSO NACIONAL\" data-image-description=\"&lt;p&gt;DF &#8211; MANIFESTA\u00c7\u00c3O-CONGRESSO-NACIONAL &#8211; POL\u00cdTICA &#8211; Manifestantes bolsonaristas invadem o Congresso Nacional na cidade de Bras\u00edlia, DF, neste domingo, 08. 08\/01\/2023 &#8211; Foto: MATHEUS W ALVES\/FUTURA PRESS\/FUTURA PRESS\/ESTAD\u00c3O CONTE\u00daDO&lt;\/p&gt;\n\" data-image-caption=\"&lt;p&gt;Manifestantes bolsonaristas invadem o Congresso Nacional na cidade de Bras\u00edlia, no dia 8 de janeiro de 2023 (Foto: MATHEUS W ALVES\/FUTURA PRESS\/FUTURA PRESS\/ESTAD\u00c3O CONTE\u00daDO)&lt;\/p&gt;\n\" data-medium-file=\"https:\/\/www.infomoney.com.br\/wp-content\/uploads\/2023\/01\/FUP20230108266.jpg?fit=300%2C200&amp;quality=70&amp;strip=all\" data-large-file=\"https:\/\/www.infomoney.com.br\/wp-content\/uploads\/2023\/01\/FUP20230108266.jpg?fit=1280%2C854&amp;quality=70&amp;strip=all\" title=\"\"><\/p>\n<p>A Pol&iacute;cia Federal lan&ccedil;ou nesta quarta-feira (25) nova fase da opera&ccedil;&atilde;o Lesa P&aacute;tria, que investiga os ataques contra as sedes dos Tr&ecirc;s Poderes em Bras&iacute;lia, por militantes radicais partid&aacute;rios do ex-presidente Jair Bolsonaro (PL), em 8 de janeiro deste ano.<\/p>\n<p>As medidas judiciais s&atilde;o cumpridas contra 12 investigados: 5 pris&otilde;es preventivas e 13 mandados de busca e apreens&atilde;o, todos expedidos pelo Supremo Tribunal Federal (STF). Um dos alvos &eacute; L&eacute;o &Iacute;ndio, primo de tr&ecirc;s filhos de Bolsonaro, segundo a GloboNews.<\/p>\n<p>A corpora&ccedil;&atilde;o n&atilde;o revelou os nomes dos investigados. As medidas est&atilde;o sendo cumpridas em 5 cidades de 4 estados: Cuiab&aacute; (MT), C&aacute;ceres (MT), Santos (SP), S&atilde;o Gon&ccedil;alo (RJ) e Bras&iacute;lia (DF).<\/p>\n<p>A investiga&ccedil;&atilde;o envolve crimes de aboli&ccedil;&atilde;o violenta do Estado Democr&aacute;tico de Direito, golpe de Estado, dano qualificado, associa&ccedil;&atilde;o criminosa, incita&ccedil;&atilde;o ao crime, destrui&ccedil;&atilde;o e deteriora&ccedil;&atilde;o ou inutiliza&ccedil;&atilde;o de bem especialmente protegido e crimes da lei de terrorismo, segundo a PF.<\/p>\n<div class=\"infomoney-related-posts\">\n<h4>Leia tamb&eacute;m<\/h4>\n<div class=\"list\">\n<div class=\"row mx-0 item\">\n<div class=\"img-container\">\n<figure><img decoding=\"async\" class=\"img-fluid img-fluid\" src=\"https:\/\/www.infomoney.com.br\/wp-content\/uploads\/2023\/09\/Bolsonaro_Cid.jpg?quality=70&#038;w=150&#038;%23038;h=150&#038;%23038;crop=1&#038;%23038;strip=all\" data-recalc-dims=\"1\" alt=\"\" title=\"\"><\/figure>\n<\/div>\n<div class=\"info\"><span class=\"hl-hat\">Justi&ccedil;a eleitoral<\/span><span class=\"hl-title\"><a href=\"https:\/\/www.infomoney.com.br\/politica\/tse-comeca-a-julgar-acoes-contra-bolsonaro-por-abusos-no-7-de-setembro\/\" rel=\"nofollow noopener\" target=\"_blank\">TSE come&ccedil;a a julgar a&ccedil;&otilde;es contra Bolsonaro por abusos no 7 de setembro<\/a><\/span><span class=\"hl-description\">Ex-presidente &eacute; acusado de utilizadar palanque e transmiss&atilde;o em TV p&uacute;blica em sua campanha para tentar se reeleger<\/span><\/div>\n<\/div>\n<div class=\"row mx-0 item\">\n<div class=\"img-container\">\n<figure><img decoding=\"async\" class=\"img-fluid img-fluid\" src=\"https:\/\/www.infomoney.com.br\/wp-content\/uploads\/2023\/10\/WhatsApp-Image-2023-10-24-at-16.19.20.jpeg?quality=70&#038;w=150&#038;%23038;h=150&#038;%23038;crop=1&#038;%23038;strip=all\" data-recalc-dims=\"1\" alt=\"\" title=\"\"><\/figure>\n<\/div>\n<div class=\"info\"><span class=\"hl-hat\">Oposi&ccedil;&atilde;o ao governo<\/span><span class=\"hl-title\"><a href=\"https:\/\/www.infomoney.com.br\/politica\/com-apoio-de-bolsonaro-oposicao-lanca-frente-parlamentar-contra-invasoes-de-terra\/\" rel=\"nofollow noopener\" target=\"_blank\">Com apoio de Bolsonaro, oposi&ccedil;&atilde;o lan&ccedil;a frente parlamentar contra invas&otilde;es de terra<\/a><\/span><span class=\"hl-description\">Solenidade ocorreu na sede da Frente Parlamentar Agropecu&aacute;ria (FPA), grupo mais conhecido como &lsquo;bancada ruralista&rsquo;<\/span><\/div>\n<\/div>\n<\/div>\n<\/div>\n<div class=\"cta-end\">\n<div class=\"im-cta\" >\n<div class=\"im-shortcode-forms bg-light bg-opacity-25 border rounded-4 p-3 p-sm-4 p-md-3 p-lg-4 px-xxl-5 my-5\" data-configuration='{\"form_name\":false,\"form_hat\":\"Newsletter\",\"form_email\":true,\"form_icon\":\"newsletter\",\"form_phone\":false,\"form_campaign\":\"NIM\",\"form_thankyou\":\"\",\"form_journey\":\"APIEvent-26a5198d-8e09-06ef-5f80-cd9127757ad1\",\"form_button\":\"Quero receber\",\"form_context\":\"newsletter\",\"form_origin\":\"https:\\\/\\\/www.infomoney.com.br\\\/politica\\\/feed\\\/?utm_medium=materia&#038;utm_source=infomoney&#038;utm_campaign=NIM&#038;utm_term=politica&#038;utm_content=newsletter\",\"form_position\":\"final\",\"form_category\":\"cta_form\"}'>\n<div class=\"d-flex flex-column align-items-center align-items-lg-start mb-4 flex-lg-row\">\n<div class=\"rounded-circle mb-2 mb-lg-0 mr-lg-4 me-lg-4 p-3 p-lg-4 bg-blue-400\"><svg width=\"40\" height=\"40\" viewBox=\"0 0 40 40\" fill=\"none\" xmlns=\"http:\/\/www.w3.org\/2000\/svg\"><path d=\"M20 20.25 6.042 11.042v19.041c0 .167.048.299.146.396a.535.535 0 0 0 .395.146h15.792V32.5H6.583a2.328 2.328 0 0 1-1.708-.708 2.328 2.328 0 0 1-.708-1.709V9.917c0-.667.236-1.236.708-1.709A2.328 2.328 0 0 1 6.583 7.5h26.834c.666 0 1.236.236 1.708.708a2.33 2.33 0 0 1 .708 1.709v12.458h-1.875V11.042L20 20.25Zm0-2 13.667-8.875H6.333L20 18.25Zm11.75 18.958-1.292-1.333 3.334-3.375h-9v-1.875h9l-3.375-3.417 1.333-1.291 5.667 5.625-5.667 5.666ZM6.042 11.042v20.791-9.458.25-13.25 1.667Z\" fill=\"#fff\"\/><\/svg><\/div>\n<div class=\"flex-fill text-center text-lg-left\">\n<div class=\"h6 small text-orange-700 lh-base mb-1\">Newsletter<\/div>\n<div class=\"text-body h4 m-0\">Infomorning<\/div>\n<div class=\"text-body small lh-base mt-2\">Receba no seu e-mail logo pela manh&atilde; as not&iacute;cias que v&atilde;o mexer com os mercados, com os seus investimentos e o seu bolso durante o dia<\/div>\n<\/div>\n<\/div>\n<\/div>\n<\/div>\n<\/div>\n<p>The post <a rel=\"nofollow noopener\" href=\"https:\/\/www.infomoney.com.br\/politica\/pf-cumpre-mandados-de-prisao-em-nova-fase-de-operacao-sobre-o-8-de-janeiro\/\" target=\"_blank\">PF cumpre mandados de pris\u00e3o em nova fase de opera\u00e7\u00e3o sobre o 8 de janeiro<\/a> appeared first on <a rel=\"nofollow noopener\" href=\"https:\/\/www.infomoney.com.br\/\" target=\"_blank\">InfoMoney<\/a>.<\/p>\n","protected":false},"excerpt":{"rendered":"<p><img loading=\"lazy\" decoding=\"async\" width=\"300\" height=\"200\" src=\"https:\/\/www.infomoney.com.br\/wp-content\/uploads\/2023\/01\/FUP20230108266.jpg?fit=300%2C200&amp;quality=70&amp;strip=all\" class=\"attachment-medium size-medium wp-post-image\" alt=\"\" data-attachment-id=\"2025502\" data-permalink=\"https:\/\/www.infomoney.com.br\/manifestacao-congresso-nacional-2\/\" data-orig-file=\"https:\/\/www.infomoney.com.br\/wp-content\/uploads\/2023\/01\/FUP20230108266.jpg?fit=3000%2C2002&amp;quality=70&amp;strip=all\" data-orig-size=\"3000,2002\" data-comments-opened=\"0\" data-image-meta='{\"aperture\":\"0\",\"credit\":\"ESTAD\\u00c3O CONTE\\u00daDO\",\"camera\":\"\",\"caption\":\"DF - MANIFESTA\\u00c7\\u00c3O-CONGRESSO-NACIONAL - POL\\u00cdTICA - Manifestantes bolsonaristas invadem o Congresso Nacional na cidade de Bras\\u00edlia, DF, neste domingo, 08. 08\\\/01\\\/2023 - Foto: MATHEUS W ALVES\\\/FUTURA PRESS\\\/FUTURA PRESS\\\/ESTAD\\u00c3O CONTE\\u00daDO\",\"created_timestamp\":\"1673188761\",\"copyright\":\"Copyright \\u00a9 Ag\\u00eancia Estado. Todos os direitos reservados\",\"focal_length\":\"0\",\"iso\":\"0\",\"shutter_speed\":\"0\",\"title\":\"MANIFESTA\\u00c7\\u00c3O CONGRESSO NACIONAL\",\"orientation\":\"0\"}' data-image-title=\"MANIFESTA\u00c7\u00c3O CONGRESSO NACIONAL\" data-image-description=\"&lt;p&gt;DF \u2013 MANIFESTA\u00c7\u00c3O-CONGRESSO-NACIONAL \u2013 POL\u00cdTICA \u2013 Manifestantes bolsonaristas invadem o Congresso Nacional na cidade de Bras\u00edlia, DF, neste domingo, 08. 08\/01\/2023 \u2013 Foto: MATHEUS W ALVES\/FUTURA PRESS\/FUTURA PRESS\/ESTAD\u00c3O CONTE\u00daDO&lt;\/p&gt;\n\" data-image-caption=\"&lt;p&gt;Manifestantes bolsonaristas invadem o Congresso Nacional na cidade de Bras\u00edlia, no dia 8 de janeiro de 2023 (Foto: MATHEUS W ALVES\/FUTURA PRESS\/FUTURA PRESS\/ESTAD\u00c3O CONTE\u00daDO)&lt;\/p&gt;\n\" data-medium-file=\"https:\/\/www.infomoney.com.br\/wp-content\/uploads\/2023\/01\/FUP20230108266.jpg?fit=300%2C200&amp;quality=70&amp;strip=all\" data-large-file=\"https:\/\/www.infomoney.com.br\/wp-content\/uploads\/2023\/01\/FUP20230108266.jpg?fit=1280%2C854&amp;quality=70&amp;strip=all\">Um dos alvos \u00e9 L\u00e9o \u00cdndio, primo de tr\u00eas filhos de Bolsonaro, segundo a GloboNews<\/p>\n<p>The post <a rel=\"nofollow\" href=\"https:\/\/www.infomoney.com.br\/politica\/pf-cumpre-mandados-de-prisao-em-nova-fase-de-operacao-sobre-o-8-de-janeiro\/\">PF cumpre mandados de pris\u00e3o em nova fase de opera\u00e7\u00e3o sobre o 8 de janeiro<\/a> appeared first on <a rel=\"nofollow\" href=\"https:\/\/www.infomoney.com.br\/\">InfoMoney<\/a>.<\/p>\n","protected":false},"author":46,"featured_media":0,"comment_status":"closed","ping_status":"closed","sticky":false,"template":"","format":"standard","meta":{"advgb_blocks_editor_width":"","advgb_blocks_columns_visual_guide":"","footnotes":""},"categories":[34,768,47],"tags":[35],"class_list":["post-40287","post","type-post","status-publish","format-standard","hentry","category-g1","category-policia-federal","category-politica","tag-g1"],"author_meta":{"display_name":"Reuters","author_link":"https:\/\/sindaopcpb.org.br\/author\/reuters\/"},"featured_img":null,"coauthors":[],"tax_additional":{"categories":{"linked":["<a href=\"https:\/\/sindaopcpb.org.br\/g1\/\" class=\"advgb-post-tax-term\">G1<\/a>","<a href=\"https:\/\/sindaopcpb.org.br\/policia-federal\/\" class=\"advgb-post-tax-term\">Policia Federal<\/a>","<a href=\"https:\/\/sindaopcpb.org.br\/politica\/\" class=\"advgb-post-tax-term\">POLITICA<\/a>"],"unlinked":["<span class=\"advgb-post-tax-term\">G1<\/span>","<span class=\"advgb-post-tax-term\">Policia Federal<\/span>","<span class=\"advgb-post-tax-term\">POLITICA<\/span>"]},"tags":{"linked":["<a href=\"https:\/\/sindaopcpb.org.br\/politica\/\" class=\"advgb-post-tax-term\">g1<\/a>"],"unlinked":["<span class=\"advgb-post-tax-term\">g1<\/span>"]}},"comment_count":"0","relative_dates":{"created":"Publicado 3 anos atr\u00e1s","modified":"Atualizado 3 anos atr\u00e1s"},"absolute_dates":{"created":"Publicado em 25 de outubro de 2023","modified":"Atualizado em 25 de outubro de 2023"},"absolute_dates_time":{"created":"Publicado em 25 de outubro de 2023 07:41","modified":"Atualizado em 25 de outubro de 2023 07:41"},"featured_img_caption":"","series_order":"","_links":{"self":[{"href":"https:\/\/sindaopcpb.org.br\/index.php\/wp-json\/wp\/v2\/posts\/40287","targetHints":{"allow":["GET"]}}],"collection":[{"href":"https:\/\/sindaopcpb.org.br\/index.php\/wp-json\/wp\/v2\/posts"}],"about":[{"href":"https:\/\/sindaopcpb.org.br\/index.php\/wp-json\/wp\/v2\/types\/post"}],"author":[{"embeddable":true,"href":"https:\/\/sindaopcpb.org.br\/index.php\/wp-json\/wp\/v2\/users\/46"}],"replies":[{"embeddable":true,"href":"https:\/\/sindaopcpb.org.br\/index.php\/wp-json\/wp\/v2\/comments?post=40287"}],"version-history":[{"count":1,"href":"https:\/\/sindaopcpb.org.br\/index.php\/wp-json\/wp\/v2\/posts\/40287\/revisions"}],"predecessor-version":[{"id":40288,"href":"https:\/\/sindaopcpb.org.br\/index.php\/wp-json\/wp\/v2\/posts\/40287\/revisions\/40288"}],"wp:attachment":[{"href":"https:\/\/sindaopcpb.org.br\/index.php\/wp-json\/wp\/v2\/media?parent=40287"}],"wp:term":[{"taxonomy":"category","embeddable":true,"href":"https:\/\/sindaopcpb.org.br\/index.php\/wp-json\/wp\/v2\/categories?post=40287"},{"taxonomy":"post_tag","embeddable":true,"href":"https:\/\/sindaopcpb.org.br\/index.php\/wp-json\/wp\/v2\/tags?post=40287"}],"curies":[{"name":"wp","href":"https:\/\/api.w.org\/{rel}","templated":true}]}}