{"id":40285,"date":"2023-10-25T07:48:00","date_gmt":"2023-10-25T10:48:00","guid":{"rendered":"https:\/\/www.infomoney.com.br\/?p=2277507"},"modified":"2023-10-25T07:48:00","modified_gmt":"2023-10-25T10:48:00","slug":"pl-das-offshores-relator-sinaliza-que-aliquota-sobre-ganhos-acumulados-pode-subir-de-6-para-8","status":"publish","type":"post","link":"https:\/\/sindaopcpb.org.br\/index.php\/2023\/10\/25\/pl-das-offshores-relator-sinaliza-que-aliquota-sobre-ganhos-acumulados-pode-subir-de-6-para-8\/","title":{"rendered":"PL das offshores: relator sinaliza que al\u00edquota sobre ganhos acumulados pode subir de 6% para 8%"},"content":{"rendered":"<p><img loading=\"lazy\" width=\"300\" height=\"200\" src=\"https:\/\/www.infomoney.com.br\/wp-content\/uploads\/2023\/04\/Pedro_Paulo.jpg?fit=300%2C200&amp;quality=70&amp;strip=all\" class=\"attachment-medium size-medium wp-post-image\" alt=\"\" decoding=\"async\" style=\"float:right; margin:0 0 10px 10px;\" srcset=\"https:\/\/www.infomoney.com.br\/wp-content\/uploads\/2023\/04\/Pedro_Paulo.jpg?w=1000&amp;quality=70&amp;strip=all 1000w, https:\/\/www.infomoney.com.br\/wp-content\/uploads\/2023\/04\/Pedro_Paulo.jpg?w=300&amp;quality=70&amp;strip=all 300w, https:\/\/www.infomoney.com.br\/wp-content\/uploads\/2023\/04\/Pedro_Paulo.jpg?w=768&amp;quality=70&amp;strip=all 768w, https:\/\/www.infomoney.com.br\/wp-content\/uploads\/2023\/04\/Pedro_Paulo.jpg?w=150&amp;quality=70&amp;strip=all 150w\" sizes=\"auto, (max-width: 300px) 100vw, 300px\" data-attachment-id=\"2106688\" data-permalink=\"https:\/\/www.infomoney.com.br\/politica\/sem-ajustes-arcabouco-fiscal-pode-se-esgotar-mais-rapido-do-que-teto-de-gastos-diz-deputado\/attachment\/pedro_paulo\/\" data-orig-file=\"https:\/\/www.infomoney.com.br\/wp-content\/uploads\/2023\/04\/Pedro_Paulo.jpg?fit=1000%2C667&amp;quality=70&amp;strip=all\" data-orig-size=\"1000,667\" data-comments-opened=\"0\" data-image-meta=\"{&quot;aperture&quot;:&quot;0&quot;,&quot;credit&quot;:&quot;&quot;,&quot;camera&quot;:&quot;&quot;,&quot;caption&quot;:&quot;&quot;,&quot;created_timestamp&quot;:&quot;0&quot;,&quot;copyright&quot;:&quot;&quot;,&quot;focal_length&quot;:&quot;0&quot;,&quot;iso&quot;:&quot;0&quot;,&quot;shutter_speed&quot;:&quot;0&quot;,&quot;title&quot;:&quot;&quot;,&quot;orientation&quot;:&quot;0&quot;}\" data-image-title=\"Pedro Paulo\" data-image-description=\"\" data-image-caption=\"&lt;p&gt;O deputado federal Pedro Paulo (PSD-RJ) em sess\u00e3o plen\u00e1ria (Foto: Elaine Menke\/C\u00e2mara dos Deputados)&lt;\/p&gt;\n\" data-medium-file=\"https:\/\/www.infomoney.com.br\/wp-content\/uploads\/2023\/04\/Pedro_Paulo.jpg?fit=300%2C200&amp;quality=70&amp;strip=all\" data-large-file=\"https:\/\/www.infomoney.com.br\/wp-content\/uploads\/2023\/04\/Pedro_Paulo.jpg?fit=1000%2C667&amp;quality=70&amp;strip=all\" title=\"\"><\/p>\n<p>O relator do Projeto de Lei sobre a taxa&ccedil;&atilde;o de fundos de alta renda, Pedro Paulo (PSD-RJ), sinalizou na noite de ter&ccedil;a-feira (24) que a al&iacute;quota para a atualiza&ccedil;&atilde;o dos ganhos acumulados pelos donos desses recursos pode subir de 6% para 8%.<\/p>\n<p>Essa mudan&ccedil;a seria feita para tentar compensar uma eventual equipara&ccedil;&atilde;o do porcentual que incidir&aacute; sobre os rendimentos futuros dos fundos offshore, mantidos por brasileiros em para&iacute;sos fiscais, &agrave; al&iacute;quota que ser&aacute; cobrada sobre o retorno dos fundos exclusivos, mantidos pelos &ldquo;super-ricos&rdquo; no Brasil.<\/p>\n<p>A vota&ccedil;&atilde;o da proposta estava prevista para ontem, mas o presidente da C&acirc;mara, <a href=\"https:\/\/www.infomoney.com.br\/politica\/lira-adia-definicao-de-pauta-da-camara-para-amanha-em-meio-a-negociacoes-sobre-pl-das-offshores\/\" rel=\"nofollow noopener\" target=\"_blank\">Arthur Lira (PP-AL), adiou a reuni&atilde;o do Col&eacute;gio de L&iacute;deres<\/a> que sempre precede a pauta da semana na Casa, e o governo Luiz In&aacute;cio Lula da Silva (PT) tenta votar a proposta ainda nesta semana.<\/p>\n<p>Ainda h&aacute; negocia&ccedil;&otilde;es sobre pontos do texto, mas a avalia&ccedil;&atilde;o no Congresso &eacute; de que a resist&ecirc;ncia em votar o projeto ocorre mais por insatisfa&ccedil;&atilde;o pol&iacute;tica do Centr&atilde;o, com a demora do governo em liberar emendas e nomear aliados para cargos na m&aacute;quina p&uacute;blica, do que por diverg&ecirc;ncias sobre o PL.<\/p>\n<p>Pedro Paulo diz que h&aacute; tr&ecirc;s pontos do projeto que ainda est&atilde;o em negocia&ccedil;&atilde;o. Um deles &eacute; igualar a taxa&ccedil;&atilde;o dos rendimentos futuros das offshores &agrave; dos fundos exclusivos.<\/p>\n<h2>Taxa&ccedil;&atilde;o de fundos offshore e exclusivos<\/h2>\n<p>Pela vers&atilde;o atual do projeto, os fundos dos &ldquo;super-ricos&rdquo; no Brasil seriam tributados com uma al&iacute;quota de 15% sobre os ganhos de longo prazo e 20% sobre os de curto prazo. J&aacute; os fundos no exterior seriam tributados de acordo com o valor dos rendimentos: isen&ccedil;&atilde;o at&eacute; R$ 6 mil, 15% para ganhos entre R$ 6 mil e R$ 50 mil e 22,5% para ganhos acima de R$ 50 mil.<\/p>\n<p>&ldquo;Reduz de 22,5% a tributa&ccedil;&atilde;o sobre os rendimentos futuros dos fundos no exterior para uma al&iacute;quota menor, mas aumenta a da atualiza&ccedil;&atilde;o patrimonial. Em vez de ser 6%, coloca um valor maior&rdquo;, disse Pedro Paulo a jornalistas na C&acirc;mara. &ldquo;Aumenta para 8%. Coloca 15% para os rendimentos das offshores e 8% para o estoque&rdquo;.<\/p>\n<p>Essa seria uma forma de fazer com que a arrecada&ccedil;&atilde;o do governo com a proposta n&atilde;o fosse t&atilde;o reduzida. O PL faz parte do pacote de receitas extras do ministro da Fazenda, Fernando Haddad (PT), para tentar zerar o d&eacute;ficit das contas p&uacute;blicas em 2024. Inicialmente, a equipe econ&ocirc;mica defendia uma al&iacute;quota de 10% para o estoque.<\/p>\n<h2>Cotistas em Fiagros e FIIs<\/h2>\n<p>Outro ponto controverso &eacute; o n&uacute;mero m&iacute;nimo de cotistas para que possa ser formado um Fundo de Investimento em Cadeias Agroindustriais (Fiagro) ou um Fundo de Investimento Imobili&aacute;rio (FII), que s&atilde;o isentos de Imposto de Renda (IR).<\/p>\n<p>O governo havia proposto aumentar o piso de 50 para 500 cotistas, mas o relator reduziu esse n&uacute;mero para 300 e, agora, a Frente Parlamentar da Agropecu&aacute;ria (FPA) quer uma redu&ccedil;&atilde;o ainda maior. A Fazenda argumenta que um n&uacute;mero baixo de cotistas permite que fam&iacute;lias formem um fundo apenas para escapar do pagamento de impostos.<\/p>\n<p>Uma proposta alternativa estudada por Pedro Paulo &eacute; manter o piso de cotistas em 50, mas criar um limite para que familiares n&atilde;o detenham juntos mais de 30% das cotas do fundo. &ldquo;O governo, hoje, principalmente a Receita, enxerga que &eacute; mais f&aacute;cil fechar essa porta pelo n&uacute;mero de cotistas. Eu acho que n&atilde;o. A Receita, por exemplo, acha que &eacute; dif&iacute;cil fiscalizar o real propriet&aacute;rio das cotas. Mas estamos falando de um n&uacute;mero pequeno que burla a regra&rdquo;.<\/p>\n<h2>Fundos de a&ccedil;&otilde;es e FDICs<\/h2>\n<p>O relator afirmou que o terceiro ponto de controv&eacute;rsia &eacute; a classifica&ccedil;&atilde;o do que s&atilde;o exatamente entidades de investimento, como Fundos de A&ccedil;&otilde;es (FIA) e Fundos de Investimento em Direitos Credit&oacute;rios (FIDC), que tamb&eacute;m t&ecirc;m tratamento tribut&aacute;rio diferenciado.<\/p>\n<p>Na vis&atilde;o de l&iacute;deres partid&aacute;rios, o cancelamento da reuni&atilde;o de Lira sobre o projeto da taxa&ccedil;&atilde;o dos &ldquo;super-ricos&rdquo; foi um recado de insatisfa&ccedil;&atilde;o pol&iacute;tica com o governo. Isso porque o encontro &eacute; visto como &ldquo;sagrado&rdquo; para o presidente da C&acirc;mara, e ontem foi ainda mais essencial porque o deputado passou duas semanas fora do Brasil, em miss&otilde;es oficiais na &Iacute;ndia e na China, longe da pauta da C&acirc;mara.<\/p>\n<p>A &uacute;ltima vez que Lira havia cancelado uma reuni&atilde;o como essa havia sido no fim de setembro, ap&oacute;s o presidente Lula ter dito que n&atilde;o estava disposto a trocar t&atilde;o cedo o comando da Caixa Econ&ocirc;mica Federal para atender ao Centr&atilde;o, o que irritou o presidente da C&acirc;mara.<\/p>\n<\/p>\n<div class=\"cta-end\">\n<div class=\"im-cta\" >\n<div class=\"im-shortcode-forms bg-light bg-opacity-25 border rounded-4 p-3 p-sm-4 p-md-3 p-lg-4 px-xxl-5 my-5\" data-configuration='{\"form_name\":false,\"form_hat\":\"Newsletter\",\"form_email\":true,\"form_icon\":\"newsletter\",\"form_phone\":false,\"form_campaign\":\"NIM\",\"form_thankyou\":\"\",\"form_journey\":\"APIEvent-26a5198d-8e09-06ef-5f80-cd9127757ad1\",\"form_button\":\"Quero receber\",\"form_context\":\"newsletter\",\"form_origin\":\"https:\\\/\\\/www.infomoney.com.br\\\/politica\\\/feed\\\/?utm_medium=materia&#038;utm_source=infomoney&#038;utm_campaign=NIM&#038;utm_term=politica&#038;utm_content=newsletter\",\"form_position\":\"final\",\"form_category\":\"cta_form\"}'>\n<div class=\"d-flex flex-column align-items-center align-items-lg-start mb-4 flex-lg-row\">\n<div class=\"rounded-circle mb-2 mb-lg-0 mr-lg-4 me-lg-4 p-3 p-lg-4 bg-blue-400\"><svg width=\"40\" height=\"40\" viewBox=\"0 0 40 40\" fill=\"none\" xmlns=\"http:\/\/www.w3.org\/2000\/svg\"><path d=\"M20 20.25 6.042 11.042v19.041c0 .167.048.299.146.396a.535.535 0 0 0 .395.146h15.792V32.5H6.583a2.328 2.328 0 0 1-1.708-.708 2.328 2.328 0 0 1-.708-1.709V9.917c0-.667.236-1.236.708-1.709A2.328 2.328 0 0 1 6.583 7.5h26.834c.666 0 1.236.236 1.708.708a2.33 2.33 0 0 1 .708 1.709v12.458h-1.875V11.042L20 20.25Zm0-2 13.667-8.875H6.333L20 18.25Zm11.75 18.958-1.292-1.333 3.334-3.375h-9v-1.875h9l-3.375-3.417 1.333-1.291 5.667 5.625-5.667 5.666ZM6.042 11.042v20.791-9.458.25-13.25 1.667Z\" fill=\"#fff\"\/><\/svg><\/div>\n<div class=\"flex-fill text-center text-lg-left\">\n<div class=\"h6 small text-orange-700 lh-base mb-1\">Newsletter<\/div>\n<div class=\"text-body h4 m-0\">Infomorning<\/div>\n<div class=\"text-body small lh-base mt-2\">Receba no seu e-mail logo pela manh&atilde; as not&iacute;cias que v&atilde;o mexer com os mercados, com os seus investimentos e o seu bolso durante o dia<\/div>\n<\/div>\n<\/div>\n<\/div>\n<\/div>\n<\/div>\n<p>The post <a rel=\"nofollow noopener\" href=\"https:\/\/www.infomoney.com.br\/politica\/pl-das-offshores-relator-sinaliza-que-aliquota-sobre-ganhos-acumulados-pode-subir-de-6-para-8\/\" target=\"_blank\">PL das offshores: relator sinaliza que al\u00edquota sobre ganhos acumulados pode subir de 6% para 8%<\/a> appeared first on <a rel=\"nofollow noopener\" href=\"https:\/\/www.infomoney.com.br\/\" target=\"_blank\">InfoMoney<\/a>.<\/p>\n","protected":false},"excerpt":{"rendered":"<p><img loading=\"lazy\" decoding=\"async\" width=\"300\" height=\"200\" src=\"https:\/\/www.infomoney.com.br\/wp-content\/uploads\/2023\/04\/Pedro_Paulo.jpg?fit=300%2C200&amp;quality=70&amp;strip=all\" class=\"attachment-medium size-medium wp-post-image\" alt=\"\" data-attachment-id=\"2106688\" data-permalink=\"https:\/\/www.infomoney.com.br\/politica\/sem-ajustes-arcabouco-fiscal-pode-se-esgotar-mais-rapido-do-que-teto-de-gastos-diz-deputado\/attachment\/pedro_paulo\/\" data-orig-file=\"https:\/\/www.infomoney.com.br\/wp-content\/uploads\/2023\/04\/Pedro_Paulo.jpg?fit=1000%2C667&amp;quality=70&amp;strip=all\" data-orig-size=\"1000,667\" data-comments-opened=\"0\" data-image-meta='{\"aperture\":\"0\",\"credit\":\"\",\"camera\":\"\",\"caption\":\"\",\"created_timestamp\":\"0\",\"copyright\":\"\",\"focal_length\":\"0\",\"iso\":\"0\",\"shutter_speed\":\"0\",\"title\":\"\",\"orientation\":\"0\"}' data-image-title=\"Pedro Paulo\" data-image-description=\"\" data-image-caption=\"&lt;p&gt;O deputado federal Pedro Paulo (PSD-RJ) em sess\u00e3o plen\u00e1ria (Foto: Elaine Menke\/C\u00e2mara dos Deputados)&lt;\/p&gt;\n\" data-medium-file=\"https:\/\/www.infomoney.com.br\/wp-content\/uploads\/2023\/04\/Pedro_Paulo.jpg?fit=300%2C200&amp;quality=70&amp;strip=all\" data-large-file=\"https:\/\/www.infomoney.com.br\/wp-content\/uploads\/2023\/04\/Pedro_Paulo.jpg?fit=1000%2C667&amp;quality=70&amp;strip=all\">Ainda h\u00e1 3 pontos do projeto que est\u00e3o em negocia\u00e7\u00e3o, mas avalia\u00e7\u00e3o no Congresso \u00e9 que resist\u00eancia em votar projeto \u00e9 por insatisfa\u00e7\u00e3o do Centr\u00e3o<\/p>\n<p>The post <a rel=\"nofollow\" href=\"https:\/\/www.infomoney.com.br\/politica\/pl-das-offshores-relator-sinaliza-que-aliquota-sobre-ganhos-acumulados-pode-subir-de-6-para-8\/\">PL das offshores: relator sinaliza que al\u00edquota sobre ganhos acumulados pode subir de 6% para 8%<\/a> appeared first on <a rel=\"nofollow\" href=\"https:\/\/www.infomoney.com.br\/\">InfoMoney<\/a>.<\/p>\n","protected":false},"author":43,"featured_media":0,"comment_status":"closed","ping_status":"closed","sticky":false,"template":"","format":"standard","meta":{"advgb_blocks_editor_width":"","advgb_blocks_columns_visual_guide":"","footnotes":""},"categories":[276,9898,9070,9785,3982,6661,10165,6883,34,1053,444,1108,9729,47],"tags":[35],"class_list":["post-40285","post","type-post","status-publish","format-standard","hentry","category-camara-dos-deputados","category-fiagro","category-fidc","category-fundos-de-acoes","category-fundos-de-investimento","category-fundos-exclusivos","category-fundos-imobiliarios","category-fundos-offshore","category-g1","category-imposto-de-renda","category-minhas-financas","category-onde-investir","category-pedro-paulo","category-politica","tag-g1"],"author_meta":{"display_name":"Estad\u00e3o Conte\u00fado","author_link":"https:\/\/sindaopcpb.org.br\/author\/estadao-conteudo\/"},"featured_img":null,"coauthors":[],"tax_additional":{"categories":{"linked":["<a href=\"https:\/\/sindaopcpb.org.br\/camara-dos-deputados\/\" class=\"advgb-post-tax-term\">C\u00e2mara dos Deputados<\/a>","<a href=\"https:\/\/sindaopcpb.org.br\/fiagro\/\" class=\"advgb-post-tax-term\">Fiagro<\/a>","<a href=\"https:\/\/sindaopcpb.org.br\/fidc\/\" class=\"advgb-post-tax-term\">FIDC<\/a>","<a href=\"https:\/\/sindaopcpb.org.br\/fundos-de-acoes\/\" class=\"advgb-post-tax-term\">Fundos de A\u00e7\u00f5es<\/a>","<a href=\"https:\/\/sindaopcpb.org.br\/fundos-de-investimento\/\" class=\"advgb-post-tax-term\">Fundos de Investimento<\/a>","<a href=\"https:\/\/sindaopcpb.org.br\/fundos-exclusivos\/\" class=\"advgb-post-tax-term\">Fundos Exclusivos<\/a>","<a href=\"https:\/\/sindaopcpb.org.br\/fundos-imobiliarios\/\" class=\"advgb-post-tax-term\">Fundos Imobili\u00e1rios<\/a>","<a href=\"https:\/\/sindaopcpb.org.br\/fundos-offshore\/\" class=\"advgb-post-tax-term\">Fundos Offshore<\/a>","<a href=\"https:\/\/sindaopcpb.org.br\/g1\/\" class=\"advgb-post-tax-term\">G1<\/a>","<a href=\"https:\/\/sindaopcpb.org.br\/imposto-de-renda\/\" class=\"advgb-post-tax-term\">Imposto de Renda<\/a>","<a href=\"https:\/\/sindaopcpb.org.br\/minhas-financas\/\" class=\"advgb-post-tax-term\">Minhas Finan\u00e7as<\/a>","<a href=\"https:\/\/sindaopcpb.org.br\/onde-investir\/\" class=\"advgb-post-tax-term\">Onde Investir<\/a>","<a href=\"https:\/\/sindaopcpb.org.br\/pedro-paulo\/\" class=\"advgb-post-tax-term\">Pedro Paulo<\/a>","<a href=\"https:\/\/sindaopcpb.org.br\/politica\/\" class=\"advgb-post-tax-term\">POLITICA<\/a>"],"unlinked":["<span class=\"advgb-post-tax-term\">C\u00e2mara dos Deputados<\/span>","<span class=\"advgb-post-tax-term\">Fiagro<\/span>","<span class=\"advgb-post-tax-term\">FIDC<\/span>","<span class=\"advgb-post-tax-term\">Fundos de A\u00e7\u00f5es<\/span>","<span class=\"advgb-post-tax-term\">Fundos de Investimento<\/span>","<span class=\"advgb-post-tax-term\">Fundos Exclusivos<\/span>","<span class=\"advgb-post-tax-term\">Fundos Imobili\u00e1rios<\/span>","<span class=\"advgb-post-tax-term\">Fundos Offshore<\/span>","<span class=\"advgb-post-tax-term\">G1<\/span>","<span class=\"advgb-post-tax-term\">Imposto de Renda<\/span>","<span class=\"advgb-post-tax-term\">Minhas Finan\u00e7as<\/span>","<span class=\"advgb-post-tax-term\">Onde Investir<\/span>","<span class=\"advgb-post-tax-term\">Pedro Paulo<\/span>","<span class=\"advgb-post-tax-term\">POLITICA<\/span>"]},"tags":{"linked":["<a href=\"https:\/\/sindaopcpb.org.br\/politica\/\" class=\"advgb-post-tax-term\">g1<\/a>"],"unlinked":["<span class=\"advgb-post-tax-term\">g1<\/span>"]}},"comment_count":"0","relative_dates":{"created":"Publicado 3 anos atr\u00e1s","modified":"Atualizado 3 anos atr\u00e1s"},"absolute_dates":{"created":"Publicado em 25 de outubro de 2023","modified":"Atualizado em 25 de outubro de 2023"},"absolute_dates_time":{"created":"Publicado em 25 de outubro de 2023 07:48","modified":"Atualizado em 25 de outubro de 2023 07:48"},"featured_img_caption":"","series_order":"","_links":{"self":[{"href":"https:\/\/sindaopcpb.org.br\/index.php\/wp-json\/wp\/v2\/posts\/40285","targetHints":{"allow":["GET"]}}],"collection":[{"href":"https:\/\/sindaopcpb.org.br\/index.php\/wp-json\/wp\/v2\/posts"}],"about":[{"href":"https:\/\/sindaopcpb.org.br\/index.php\/wp-json\/wp\/v2\/types\/post"}],"author":[{"embeddable":true,"href":"https:\/\/sindaopcpb.org.br\/index.php\/wp-json\/wp\/v2\/users\/43"}],"replies":[{"embeddable":true,"href":"https:\/\/sindaopcpb.org.br\/index.php\/wp-json\/wp\/v2\/comments?post=40285"}],"version-history":[{"count":1,"href":"https:\/\/sindaopcpb.org.br\/index.php\/wp-json\/wp\/v2\/posts\/40285\/revisions"}],"predecessor-version":[{"id":40286,"href":"https:\/\/sindaopcpb.org.br\/index.php\/wp-json\/wp\/v2\/posts\/40285\/revisions\/40286"}],"wp:attachment":[{"href":"https:\/\/sindaopcpb.org.br\/index.php\/wp-json\/wp\/v2\/media?parent=40285"}],"wp:term":[{"taxonomy":"category","embeddable":true,"href":"https:\/\/sindaopcpb.org.br\/index.php\/wp-json\/wp\/v2\/categories?post=40285"},{"taxonomy":"post_tag","embeddable":true,"href":"https:\/\/sindaopcpb.org.br\/index.php\/wp-json\/wp\/v2\/tags?post=40285"}],"curies":[{"name":"wp","href":"https:\/\/api.w.org\/{rel}","templated":true}]}}