{"id":40265,"date":"2023-10-24T21:33:56","date_gmt":"2023-10-25T00:33:56","guid":{"rendered":"https:\/\/wpa.wscom.com.br\/?p=929511"},"modified":"2023-10-24T21:33:56","modified_gmt":"2023-10-25T00:33:56","slug":"flavio-dino-garante-servico-aeromedico-da-prf-e-doacao-de-helicoptero-a-paraiba-apos-reuniao-com-joao-azevedo","status":"publish","type":"post","link":"https:\/\/sindaopcpb.org.br\/index.php\/2023\/10\/24\/flavio-dino-garante-servico-aeromedico-da-prf-e-doacao-de-helicoptero-a-paraiba-apos-reuniao-com-joao-azevedo\/","title":{"rendered":"Fl\u00e1vio Dino garante servi\u00e7o aerom\u00e9dico da PRF e doa\u00e7\u00e3o de helic\u00f3ptero \u00e0 Para\u00edba ap\u00f3s reuni\u00e3o com Jo\u00e3o Azev\u00eado"},"content":{"rendered":"<p>O governador <strong>Jo\u00e3o Azev\u00eado<\/strong> se reuniu, nesta ter\u00e7a-feira (24), em Bras\u00edlia, com o ministro da Justi\u00e7a, Fl\u00e1vio Dino, ocasi\u00e3o em que assegurou a implanta\u00e7\u00e3o do servi\u00e7o aerom\u00e9dico da Pol\u00edcia Rodovi\u00e1ria Federal (PRF) para o resgate de v\u00edtimas de acidentes nas estradas e a doa\u00e7\u00e3o de um helic\u00f3ptero para refor\u00e7ar as a\u00e7\u00f5es da seguran\u00e7a p\u00fablica e o atendimento na \u00e1rea da sa\u00fade na Para\u00edba.<\/p>\n<p>Na audi\u00eancia ficou definido que o servi\u00e7o aerom\u00e9dico ser\u00e1 implantado na Para\u00edba em fevereiro do pr\u00f3ximo ano. J\u00e1 o helic\u00f3ptero estar\u00e1 dispon\u00edvel para o estado at\u00e9 o final de 2023.<\/p>\n<p>Para a implanta\u00e7\u00e3o do servi\u00e7o aerom\u00e9dico ser\u00e1 firmada uma coopera\u00e7\u00e3o entre o Minist\u00e9rio da Justi\u00e7a e o Governo do Estado, que disponibilizar\u00e1 equipe t\u00e9cnica para a realiza\u00e7\u00e3o do atendimento m\u00e9dico.<\/p>\n<p>J\u00e1 o helic\u00f3ptero ser\u00e1 destinado \u00e0 amplia\u00e7\u00e3o do atendimento na sa\u00fade e nas a\u00e7\u00f5es de seguran\u00e7a p\u00fablica no interior do estado. \u201cTivemos uma reuni\u00e3o muito produtiva e agradecemos ao ministro Fl\u00e1vio Dino pela disposi\u00e7\u00e3o de sempre atender as demandas da Para\u00edba. Com essas duas a\u00e7\u00f5es asseguradas hoje, teremos um refor\u00e7o importante na seguran\u00e7a do nosso estado e na sa\u00fade, que j\u00e1 conta com duas UTIs a\u00e9reas. S\u00e3o investimentos que ir\u00e3o salvar vidas e proteger nossa popula\u00e7\u00e3o\u201d, comentou o governador Jo\u00e3o Azev\u00eado.<\/p>\n<p>Tamb\u00e9m acompanharam a reuni\u00e3o, os secret\u00e1rios Deusdete Queiroga (secret\u00e1rio da Infraestrutura e dos Recursos H\u00eddricos), Marialvo Laureano (Fazenda), Adauto Fernandes (secret\u00e1rio executivo da Representa\u00e7\u00e3o Institucional) e Ronaldo Guerra (chefe de Gabinete do Governador).<\/p>\n<p>O post <a rel=\"nofollow noopener\" href=\"https:\/\/wscom.com.br\/flavio-dino-garante-servico-aeromedico-da-prf\/\" target=\"_blank\">Fl\u00e1vio Dino garante servi\u00e7o aerom\u00e9dico da PRF e doa\u00e7\u00e3o de helic\u00f3ptero \u00e0 Para\u00edba ap\u00f3s reuni\u00e3o com Jo\u00e3o Azev\u00eado<\/a> apareceu primeiro em <a rel=\"nofollow noopener\" href=\"https:\/\/wscom.com.br\/\" target=\"_blank\">WSCOM<\/a>.<\/p>\n","protected":false},"excerpt":{"rendered":"<p>O governador Jo\u00e3o Azev\u00eado se reuniu, nesta ter\u00e7a-feira (24), em Bras\u00edlia, com o ministro da Justi\u00e7a, Fl\u00e1vio Dino, ocasi\u00e3o em que assegurou a implanta\u00e7\u00e3o do servi\u00e7o aerom\u00e9dico da Pol\u00edcia Rodovi\u00e1ria Federal (PRF) para o resgate de v\u00edtimas de acidentes nas estradas e a doa\u00e7\u00e3o de um helic\u00f3ptero para refor\u00e7ar as a\u00e7\u00f5es da seguran\u00e7a p\u00fablica e [\u2026]<\/p>\n<p>O post <a rel=\"nofollow\" href=\"https:\/\/wscom.com.br\/flavio-dino-garante-servico-aeromedico-da-prf\/\">Fl\u00e1vio Dino garante servi\u00e7o aerom\u00e9dico da PRF e doa\u00e7\u00e3o de helic\u00f3ptero \u00e0 Para\u00edba ap\u00f3s reuni\u00e3o com Jo\u00e3o Azev\u00eado<\/a> apareceu primeiro em <a rel=\"nofollow\" href=\"https:\/\/wscom.com.br\/\">WSCOM<\/a>.<\/p>\n","protected":false},"author":50,"featured_media":0,"comment_status":"closed","ping_status":"closed","sticky":false,"template":"","format":"standard","meta":{"advgb_blocks_editor_width":"","advgb_blocks_columns_visual_guide":"","footnotes":""},"categories":[4836,817,34,47,10492],"tags":[35],"class_list":["post-40265","post","type-post","status-publish","format-standard","hentry","category-dino","category-flavio","category-g1","category-politica","category-servio","tag-g1"],"author_meta":{"display_name":"Wallyson","author_link":"https:\/\/sindaopcpb.org.br\/author\/wallyson\/"},"featured_img":null,"coauthors":[],"tax_additional":{"categories":{"linked":["<a href=\"https:\/\/sindaopcpb.org.br\/dino\/\" class=\"advgb-post-tax-term\">Dino<\/a>","<a href=\"https:\/\/sindaopcpb.org.br\/flavio\/\" class=\"advgb-post-tax-term\">fl\u00e1vio<\/a>","<a href=\"https:\/\/sindaopcpb.org.br\/g1\/\" class=\"advgb-post-tax-term\">G1<\/a>","<a href=\"https:\/\/sindaopcpb.org.br\/politica\/\" class=\"advgb-post-tax-term\">POLITICA<\/a>","<a href=\"https:\/\/sindaopcpb.org.br\/servio\/\" class=\"advgb-post-tax-term\">servio<\/a>"],"unlinked":["<span class=\"advgb-post-tax-term\">Dino<\/span>","<span class=\"advgb-post-tax-term\">fl\u00e1vio<\/span>","<span class=\"advgb-post-tax-term\">G1<\/span>","<span class=\"advgb-post-tax-term\">POLITICA<\/span>","<span class=\"advgb-post-tax-term\">servio<\/span>"]},"tags":{"linked":["<a href=\"https:\/\/sindaopcpb.org.br\/servio\/\" class=\"advgb-post-tax-term\">g1<\/a>"],"unlinked":["<span class=\"advgb-post-tax-term\">g1<\/span>"]}},"comment_count":"0","relative_dates":{"created":"Publicado 3 anos atr\u00e1s","modified":"Atualizado 3 anos atr\u00e1s"},"absolute_dates":{"created":"Publicado em 24 de outubro de 2023","modified":"Atualizado em 24 de outubro de 2023"},"absolute_dates_time":{"created":"Publicado em 24 de outubro de 2023 21:33","modified":"Atualizado em 24 de outubro de 2023 21:33"},"featured_img_caption":"","series_order":"","_links":{"self":[{"href":"https:\/\/sindaopcpb.org.br\/index.php\/wp-json\/wp\/v2\/posts\/40265","targetHints":{"allow":["GET"]}}],"collection":[{"href":"https:\/\/sindaopcpb.org.br\/index.php\/wp-json\/wp\/v2\/posts"}],"about":[{"href":"https:\/\/sindaopcpb.org.br\/index.php\/wp-json\/wp\/v2\/types\/post"}],"author":[{"embeddable":true,"href":"https:\/\/sindaopcpb.org.br\/index.php\/wp-json\/wp\/v2\/users\/50"}],"replies":[{"embeddable":true,"href":"https:\/\/sindaopcpb.org.br\/index.php\/wp-json\/wp\/v2\/comments?post=40265"}],"version-history":[{"count":1,"href":"https:\/\/sindaopcpb.org.br\/index.php\/wp-json\/wp\/v2\/posts\/40265\/revisions"}],"predecessor-version":[{"id":40266,"href":"https:\/\/sindaopcpb.org.br\/index.php\/wp-json\/wp\/v2\/posts\/40265\/revisions\/40266"}],"wp:attachment":[{"href":"https:\/\/sindaopcpb.org.br\/index.php\/wp-json\/wp\/v2\/media?parent=40265"}],"wp:term":[{"taxonomy":"category","embeddable":true,"href":"https:\/\/sindaopcpb.org.br\/index.php\/wp-json\/wp\/v2\/categories?post=40265"},{"taxonomy":"post_tag","embeddable":true,"href":"https:\/\/sindaopcpb.org.br\/index.php\/wp-json\/wp\/v2\/tags?post=40265"}],"curies":[{"name":"wp","href":"https:\/\/api.w.org\/{rel}","templated":true}]}}