{"id":40263,"date":"2023-10-24T21:38:27","date_gmt":"2023-10-25T00:38:27","guid":{"rendered":"https:\/\/wpa.wscom.com.br\/?p=929514"},"modified":"2023-10-24T21:38:27","modified_gmt":"2023-10-25T00:38:27","slug":"principal-acusado-de-duplo-homicidio-e-disparos-em-seis-pessoas-no-dia-das-criancas-e-preso-na-grande-joao-pessoa","status":"publish","type":"post","link":"https:\/\/sindaopcpb.org.br\/index.php\/2023\/10\/24\/principal-acusado-de-duplo-homicidio-e-disparos-em-seis-pessoas-no-dia-das-criancas-e-preso-na-grande-joao-pessoa\/","title":{"rendered":"Principal acusado de duplo homic\u00eddio e disparos em seis pessoas no Dia das Crian\u00e7as \u00e9 preso, na Grande Jo\u00e3o Pessoa"},"content":{"rendered":"<p>A Pol\u00edcia Militar prendeu o principal acusado de um duplo homic\u00eddio em Bayeux, e que vitimou outras seis pessoas, incluindo uma crian\u00e7a, antes do feriado do Dia das Crian\u00e7as. A pris\u00e3o do acusado aconteceu na tarde desta ter\u00e7a-feira (24) e foi realizada pelos policiais da 4\u00aa Companhia Independente.<\/p>\n<p>De acordo com o comando da Unidade, o acusado foi preso no bairro do Multir\u00e3o com drogas. \u201cEle \u00e9 apontado por testemunhas como autor dos diversos disparos que atingiram a popula\u00e7\u00e3o e vitimaram fatalmente duas pessoas, na noite do \u00faltimo dia 11, em Bayeux\u201d, explicou o major Sena, comandante da 4\u00aa CIPM.<\/p>\n<p>Ainda segundo a unidade, o acusado \u00e9 ex-presidi\u00e1rio. Ele foi encaminhado para a Delegacia de Homic\u00eddios para a formaliza\u00e7\u00e3o dos procedimentos legais, e onde a investiga\u00e7\u00e3o da Pol\u00edcia Civil dever\u00e1 apontar a real motiva\u00e7\u00e3o do crime. O acusado tamb\u00e9m ser\u00e1 autuado por tr\u00e1fico de drogas.<\/p>\n<p>O post <a rel=\"nofollow noopener\" href=\"https:\/\/wscom.com.br\/principal-acusado-de-duplo-homicidio-e-disparos-e\/\" target=\"_blank\">Principal acusado de duplo homic\u00eddio e disparos em seis pessoas no Dia das Crian\u00e7as \u00e9 preso, na Grande Jo\u00e3o Pessoa<\/a> apareceu primeiro em <a rel=\"nofollow noopener\" href=\"https:\/\/wscom.com.br\/\" target=\"_blank\">WSCOM<\/a>.<\/p>\n","protected":false},"excerpt":{"rendered":"<p>A Pol\u00edcia Militar prendeu o principal acusado de um duplo homic\u00eddio em Bayeux, e que vitimou outras seis pessoas, incluindo uma crian\u00e7a, antes do feriado do Dia das Crian\u00e7as. A pris\u00e3o do acusado aconteceu na tarde desta ter\u00e7a-feira (24) e foi realizada pelos policiais da 4\u00aa Companhia Independente. De acordo com o comando da Unidade, [\u2026]<\/p>\n<p>O post <a rel=\"nofollow\" href=\"https:\/\/wscom.com.br\/principal-acusado-de-duplo-homicidio-e-disparos-e\/\">Principal acusado de duplo homic\u00eddio e disparos em seis pessoas no Dia das Crian\u00e7as \u00e9 preso, na Grande Jo\u00e3o Pessoa<\/a> apareceu primeiro em <a rel=\"nofollow\" href=\"https:\/\/wscom.com.br\/\">WSCOM<\/a>.<\/p>\n","protected":false},"author":50,"featured_media":0,"comment_status":"closed","ping_status":"closed","sticky":false,"template":"","format":"standard","meta":{"advgb_blocks_editor_width":"","advgb_blocks_columns_visual_guide":"","footnotes":""},"categories":[34,389,66],"tags":[35],"class_list":["post-40263","post","type-post","status-publish","format-standard","hentry","category-g1","category-homicidios","category-policial","tag-g1"],"author_meta":{"display_name":"Wallyson","author_link":"https:\/\/sindaopcpb.org.br\/author\/wallyson\/"},"featured_img":null,"coauthors":[],"tax_additional":{"categories":{"linked":["<a href=\"https:\/\/sindaopcpb.org.br\/g1\/\" class=\"advgb-post-tax-term\">G1<\/a>","<a href=\"https:\/\/sindaopcpb.org.br\/homicidios\/\" class=\"advgb-post-tax-term\">HOMICIDIOS<\/a>","<a href=\"https:\/\/sindaopcpb.org.br\/policial\/\" class=\"advgb-post-tax-term\">Policial<\/a>"],"unlinked":["<span class=\"advgb-post-tax-term\">G1<\/span>","<span class=\"advgb-post-tax-term\">HOMICIDIOS<\/span>","<span class=\"advgb-post-tax-term\">Policial<\/span>"]},"tags":{"linked":["<a href=\"https:\/\/sindaopcpb.org.br\/policial\/\" class=\"advgb-post-tax-term\">g1<\/a>"],"unlinked":["<span class=\"advgb-post-tax-term\">g1<\/span>"]}},"comment_count":"0","relative_dates":{"created":"Publicado 3 anos atr\u00e1s","modified":"Atualizado 3 anos atr\u00e1s"},"absolute_dates":{"created":"Publicado em 24 de outubro de 2023","modified":"Atualizado em 24 de outubro de 2023"},"absolute_dates_time":{"created":"Publicado em 24 de outubro de 2023 21:38","modified":"Atualizado em 24 de outubro de 2023 21:38"},"featured_img_caption":"","series_order":"","_links":{"self":[{"href":"https:\/\/sindaopcpb.org.br\/index.php\/wp-json\/wp\/v2\/posts\/40263","targetHints":{"allow":["GET"]}}],"collection":[{"href":"https:\/\/sindaopcpb.org.br\/index.php\/wp-json\/wp\/v2\/posts"}],"about":[{"href":"https:\/\/sindaopcpb.org.br\/index.php\/wp-json\/wp\/v2\/types\/post"}],"author":[{"embeddable":true,"href":"https:\/\/sindaopcpb.org.br\/index.php\/wp-json\/wp\/v2\/users\/50"}],"replies":[{"embeddable":true,"href":"https:\/\/sindaopcpb.org.br\/index.php\/wp-json\/wp\/v2\/comments?post=40263"}],"version-history":[{"count":1,"href":"https:\/\/sindaopcpb.org.br\/index.php\/wp-json\/wp\/v2\/posts\/40263\/revisions"}],"predecessor-version":[{"id":40264,"href":"https:\/\/sindaopcpb.org.br\/index.php\/wp-json\/wp\/v2\/posts\/40263\/revisions\/40264"}],"wp:attachment":[{"href":"https:\/\/sindaopcpb.org.br\/index.php\/wp-json\/wp\/v2\/media?parent=40263"}],"wp:term":[{"taxonomy":"category","embeddable":true,"href":"https:\/\/sindaopcpb.org.br\/index.php\/wp-json\/wp\/v2\/categories?post=40263"},{"taxonomy":"post_tag","embeddable":true,"href":"https:\/\/sindaopcpb.org.br\/index.php\/wp-json\/wp\/v2\/tags?post=40263"}],"curies":[{"name":"wp","href":"https:\/\/api.w.org\/{rel}","templated":true}]}}