{"id":40261,"date":"2023-10-24T21:41:35","date_gmt":"2023-10-25T00:41:35","guid":{"rendered":"https:\/\/wpa.wscom.com.br\/?p=929516"},"modified":"2023-10-24T21:41:35","modified_gmt":"2023-10-25T00:41:35","slug":"carga-de-cigarros-contrabandeados-e-apreendida-em-acao-policial-no-cariri-paraibano","status":"publish","type":"post","link":"https:\/\/sindaopcpb.org.br\/index.php\/2023\/10\/24\/carga-de-cigarros-contrabandeados-e-apreendida-em-acao-policial-no-cariri-paraibano\/","title":{"rendered":"Carga de cigarros contrabandeados \u00e9 apreendida em a\u00e7\u00e3o policial no Cariri paraibano"},"content":{"rendered":"<p>A Pol\u00edcia Militar interceptou uma carga contrabandeada de cigarros do Paraguai e prendeu, pela terceira vez, o principal acusado do crime. A a\u00e7\u00e3o aconteceu nesta ter\u00e7a-feira (24), no munic\u00edpio de Monteiro, no Cariri do estado. Mais de 400 ma\u00e7os de cigarros foram apreendidos.<\/p>\n<p>A a\u00e7\u00e3o aconteceu a partir de uma abordagem dos policiais da For\u00e7a T\u00e1tica do 11\u00ba Batalh\u00e3o, em um carro que transitava no bairro Matadouro, com uma placa do estado de S\u00e3o Paulo. De acordo com a unidade, os policiais encontraram diversas caixas de cigarro no banco traseiro do ve\u00edculo e no porta-malas, totalizando 425 ma\u00e7os em cerca de 10 caixas. O material n\u00e3o possu\u00eda nota fiscal, mas, de acordo com o condutor do carro, a carga vinha do Paraguai.<\/p>\n<p><img decoding=\"async\" loading=\"lazy\" class=\" wp-image-918732 aligncenter\" src=\"http:\/\/www.pm.pb.gov.br\/portal\/wp-content\/uploads\/2023\/10\/contrabando-2-791x445.jpeg\" sizes=\"auto, (max-width: 690px) 100vw, 690px\" srcset=\"https:\/\/www.pm.pb.gov.br\/portal\/wp-content\/uploads\/2023\/10\/contrabando-2-791x445.jpeg 791w, https:\/\/www.pm.pb.gov.br\/portal\/wp-content\/uploads\/2023\/10\/contrabando-2-1013x570.jpeg 1013w, https:\/\/www.pm.pb.gov.br\/portal\/wp-content\/uploads\/2023\/10\/contrabando-2-768x432.jpeg 768w, https:\/\/www.pm.pb.gov.br\/portal\/wp-content\/uploads\/2023\/10\/contrabando-2-1536x864.jpeg 1536w, https:\/\/www.pm.pb.gov.br\/portal\/wp-content\/uploads\/2023\/10\/contrabando-2.jpeg 1600w\" alt=\"\" width=\"690\" height=\"388\" title=\"\"><\/p>\n<p>Toda a ocorr\u00eancia foi encaminhada para a delegacia e onde o suspeito preso foi autuado por contrabando. Ainda segundo os policiais, o acusado confessou que j\u00e1 possu\u00eda duas passagens pelo mesmo crime.<\/p>\n<p><img decoding=\"async\" loading=\"lazy\" class=\" wp-image-918733 aligncenter\" src=\"http:\/\/www.pm.pb.gov.br\/portal\/wp-content\/uploads\/2023\/10\/contrabando-1-250x445.jpeg\" sizes=\"auto, (max-width: 274px) 100vw, 274px\" srcset=\"https:\/\/www.pm.pb.gov.br\/portal\/wp-content\/uploads\/2023\/10\/contrabando-1-250x445.jpeg 250w, https:\/\/www.pm.pb.gov.br\/portal\/wp-content\/uploads\/2023\/10\/contrabando-1-321x570.jpeg 321w, https:\/\/www.pm.pb.gov.br\/portal\/wp-content\/uploads\/2023\/10\/contrabando-1-768x1365.jpeg 768w, https:\/\/www.pm.pb.gov.br\/portal\/wp-content\/uploads\/2023\/10\/contrabando-1-864x1536.jpeg 864w, https:\/\/www.pm.pb.gov.br\/portal\/wp-content\/uploads\/2023\/10\/contrabando-1.jpeg 900w\" alt=\"\" width=\"274\" height=\"488\" title=\"\"><\/p>\n<p>O post <a rel=\"nofollow noopener\" href=\"https:\/\/wscom.com.br\/carga-de-cigarros-contrabandeados-e-apreendida-em-acao-policial-no-cariri-paraibano\/\" target=\"_blank\">Carga de cigarros contrabandeados \u00e9 apreendida em a\u00e7\u00e3o policial no Cariri paraibano<\/a> apareceu primeiro em <a rel=\"nofollow noopener\" href=\"https:\/\/wscom.com.br\/\" target=\"_blank\">WSCOM<\/a>.<\/p>\n","protected":false},"excerpt":{"rendered":"<p>A Pol\u00edcia Militar interceptou uma carga contrabandeada de cigarros do Paraguai e prendeu, pela terceira vez, o principal acusado do crime. A a\u00e7\u00e3o aconteceu nesta ter\u00e7a-feira (24), no munic\u00edpio de Monteiro, no Cariri do estado. Mais de 400 ma\u00e7os de cigarros foram apreendidos. A a\u00e7\u00e3o aconteceu a partir de uma abordagem dos policiais da For\u00e7a [\u2026]<\/p>\n<p>O post <a rel=\"nofollow\" href=\"https:\/\/wscom.com.br\/carga-de-cigarros-contrabandeados-e-apreendida-em-acao-policial-no-cariri-paraibano\/\">Carga de cigarros contrabandeados \u00e9 apreendida em a\u00e7\u00e3o policial no Cariri paraibano<\/a> apareceu primeiro em <a rel=\"nofollow\" href=\"https:\/\/wscom.com.br\/\">WSCOM<\/a>.<\/p>\n","protected":false},"author":50,"featured_media":0,"comment_status":"closed","ping_status":"closed","sticky":false,"template":"","format":"standard","meta":{"advgb_blocks_editor_width":"","advgb_blocks_columns_visual_guide":"","footnotes":""},"categories":[8239,6095,34,944,66],"tags":[35],"class_list":["post-40261","post","type-post","status-publish","format-standard","hentry","category-carga","category-cigarros","category-g1","category-policia","category-policial","tag-g1"],"author_meta":{"display_name":"Wallyson","author_link":"https:\/\/sindaopcpb.org.br\/author\/wallyson\/"},"featured_img":null,"coauthors":[],"tax_additional":{"categories":{"linked":["<a href=\"https:\/\/sindaopcpb.org.br\/carga\/\" class=\"advgb-post-tax-term\">carga<\/a>","<a href=\"https:\/\/sindaopcpb.org.br\/cigarros\/\" class=\"advgb-post-tax-term\">Cigarros<\/a>","<a href=\"https:\/\/sindaopcpb.org.br\/g1\/\" class=\"advgb-post-tax-term\">G1<\/a>","<a href=\"https:\/\/sindaopcpb.org.br\/policia\/\" class=\"advgb-post-tax-term\">Pol\u00edcia<\/a>","<a href=\"https:\/\/sindaopcpb.org.br\/policial\/\" class=\"advgb-post-tax-term\">Policial<\/a>"],"unlinked":["<span class=\"advgb-post-tax-term\">carga<\/span>","<span class=\"advgb-post-tax-term\">Cigarros<\/span>","<span class=\"advgb-post-tax-term\">G1<\/span>","<span class=\"advgb-post-tax-term\">Pol\u00edcia<\/span>","<span class=\"advgb-post-tax-term\">Policial<\/span>"]},"tags":{"linked":["<a href=\"https:\/\/sindaopcpb.org.br\/policial\/\" class=\"advgb-post-tax-term\">g1<\/a>"],"unlinked":["<span class=\"advgb-post-tax-term\">g1<\/span>"]}},"comment_count":"0","relative_dates":{"created":"Publicado 3 anos atr\u00e1s","modified":"Atualizado 3 anos atr\u00e1s"},"absolute_dates":{"created":"Publicado em 24 de outubro de 2023","modified":"Atualizado em 24 de outubro de 2023"},"absolute_dates_time":{"created":"Publicado em 24 de outubro de 2023 21:41","modified":"Atualizado em 24 de outubro de 2023 21:41"},"featured_img_caption":"","series_order":"","_links":{"self":[{"href":"https:\/\/sindaopcpb.org.br\/index.php\/wp-json\/wp\/v2\/posts\/40261","targetHints":{"allow":["GET"]}}],"collection":[{"href":"https:\/\/sindaopcpb.org.br\/index.php\/wp-json\/wp\/v2\/posts"}],"about":[{"href":"https:\/\/sindaopcpb.org.br\/index.php\/wp-json\/wp\/v2\/types\/post"}],"author":[{"embeddable":true,"href":"https:\/\/sindaopcpb.org.br\/index.php\/wp-json\/wp\/v2\/users\/50"}],"replies":[{"embeddable":true,"href":"https:\/\/sindaopcpb.org.br\/index.php\/wp-json\/wp\/v2\/comments?post=40261"}],"version-history":[{"count":1,"href":"https:\/\/sindaopcpb.org.br\/index.php\/wp-json\/wp\/v2\/posts\/40261\/revisions"}],"predecessor-version":[{"id":40262,"href":"https:\/\/sindaopcpb.org.br\/index.php\/wp-json\/wp\/v2\/posts\/40261\/revisions\/40262"}],"wp:attachment":[{"href":"https:\/\/sindaopcpb.org.br\/index.php\/wp-json\/wp\/v2\/media?parent=40261"}],"wp:term":[{"taxonomy":"category","embeddable":true,"href":"https:\/\/sindaopcpb.org.br\/index.php\/wp-json\/wp\/v2\/categories?post=40261"},{"taxonomy":"post_tag","embeddable":true,"href":"https:\/\/sindaopcpb.org.br\/index.php\/wp-json\/wp\/v2\/tags?post=40261"}],"curies":[{"name":"wp","href":"https:\/\/api.w.org\/{rel}","templated":true}]}}