{"id":40237,"date":"2023-10-24T18:17:07","date_gmt":"2023-10-24T21:17:07","guid":{"rendered":"https:\/\/www.infomoney.com.br\/?p=2277255"},"modified":"2023-10-24T18:17:07","modified_gmt":"2023-10-24T21:17:07","slug":"com-apoio-de-bolsonaro-oposicao-lanca-frente-parlamentar-contra-invasoes-de-terra","status":"publish","type":"post","link":"https:\/\/sindaopcpb.org.br\/index.php\/2023\/10\/24\/com-apoio-de-bolsonaro-oposicao-lanca-frente-parlamentar-contra-invasoes-de-terra\/","title":{"rendered":"Com apoio de Bolsonaro, oposi\u00e7\u00e3o lan\u00e7a frente parlamentar contra invas\u00f5es de terra"},"content":{"rendered":"<p><img loading=\"lazy\" width=\"300\" height=\"200\" src=\"https:\/\/www.infomoney.com.br\/wp-content\/uploads\/2023\/10\/WhatsApp-Image-2023-10-24-at-16.19.20.jpeg?fit=300%2C200&amp;quality=70&amp;strip=all\" class=\"attachment-medium size-medium wp-post-image\" alt=\"\" decoding=\"async\" style=\"float:right; margin:0 0 10px 10px;\" srcset=\"https:\/\/www.infomoney.com.br\/wp-content\/uploads\/2023\/10\/WhatsApp-Image-2023-10-24-at-16.19.20.jpeg?w=1280&amp;quality=70&amp;strip=all 1280w, https:\/\/www.infomoney.com.br\/wp-content\/uploads\/2023\/10\/WhatsApp-Image-2023-10-24-at-16.19.20.jpeg?w=300&amp;quality=70&amp;strip=all 300w, https:\/\/www.infomoney.com.br\/wp-content\/uploads\/2023\/10\/WhatsApp-Image-2023-10-24-at-16.19.20.jpeg?w=768&amp;quality=70&amp;strip=all 768w, https:\/\/www.infomoney.com.br\/wp-content\/uploads\/2023\/10\/WhatsApp-Image-2023-10-24-at-16.19.20.jpeg?w=150&amp;quality=70&amp;strip=all 150w\" sizes=\"auto, (max-width: 300px) 100vw, 300px\" data-attachment-id=\"2277325\" data-permalink=\"https:\/\/www.infomoney.com.br\/politica\/com-apoio-de-bolsonaro-oposicao-lanca-frente-parlamentar-contra-invasoes-de-terra\/attachment\/whatsapp-image-2023-10-24-at-16-19-20\/\" data-orig-file=\"https:\/\/www.infomoney.com.br\/wp-content\/uploads\/2023\/10\/WhatsApp-Image-2023-10-24-at-16.19.20.jpeg?fit=1280%2C853&amp;quality=70&amp;strip=all\" data-orig-size=\"1280,853\" data-comments-opened=\"0\" data-image-meta=\"{&quot;aperture&quot;:&quot;0&quot;,&quot;credit&quot;:&quot;&quot;,&quot;camera&quot;:&quot;&quot;,&quot;caption&quot;:&quot;&quot;,&quot;created_timestamp&quot;:&quot;0&quot;,&quot;copyright&quot;:&quot;&quot;,&quot;focal_length&quot;:&quot;0&quot;,&quot;iso&quot;:&quot;0&quot;,&quot;shutter_speed&quot;:&quot;0&quot;,&quot;title&quot;:&quot;&quot;,&quot;orientation&quot;:&quot;0&quot;}\" data-image-title=\"Lan\u00e7amento da Frente Invas\u00e3o Zero\" data-image-description=\"\" data-image-caption=\"&lt;p&gt;Bolsonaro participa do lan\u00e7amento da Frente Invas\u00e3o Zero, em Bras\u00edlia. Foto: Apolos Neto&lt;\/p&gt;\n\" data-medium-file=\"https:\/\/www.infomoney.com.br\/wp-content\/uploads\/2023\/10\/WhatsApp-Image-2023-10-24-at-16.19.20.jpeg?fit=300%2C200&amp;quality=70&amp;strip=all\" data-large-file=\"https:\/\/www.infomoney.com.br\/wp-content\/uploads\/2023\/10\/WhatsApp-Image-2023-10-24-at-16.19.20.jpeg?fit=1280%2C853&amp;quality=70&amp;strip=all\" title=\"\"><\/p>\n<p>A Frente Parlamentar Mista Invas&atilde;o Zero (FPMIZ) foi lan&ccedil;ada nesta ter&ccedil;a-feira (24), em Bras&iacute;lia, com a presen&ccedil;a de senadores e deputados de oposi&ccedil;&atilde;o e do ex-presidente Jair Bolsonaro (PL). O grupo funcionar&aacute; como f&oacute;rum de articula&ccedil;&atilde;o e enfrentamento &agrave; a&ccedil;&atilde;o de movimentos sem terra.<\/p>\n<p>O presidente ser&aacute; o deputado federal Luciano Zucco (Republicanos-RS) e o primeiro vice-presidente, o ex-ministro do Meio Ambiente e agora deputado Ricardo Salles (PL-SP). Zucco foi o presidente da Comiss&atilde;o Parlamentar de Inqu&eacute;rito (CPI) do Movimento Sem Terra (MST), que terminou h&aacute; menos de um m&ecirc;s sem a aprova&ccedil;&atilde;o do seu relat&oacute;rio final, enquanto Salles foi o relator.<\/p>\n<p>A cerim&ocirc;nia de lan&ccedil;amento da FPMIZ foi na sede da &ldquo;bancada ruralista&rdquo;, como &eacute; conhecida a Frente Parlamentar da Agropecu&aacute;ria (FPA), que re&uacute;ne mais de 300 deputados e 50 senadores e &eacute; um dos grupos mais poderosos do Congresso Nacional atualmente.<\/p>\n<p>A frente parlamentar &eacute; vista pela oposi&ccedil;&atilde;o como oportunidade para minar a base do governo Luiz In&aacute;cio Lula da Silva (PT) em um tema considerado pol&ecirc;mico. A CPI do MST terminou sem comprovar v&iacute;nculo de integrantes do governo com a&ccedil;&otilde;es criminosas no campo, mas a comiss&atilde;o presidida por Zucco se notabilizou pelos embates acalorados entre os deputados.<\/p>\n<p>Nesta ter&ccedil;a, Zucco entregou ao vice-presidente da C&acirc;mara, deputado Marcos Pereira (Republicanos-SP), uma lista de projetos que endurecem as penas contra invasores de propriedades, como a proposta que veda a concess&atilde;o de benef&iacute;cios sociais, cr&eacute;dito agr&iacute;cola ou nomea&ccedil;&atilde;o para cargos p&uacute;blicos para quem participa de invas&otilde;es, e outra que permite a a&ccedil;&atilde;o da pol&iacute;cia sem a necessidade de ordem judicial para retomada de propriedades invadidas.<\/p>\n<p>&ldquo;Seremos implac&aacute;veis no combate ao MST, FNL, MTST e todos aqueles que insistem em desrespeitar as leis. Intransigentes contra todas as invas&otilde;es, em respeito ao direito de propriedade, cl&aacute;usula p&eacute;trea de nossa Constitui&ccedil;&atilde;o&rdquo;, afirmou Zucco.<\/p>\n<p>Entre os representantes estaduais da frente parlamentar est&atilde;o nomes como Bia Kicis (PL-DF), Silvia Wai&atilde;pi (PL-AP), Kim Kataguiri (Uni&atilde;o-SP) e Z&eacute; Trov&atilde;o (PL-SC).<\/p>\n<p><strong>Mesa Diretora &ndash; Frente Parlamentar Mista Invas&atilde;o Zero<\/strong><\/p>\n<p>Presidente: Luciano Zucco (Republicanos-RS)<br \/>1&ordm; Vice-presidente: Ricardo Salles (PL-SP)<br \/>2&ordm; Vice-presidente: Magda Mofatto (PATRIOTA-GO)<br \/>3&ordm; Vice-presidente: Caroline de Toni (PL-SC)<br \/>Primeiro Secret&aacute;rio: Messias Donato (Republicanos-ES)<br \/>Segundo Secret&aacute;rio: Capit&atilde;o Alden (PL-BA)<br \/>Terceiro Secret&aacute;rio: Marcos Pollon (PL-MS)<br \/>Rela&ccedil;&otilde;es Institucionais: Pedro Lupion (PP-PR)<\/p>\n<p><strong>Representantes Estaduais da Frente Parlamentar:<\/strong><\/p>\n<p>&bull; Distrito Federal: Bia Kicis (PL-DF);<br \/>&bull; Goi&aacute;s: Gustavo Gayer (PL-GO);<br \/>&bull; Mato Grosso: Deputado Coronel Assis (Uni&atilde;o-MT);<br \/>&bull; Mato Grosso do Sul: Rodolfo Nogueira (PL-MS);<br \/>&bull; Alagoas: Delegado F&aacute;bio Costa (PP-AL)<br \/>&bull; Bahia: Jos&eacute; Rocha (Uni&atilde;o-BA)<br \/>&bull; Cear&aacute;: Andr&eacute; Fernandes (PL-CE)<br \/>&bull; Maranh&atilde;o: Alu&iacute;sio Mendes (Republicanos-MA)<br \/>&bull; Para&iacute;ba: Cabo Gilberto Silva (PL-PB)<br \/>&bull; Pernambuco: Coronel Meira (PL-PE)<br \/>&bull; Piau&iacute;: &Aacute;tila Lira (PP-PI)<br \/>&bull; Rio Grande do Norte: General Gir&atilde;o (PL-RN)<br \/>&bull; Sergipe: Rodrigo Valadares (Uni&atilde;o-SE)<br \/>&bull; Acre: Coronel Ulysses (Uni&atilde;o-AC)<br \/>&bull; Amap&aacute;: Silvia Wai&atilde;pi (PL-AP)<br \/>&bull; Amazonas: Capit&atilde;o Alberto Neto (PL-AM)<br \/>&bull; Par&aacute;: Delegado &Eacute;der Mauro (PL-PA)<br \/>&bull; Rond&ocirc;nia: Coronel Chris&oacute;stomo (PL-RO)<br \/>&bull; Roraima: Nicoletti (Uni&atilde;o-RR)<br \/>&bull; Tocantins: Alexandre Guimar&atilde;es (Republicanos-TO)<br \/>&bull; Esp&iacute;rito Santo: Evair Vieira de Melo (PP-ES)<br \/>&bull; Minas Gerais: Ana Paula Le&atilde;o (PP-MG)<br \/>&bull; Rio de Janeiro: Carlos Jordy (PL-RJ)<br \/>&bull; S&atilde;o Paulo: Kim Kataguiri (Uni&atilde;o-SP)<br \/>&bull; Rio Grande do Sul: Lucas Redecker (PSDB-RS)<br \/>&bull; Santa Catarina: Z&eacute; Trov&atilde;o (PL-SC)<br \/>&bull; Paran&aacute;: Ti&atilde;o Medeiros (PP-PR)<\/p>\n<\/p>\n<div class=\"cta-end\">\n<div class=\"im-cta\" >\n<div class=\"im-shortcode-forms bg-light bg-opacity-25 border rounded-4 p-3 p-sm-4 p-md-3 p-lg-4 px-xxl-5 my-5\" data-configuration='{\"form_name\":false,\"form_hat\":\"Newsletter\",\"form_email\":true,\"form_icon\":\"newsletter\",\"form_phone\":false,\"form_campaign\":\"NIM\",\"form_thankyou\":\"\",\"form_journey\":\"APIEvent-26a5198d-8e09-06ef-5f80-cd9127757ad1\",\"form_button\":\"Quero receber\",\"form_context\":\"newsletter\",\"form_origin\":\"https:\\\/\\\/www.infomoney.com.br\\\/politica\\\/feed\\\/?utm_medium=materia&#038;utm_source=infomoney&#038;utm_campaign=NIM&#038;utm_term=politica&#038;utm_content=newsletter\",\"form_position\":\"final\",\"form_category\":\"cta_form\"}'>\n<div class=\"d-flex flex-column align-items-center align-items-lg-start mb-4 flex-lg-row\">\n<div class=\"rounded-circle mb-2 mb-lg-0 mr-lg-4 me-lg-4 p-3 p-lg-4 bg-blue-400\"><svg width=\"40\" height=\"40\" viewBox=\"0 0 40 40\" fill=\"none\" xmlns=\"http:\/\/www.w3.org\/2000\/svg\"><path d=\"M20 20.25 6.042 11.042v19.041c0 .167.048.299.146.396a.535.535 0 0 0 .395.146h15.792V32.5H6.583a2.328 2.328 0 0 1-1.708-.708 2.328 2.328 0 0 1-.708-1.709V9.917c0-.667.236-1.236.708-1.709A2.328 2.328 0 0 1 6.583 7.5h26.834c.666 0 1.236.236 1.708.708a2.33 2.33 0 0 1 .708 1.709v12.458h-1.875V11.042L20 20.25Zm0-2 13.667-8.875H6.333L20 18.25Zm11.75 18.958-1.292-1.333 3.334-3.375h-9v-1.875h9l-3.375-3.417 1.333-1.291 5.667 5.625-5.667 5.666ZM6.042 11.042v20.791-9.458.25-13.25 1.667Z\" fill=\"#fff\"\/><\/svg><\/div>\n<div class=\"flex-fill text-center text-lg-left\">\n<div class=\"h6 small text-orange-700 lh-base mb-1\">Newsletter<\/div>\n<div class=\"text-body h4 m-0\">Infomorning<\/div>\n<div class=\"text-body small lh-base mt-2\">Receba no seu e-mail logo pela manh&atilde; as not&iacute;cias que v&atilde;o mexer com os mercados, com os seus investimentos e o seu bolso durante o dia<\/div>\n<\/div>\n<\/div>\n<\/div>\n<\/div>\n<\/div>\n<p>The post <a rel=\"nofollow noopener\" href=\"https:\/\/www.infomoney.com.br\/politica\/com-apoio-de-bolsonaro-oposicao-lanca-frente-parlamentar-contra-invasoes-de-terra\/\" target=\"_blank\">Com apoio de Bolsonaro, oposi\u00e7\u00e3o lan\u00e7a frente parlamentar contra invas\u00f5es de terra<\/a> appeared first on <a rel=\"nofollow noopener\" href=\"https:\/\/www.infomoney.com.br\/\" target=\"_blank\">InfoMoney<\/a>.<\/p>\n","protected":false},"excerpt":{"rendered":"<p><img loading=\"lazy\" decoding=\"async\" width=\"300\" height=\"200\" src=\"https:\/\/www.infomoney.com.br\/wp-content\/uploads\/2023\/10\/WhatsApp-Image-2023-10-24-at-16.19.20.jpeg?fit=300%2C200&amp;quality=70&amp;strip=all\" class=\"attachment-medium size-medium wp-post-image\" alt=\"\" data-attachment-id=\"2277325\" data-permalink=\"https:\/\/www.infomoney.com.br\/politica\/com-apoio-de-bolsonaro-oposicao-lanca-frente-parlamentar-contra-invasoes-de-terra\/attachment\/whatsapp-image-2023-10-24-at-16-19-20\/\" data-orig-file=\"https:\/\/www.infomoney.com.br\/wp-content\/uploads\/2023\/10\/WhatsApp-Image-2023-10-24-at-16.19.20.jpeg?fit=1280%2C853&amp;quality=70&amp;strip=all\" data-orig-size=\"1280,853\" data-comments-opened=\"0\" data-image-meta='{\"aperture\":\"0\",\"credit\":\"\",\"camera\":\"\",\"caption\":\"\",\"created_timestamp\":\"0\",\"copyright\":\"\",\"focal_length\":\"0\",\"iso\":\"0\",\"shutter_speed\":\"0\",\"title\":\"\",\"orientation\":\"0\"}' data-image-title=\"Lan\u00e7amento da Frente Invas\u00e3o Zero\" data-image-description=\"\" data-image-caption=\"&lt;p&gt;Bolsonaro participa do lan\u00e7amento da Frente Invas\u00e3o Zero, em Bras\u00edlia. Foto: Apolos Neto&lt;\/p&gt;\n\" data-medium-file=\"https:\/\/www.infomoney.com.br\/wp-content\/uploads\/2023\/10\/WhatsApp-Image-2023-10-24-at-16.19.20.jpeg?fit=300%2C200&amp;quality=70&amp;strip=all\" data-large-file=\"https:\/\/www.infomoney.com.br\/wp-content\/uploads\/2023\/10\/WhatsApp-Image-2023-10-24-at-16.19.20.jpeg?fit=1280%2C853&amp;quality=70&amp;strip=all\">Solenidade ocorreu nesta ter\u00e7a na sede da Frente Parlamentar Agropecu\u00e1ria (FPA), grupo mais conhecido como &#8216;bancada ruralista&#8217;<\/p>\n<p>The post <a rel=\"nofollow\" href=\"https:\/\/www.infomoney.com.br\/politica\/com-apoio-de-bolsonaro-oposicao-lanca-frente-parlamentar-contra-invasoes-de-terra\/\">Com apoio de Bolsonaro, oposi\u00e7\u00e3o lan\u00e7a frente parlamentar contra invas\u00f5es de terra<\/a> appeared first on <a rel=\"nofollow\" href=\"https:\/\/www.infomoney.com.br\/\">InfoMoney<\/a>.<\/p>\n","protected":false},"author":45,"featured_media":0,"comment_status":"closed","ping_status":"closed","sticky":false,"template":"","format":"standard","meta":{"advgb_blocks_editor_width":"","advgb_blocks_columns_visual_guide":"","footnotes":""},"categories":[276,1631,34,135,47],"tags":[35],"class_list":["post-40237","post","type-post","status-publish","format-standard","hentry","category-camara-dos-deputados","category-cpi-do-mst","category-g1","category-jair-bolsonaro","category-politica","tag-g1"],"author_meta":{"display_name":"Equipe InfoMoney","author_link":"https:\/\/sindaopcpb.org.br\/author\/equipe-infomoney\/"},"featured_img":null,"coauthors":[],"tax_additional":{"categories":{"linked":["<a href=\"https:\/\/sindaopcpb.org.br\/camara-dos-deputados\/\" class=\"advgb-post-tax-term\">C\u00e2mara dos Deputados<\/a>","<a href=\"https:\/\/sindaopcpb.org.br\/cpi-do-mst\/\" class=\"advgb-post-tax-term\">CPI do MST<\/a>","<a href=\"https:\/\/sindaopcpb.org.br\/g1\/\" class=\"advgb-post-tax-term\">G1<\/a>","<a href=\"https:\/\/sindaopcpb.org.br\/jair-bolsonaro\/\" class=\"advgb-post-tax-term\">Jair Bolsonaro<\/a>","<a href=\"https:\/\/sindaopcpb.org.br\/politica\/\" class=\"advgb-post-tax-term\">POLITICA<\/a>"],"unlinked":["<span class=\"advgb-post-tax-term\">C\u00e2mara dos Deputados<\/span>","<span class=\"advgb-post-tax-term\">CPI do MST<\/span>","<span class=\"advgb-post-tax-term\">G1<\/span>","<span class=\"advgb-post-tax-term\">Jair Bolsonaro<\/span>","<span class=\"advgb-post-tax-term\">POLITICA<\/span>"]},"tags":{"linked":["<a href=\"https:\/\/sindaopcpb.org.br\/politica\/\" class=\"advgb-post-tax-term\">g1<\/a>"],"unlinked":["<span class=\"advgb-post-tax-term\">g1<\/span>"]}},"comment_count":"0","relative_dates":{"created":"Publicado 3 anos atr\u00e1s","modified":"Atualizado 3 anos atr\u00e1s"},"absolute_dates":{"created":"Publicado em 24 de outubro de 2023","modified":"Atualizado em 24 de outubro de 2023"},"absolute_dates_time":{"created":"Publicado em 24 de outubro de 2023 18:17","modified":"Atualizado em 24 de outubro de 2023 18:17"},"featured_img_caption":"","series_order":"","_links":{"self":[{"href":"https:\/\/sindaopcpb.org.br\/index.php\/wp-json\/wp\/v2\/posts\/40237","targetHints":{"allow":["GET"]}}],"collection":[{"href":"https:\/\/sindaopcpb.org.br\/index.php\/wp-json\/wp\/v2\/posts"}],"about":[{"href":"https:\/\/sindaopcpb.org.br\/index.php\/wp-json\/wp\/v2\/types\/post"}],"author":[{"embeddable":true,"href":"https:\/\/sindaopcpb.org.br\/index.php\/wp-json\/wp\/v2\/users\/45"}],"replies":[{"embeddable":true,"href":"https:\/\/sindaopcpb.org.br\/index.php\/wp-json\/wp\/v2\/comments?post=40237"}],"version-history":[{"count":2,"href":"https:\/\/sindaopcpb.org.br\/index.php\/wp-json\/wp\/v2\/posts\/40237\/revisions"}],"predecessor-version":[{"id":40252,"href":"https:\/\/sindaopcpb.org.br\/index.php\/wp-json\/wp\/v2\/posts\/40237\/revisions\/40252"}],"wp:attachment":[{"href":"https:\/\/sindaopcpb.org.br\/index.php\/wp-json\/wp\/v2\/media?parent=40237"}],"wp:term":[{"taxonomy":"category","embeddable":true,"href":"https:\/\/sindaopcpb.org.br\/index.php\/wp-json\/wp\/v2\/categories?post=40237"},{"taxonomy":"post_tag","embeddable":true,"href":"https:\/\/sindaopcpb.org.br\/index.php\/wp-json\/wp\/v2\/tags?post=40237"}],"curies":[{"name":"wp","href":"https:\/\/api.w.org\/{rel}","templated":true}]}}