{"id":40225,"date":"2023-10-24T18:29:08","date_gmt":"2023-10-24T21:29:08","guid":{"rendered":"https:\/\/wpa.wscom.com.br\/?p=929496"},"modified":"2023-10-24T18:29:08","modified_gmt":"2023-10-24T21:29:08","slug":"prefeitura-de-picui-abre-edital-para-concurso-publico-com-cargos-de-nivel-fundamental-medio-e-superior","status":"publish","type":"post","link":"https:\/\/sindaopcpb.org.br\/index.php\/2023\/10\/24\/prefeitura-de-picui-abre-edital-para-concurso-publico-com-cargos-de-nivel-fundamental-medio-e-superior\/","title":{"rendered":"Prefeitura de Picu\u00ed abre edital para concurso p\u00fablico com cargos de n\u00edvel fundamental, m\u00e9dio e superior"},"content":{"rendered":"<p style=\"font-weight: 400;\">A Prefeitura de Picu\u00ed abriu nesta segunda-feira (23) as inscri\u00e7\u00f5es para o concurso p\u00fablico 001\/2023 para preenchimento de vagas efetivas no munic\u00edpio. De acordo com edital publicado, o concurso \u00e9 de car\u00e1ter eliminat\u00f3rio e classificat\u00f3rio. A execu\u00e7\u00e3o do concurso \u00e9 de responsabilidade da comiss\u00e3o permanente de concursos da Universidade Estadual da Para\u00edba (CPCon).<\/p>\n<p style=\"font-weight: 400;\">O concurso ser\u00e1 realizado em duas fases, a primeira com prova escrita objetiva, de car\u00e1ter eliminat\u00f3rio e classificat\u00f3rio, para todos os cargos. J\u00e1 a segunda fase, \u00e9 para prova pr\u00e1tica de mesmo car\u00e1ter (classificat\u00f3rio e eliminat\u00f3rio) para os cargos de condutor socorrista, motorista e operador de m\u00e1quinas.<\/p>\n<p style=\"font-weight: 400;\">Sobre a avalia\u00e7\u00e3o de t\u00edtulos, de car\u00e1ter classificat\u00f3rio, ser\u00e1 para os cargos de advogado, Bioqu\u00edmico, Enfermeiro, Farmac\u00eautico, M\u00e9dico Generalista ESF, M\u00e9dico Generalista SMS, M\u00e9dico Ginecologista, M\u00e9dico Psiquiatra, M\u00e9dico Socorrista SAMU, M\u00e9dico Auditor, Psic\u00f3logo Cl\u00ednico, Veterin\u00e1rio, Terapeuta Ocupacional, Orientador Educacional, Odont\u00f3logo e Professor de Artes.<\/p>\n<p style=\"font-weight: 400;\">Al\u00e9m disso, o concurso tamb\u00e9m ser\u00e1 formado com o cadastro de reserva. Os cargos disponibilizados v\u00e3o desde o n\u00edvel fundamental incompleto ao superior. As inscri\u00e7\u00f5es dever\u00e3o ser feitas exclusivamente para internet atrav\u00e9s do endere\u00e7o eletr\u00f4nico <a href=\"https:\/\/cpcon.uepb.edu.br\/\" rel=\"nofollow noopener\" target=\"_blank\">cpcon.eupb.edu.br<\/a>. O candidato dever\u00e1 preencher integralmente o formul\u00e1rio eletr\u00f4nico de inscri\u00e7\u00e3o, imprimir o boleto banc\u00e1rio com o valor total do documento correspondente a taxa de inscri\u00e7\u00e3o e verificar se a inscri\u00e7\u00e3o foi conclu\u00edda com sucesso.<\/p>\n<p style=\"font-weight: 400;\">O valor da taxa de inscri\u00e7\u00e3o s\u00e3o os seguintes:<\/p>\n<ul>\n<li style=\"font-weight: 400;\">Cargos de N\u00edvel fundamental completo e incompleto: R$75,00 (Setenta e Cinco Reais)<\/li>\n<li>Cargos de N\u00edvel M\u00e9dio\/t\u00e9cnico: R$95,00 (Noventa e Cinco reais)<\/li>\n<li>Cargos de N\u00edvel Superior e N\u00edvel superior\/magist\u00e9rio: R$115,00 (cento e quinze reais)<\/li>\n<\/ul>\n<p style=\"font-weight: 400;\">O concurso ter\u00e1 validade de dois anos podendo ser prorrogado por igual per\u00edodo. O per\u00edodo de solicita\u00e7\u00e3o de isen\u00e7\u00e3o estar\u00e1 valendo at\u00e9 \u00e0s 23h59min do dia 26\/10. As inscri\u00e7\u00f5es em geral estar\u00e3o abertas at\u00e9 o dia 26\/11 \u00e0s 23h59min.<\/p>\n<p style=\"font-weight: 400;\">Todas as informa\u00e7\u00f5es necess\u00e1rias voc\u00ea encontrar\u00e1\u00a0<b><strong><u><a href=\"https:\/\/cpcon.uepb.edu.br\/prefeitura-municipal-de-picui\/\" rel=\"nofollow noopener\" target=\"_blank\">clicandoaqui<\/a>.<\/u><\/strong><\/b><\/p>\n<p>O post <a rel=\"nofollow noopener\" href=\"https:\/\/wscom.com.br\/prefeitura-de-picui-abre-edital-para-concurso-publico-com-cargos-de-nivel-fundamental-medio-e-superior\/\" target=\"_blank\">Prefeitura de Picu\u00ed abre edital para concurso p\u00fablico com cargos de n\u00edvel fundamental, m\u00e9dio e superior<\/a> apareceu primeiro em <a rel=\"nofollow noopener\" href=\"https:\/\/wscom.com.br\/\" target=\"_blank\">WSCOM<\/a>.<\/p>\n","protected":false},"excerpt":{"rendered":"<p>A Prefeitura de Picu\u00ed abriu nesta segunda-feira (23) as inscri\u00e7\u00f5es para o concurso p\u00fablico 001\/2023 para preenchimento de vagas efetivas no munic\u00edpio. De acordo com edital publicado, o concurso \u00e9 de car\u00e1ter eliminat\u00f3rio e classificat\u00f3rio. A execu\u00e7\u00e3o do concurso \u00e9 de responsabilidade da comiss\u00e3o permanente de concursos da Universidade Estadual da Para\u00edba (CPCon). O concurso [\u2026]<\/p>\n<p>O post <a rel=\"nofollow\" href=\"https:\/\/wscom.com.br\/prefeitura-de-picui-abre-edital-para-concurso-publico-com-cargos-de-nivel-fundamental-medio-e-superior\/\">Prefeitura de Picu\u00ed abre edital para concurso p\u00fablico com cargos de n\u00edvel fundamental, m\u00e9dio e superior<\/a> apareceu primeiro em <a rel=\"nofollow\" href=\"https:\/\/wscom.com.br\/\">WSCOM<\/a>.<\/p>\n","protected":false},"author":49,"featured_media":0,"comment_status":"closed","ping_status":"closed","sticky":false,"template":"","format":"standard","meta":{"advgb_blocks_editor_width":"","advgb_blocks_columns_visual_guide":"","footnotes":""},"categories":[1167,34,54,5205],"tags":[35],"class_list":["post-40225","post","type-post","status-publish","format-standard","hentry","category-concurso-publico","category-g1","category-paraiba","category-picui","tag-g1"],"author_meta":{"display_name":"Cristiane Cavalcante","author_link":"https:\/\/sindaopcpb.org.br\/author\/cristiane-cavalcante\/"},"featured_img":null,"coauthors":[],"tax_additional":{"categories":{"linked":["<a href=\"https:\/\/sindaopcpb.org.br\/concurso-publico\/\" class=\"advgb-post-tax-term\">Concurso P\u00fablico<\/a>","<a href=\"https:\/\/sindaopcpb.org.br\/g1\/\" class=\"advgb-post-tax-term\">G1<\/a>","<a href=\"https:\/\/sindaopcpb.org.br\/paraiba\/\" class=\"advgb-post-tax-term\">Para\u00edba<\/a>","<a href=\"https:\/\/sindaopcpb.org.br\/picui\/\" class=\"advgb-post-tax-term\">Picu\u00ed<\/a>"],"unlinked":["<span class=\"advgb-post-tax-term\">Concurso P\u00fablico<\/span>","<span class=\"advgb-post-tax-term\">G1<\/span>","<span class=\"advgb-post-tax-term\">Para\u00edba<\/span>","<span class=\"advgb-post-tax-term\">Picu\u00ed<\/span>"]},"tags":{"linked":["<a href=\"https:\/\/sindaopcpb.org.br\/picui\/\" class=\"advgb-post-tax-term\">g1<\/a>"],"unlinked":["<span class=\"advgb-post-tax-term\">g1<\/span>"]}},"comment_count":"0","relative_dates":{"created":"Publicado 3 anos atr\u00e1s","modified":"Atualizado 3 anos atr\u00e1s"},"absolute_dates":{"created":"Publicado em 24 de outubro de 2023","modified":"Atualizado em 24 de outubro de 2023"},"absolute_dates_time":{"created":"Publicado em 24 de outubro de 2023 18:29","modified":"Atualizado em 24 de outubro de 2023 18:29"},"featured_img_caption":"","series_order":"","_links":{"self":[{"href":"https:\/\/sindaopcpb.org.br\/index.php\/wp-json\/wp\/v2\/posts\/40225","targetHints":{"allow":["GET"]}}],"collection":[{"href":"https:\/\/sindaopcpb.org.br\/index.php\/wp-json\/wp\/v2\/posts"}],"about":[{"href":"https:\/\/sindaopcpb.org.br\/index.php\/wp-json\/wp\/v2\/types\/post"}],"author":[{"embeddable":true,"href":"https:\/\/sindaopcpb.org.br\/index.php\/wp-json\/wp\/v2\/users\/49"}],"replies":[{"embeddable":true,"href":"https:\/\/sindaopcpb.org.br\/index.php\/wp-json\/wp\/v2\/comments?post=40225"}],"version-history":[{"count":1,"href":"https:\/\/sindaopcpb.org.br\/index.php\/wp-json\/wp\/v2\/posts\/40225\/revisions"}],"predecessor-version":[{"id":40226,"href":"https:\/\/sindaopcpb.org.br\/index.php\/wp-json\/wp\/v2\/posts\/40225\/revisions\/40226"}],"wp:attachment":[{"href":"https:\/\/sindaopcpb.org.br\/index.php\/wp-json\/wp\/v2\/media?parent=40225"}],"wp:term":[{"taxonomy":"category","embeddable":true,"href":"https:\/\/sindaopcpb.org.br\/index.php\/wp-json\/wp\/v2\/categories?post=40225"},{"taxonomy":"post_tag","embeddable":true,"href":"https:\/\/sindaopcpb.org.br\/index.php\/wp-json\/wp\/v2\/tags?post=40225"}],"curies":[{"name":"wp","href":"https:\/\/api.w.org\/{rel}","templated":true}]}}