{"id":40213,"date":"2023-10-24T16:45:21","date_gmt":"2023-10-24T19:45:21","guid":{"rendered":"https:\/\/wpa.wscom.com.br\/?p=929474"},"modified":"2023-10-24T16:45:21","modified_gmt":"2023-10-24T19:45:21","slug":"musicos-funcionarios-e-proprietarios-de-quiosques-se-manifestam-contra-novas-regras-na-orla-de-joao-pessoa","status":"publish","type":"post","link":"https:\/\/sindaopcpb.org.br\/index.php\/2023\/10\/24\/musicos-funcionarios-e-proprietarios-de-quiosques-se-manifestam-contra-novas-regras-na-orla-de-joao-pessoa\/","title":{"rendered":"M\u00fasicos, funcion\u00e1rios e propriet\u00e1rios de quiosques se manifestam contra novas regras na Orla de Jo\u00e3o Pessoa"},"content":{"rendered":"<p>A orla de Cabo Branco e Tamba\u00fa \u00e9 palco hoje de um protesto de m\u00fasicos, funcion\u00e1rios e propriet\u00e1rios de quiosques contra o Termo de Ajustamento de Conduta (TAC) assinado entre \u00f3rg\u00e3os p\u00fablicos para ordenamento da Orla de Jo\u00e3o Pessoa e que, segundo eles,\u00a0 tem impactado negativamente a economia local.<\/p>\n<p>Eles apontam que o TAC em quest\u00e3o, implementado recentemente, vem desencadeando uma onda de desemprego na regi\u00e3o, afetando diretamente os m\u00fasicos. Sanfoneiros, tecladistas e percussionistas encontram-se entre os profissionais mais atingidos, e apontam ter suas fontes de renda &#8216;minguarem&#8217;.<\/p>\n<p>A restri\u00e7\u00e3o de hor\u00e1rio estabelecida pelo TAC n\u00e3o atenderiam adequadamente \u00e0s necessidades comerciais dos quiosques, resultando em preju\u00edzos.<\/p>\n<p>O protesto est\u00e1 marcado para as 19h, no Busto de Tamandar\u00e9.<\/p>\n<p>O post <a rel=\"nofollow noopener\" href=\"https:\/\/wscom.com.br\/musicos-funcionarios-e-proprietarios-de-quiosques-se-manifestam-contra-novas-regras-na-orla-de-joao-pessoa\/\" target=\"_blank\">M\u00fasicos, funcion\u00e1rios e propriet\u00e1rios de quiosques se manifestam contra novas regras na Orla de Jo\u00e3o Pessoa<\/a> apareceu primeiro em <a rel=\"nofollow noopener\" href=\"https:\/\/wscom.com.br\/\" target=\"_blank\">WSCOM<\/a>.<\/p>\n","protected":false},"excerpt":{"rendered":"<p>A orla de Cabo Branco e Tamba\u00fa \u00e9 palco hoje de um protesto de m\u00fasicos, funcion\u00e1rios e propriet\u00e1rios de quiosques contra o Termo de Ajustamento de Conduta (TAC) assinado entre \u00f3rg\u00e3os p\u00fablicos para ordenamento da Orla de Jo\u00e3o Pessoa e que, segundo eles,\u00a0 tem impactado negativamente a economia local. Eles apontam que o TAC em [\u2026]<\/p>\n<p>O post <a rel=\"nofollow\" href=\"https:\/\/wscom.com.br\/musicos-funcionarios-e-proprietarios-de-quiosques-se-manifestam-contra-novas-regras-na-orla-de-joao-pessoa\/\">M\u00fasicos, funcion\u00e1rios e propriet\u00e1rios de quiosques se manifestam contra novas regras na Orla de Jo\u00e3o Pessoa<\/a> apareceu primeiro em <a rel=\"nofollow\" href=\"https:\/\/wscom.com.br\/\">WSCOM<\/a>.<\/p>\n","protected":false},"author":50,"featured_media":0,"comment_status":"closed","ping_status":"closed","sticky":false,"template":"","format":"standard","meta":{"advgb_blocks_editor_width":"","advgb_blocks_columns_visual_guide":"","footnotes":""},"categories":[34,71,2789,47,2060],"tags":[35],"class_list":["post-40213","post","type-post","status-publish","format-standard","hentry","category-g1","category-joao-pessoa","category-orla","category-politica","category-regras","tag-g1"],"author_meta":{"display_name":"Wallyson","author_link":"https:\/\/sindaopcpb.org.br\/author\/wallyson\/"},"featured_img":null,"coauthors":[],"tax_additional":{"categories":{"linked":["<a href=\"https:\/\/sindaopcpb.org.br\/g1\/\" class=\"advgb-post-tax-term\">G1<\/a>","<a href=\"https:\/\/sindaopcpb.org.br\/joao-pessoa\/\" class=\"advgb-post-tax-term\">Jo\u00e3o Pessoa<\/a>","<a href=\"https:\/\/sindaopcpb.org.br\/orla\/\" class=\"advgb-post-tax-term\">Orla<\/a>","<a href=\"https:\/\/sindaopcpb.org.br\/politica\/\" class=\"advgb-post-tax-term\">POLITICA<\/a>","<a href=\"https:\/\/sindaopcpb.org.br\/regras\/\" class=\"advgb-post-tax-term\">regras<\/a>"],"unlinked":["<span class=\"advgb-post-tax-term\">G1<\/span>","<span class=\"advgb-post-tax-term\">Jo\u00e3o Pessoa<\/span>","<span class=\"advgb-post-tax-term\">Orla<\/span>","<span class=\"advgb-post-tax-term\">POLITICA<\/span>","<span class=\"advgb-post-tax-term\">regras<\/span>"]},"tags":{"linked":["<a href=\"https:\/\/sindaopcpb.org.br\/regras\/\" class=\"advgb-post-tax-term\">g1<\/a>"],"unlinked":["<span class=\"advgb-post-tax-term\">g1<\/span>"]}},"comment_count":"0","relative_dates":{"created":"Publicado 3 anos atr\u00e1s","modified":"Atualizado 3 anos atr\u00e1s"},"absolute_dates":{"created":"Publicado em 24 de outubro de 2023","modified":"Atualizado em 24 de outubro de 2023"},"absolute_dates_time":{"created":"Publicado em 24 de outubro de 2023 16:45","modified":"Atualizado em 24 de outubro de 2023 16:45"},"featured_img_caption":"","series_order":"","_links":{"self":[{"href":"https:\/\/sindaopcpb.org.br\/index.php\/wp-json\/wp\/v2\/posts\/40213","targetHints":{"allow":["GET"]}}],"collection":[{"href":"https:\/\/sindaopcpb.org.br\/index.php\/wp-json\/wp\/v2\/posts"}],"about":[{"href":"https:\/\/sindaopcpb.org.br\/index.php\/wp-json\/wp\/v2\/types\/post"}],"author":[{"embeddable":true,"href":"https:\/\/sindaopcpb.org.br\/index.php\/wp-json\/wp\/v2\/users\/50"}],"replies":[{"embeddable":true,"href":"https:\/\/sindaopcpb.org.br\/index.php\/wp-json\/wp\/v2\/comments?post=40213"}],"version-history":[{"count":1,"href":"https:\/\/sindaopcpb.org.br\/index.php\/wp-json\/wp\/v2\/posts\/40213\/revisions"}],"predecessor-version":[{"id":40214,"href":"https:\/\/sindaopcpb.org.br\/index.php\/wp-json\/wp\/v2\/posts\/40213\/revisions\/40214"}],"wp:attachment":[{"href":"https:\/\/sindaopcpb.org.br\/index.php\/wp-json\/wp\/v2\/media?parent=40213"}],"wp:term":[{"taxonomy":"category","embeddable":true,"href":"https:\/\/sindaopcpb.org.br\/index.php\/wp-json\/wp\/v2\/categories?post=40213"},{"taxonomy":"post_tag","embeddable":true,"href":"https:\/\/sindaopcpb.org.br\/index.php\/wp-json\/wp\/v2\/tags?post=40213"}],"curies":[{"name":"wp","href":"https:\/\/api.w.org\/{rel}","templated":true}]}}