{"id":40173,"date":"2023-10-24T15:19:02","date_gmt":"2023-10-24T18:19:02","guid":{"rendered":"https:\/\/g1.globo.com\/pb\/paraiba\/noticia\/2023\/10\/24\/policia-investiga-se-crianca-baleada-na-grande-joao-pessoa-foi-alvo-de-ataque-de-faccao.ghtml"},"modified":"2023-10-24T15:19:02","modified_gmt":"2023-10-24T18:19:02","slug":"policia-investiga-se-crianca-baleada-na-grande-joao-pessoa-foi-alvo-de-ataque-de-faccao","status":"publish","type":"post","link":"https:\/\/sindaopcpb.org.br\/index.php\/2023\/10\/24\/policia-investiga-se-crianca-baleada-na-grande-joao-pessoa-foi-alvo-de-ataque-de-faccao\/","title":{"rendered":"Pol\u00edcia investiga se crian\u00e7a baleada na Grande Jo\u00e3o Pessoa foi alvo de ataque de fac\u00e7\u00e3o"},"content":{"rendered":"    Investigadores aguardam que fam\u00edlia da crian\u00e7a compare\u00e7a \u00e0 delegacia para concluir se crian\u00e7a foi alvo de bala perdida ou atacada por fac\u00e7\u00e3o. Menino de sete anos \u00e9 internado em estado grave ap\u00f3s tiroteio no Jacar\u00e9, em Cabedelo\nA Pol\u00edcia Civil da Para\u00edba investiga se a crian\u00e7a de sete anos baleada na noite de segunda-feira (23) em Cabedelo, na Grande Jo\u00e3o Pessoa, foi alvo de vingan\u00e7a de uma fac\u00e7\u00e3o criminosa ou se foi v\u00edtima de bala perdida. Os investigadores trabalham, inicialmente, com a segunda tese como mais prov\u00e1vel  , mas n\u00e3o descartam que a v\u00edtima possa ter sido alvo de um ataque. A crian\u00e7a est\u00e1 internada no Hospital de Emerg\u00eancia e Trauma de Jo\u00e3o Pessoa em estado grave. \nDe acordo com a delegada Vanderleia Gadi, uma suposta rela\u00e7\u00e3o da crian\u00e7a com um dos alvos da pol\u00edcia de Cabedelo sustenta a possibilidade de um ataque e ser\u00e1 uma das linhas de investiga\u00e7\u00e3o.\n\u201cO que me chamou aten\u00e7\u00e3o \u00e9 que a crian\u00e7a tem um sobrenome j\u00e1 conhecido pela pol\u00edcia. Esse nosso alvo [que tem o mesmo sobrenome] j\u00e1 foi preso por mandado de pris\u00e3o em uma das nossas opera\u00e7\u00f5es recentes e \u00e9 atuante em uma das fac\u00e7\u00f5es que est\u00e3o se sobrepondo no munic\u00edpio de Cabedelo\u201d, explicou a delegada. \u201cSeria de um n\u00edvel de crueldade absurdo se essa crian\u00e7a de sete anos fosse alvo desse ataque\u201d, concluiu. \nVanderleia Gadi ressalta que apenas ser\u00e1 poss\u00edvel determinar como o crime aconteceu ap\u00f3s o depoimento dos pais da crian\u00e7a, por\u00e9m, eles est\u00e3o dando assist\u00eancia para a crian\u00e7a e ainda n\u00e3o puderam comparecer \u00e0 delegacia. Um dos genitores se disponibilizou para prestar depoimento na quarta-feira (25). \n\u201cA gente n\u00e3o vai, em nome da elucida\u00e7\u00e3o do crime, exigir que os pais da crian\u00e7a venham para a delegacia. A gente compreendeu as alega\u00e7\u00f5es\u201d, afirmou. \nA crian\u00e7a foi baleada enquanto atravessava a linha do trem na regi\u00e3o da Praia do Jacar\u00e9, em Cabedelo, na Grande Jo\u00e3o Pessoa. Segundo a Pol\u00edcia Militar, houve uma troca de tiros e a v\u00edtima foi atingida na regi\u00e3o do ombro. Uma equipe policial estava fazendo rondas pelo local e percebeu que a crian\u00e7a estava ferida.\nOs policiais socorreram a crian\u00e7a para o Hospital de Emerg\u00eancia e Trauma de Jo\u00e3o Pessoa, onde a v\u00edtima passou por procedimento cir\u00fargico e, de acordo com a unidade hospitalar, a crian\u00e7a est\u00e1 internada na UTI-Pedi\u00e1trica e o estado de sa\u00fade \u00e9 considerado grave.\nV\u00eddeos mais assistidos do g1 Para\u00edba  ","protected":false},"excerpt":{"rendered":"<p>    Investigadores aguardam que fam\u00edlia da crian\u00e7a compare\u00e7a \u00e0 delegacia para concluir se crian\u00e7a foi alvo de bala perdida ou atacada por fac\u00e7\u00e3o. Menino de sete anos \u00e9 internado em estado grave ap\u00f3s tiroteio no Jacar\u00e9, em Cabedelo<br \/>\nA Pol\u00edcia Civil da Pa&#8230;<\/p>\n","protected":false},"author":2,"featured_media":0,"comment_status":"closed","ping_status":"closed","sticky":false,"template":"","format":"standard","meta":{"advgb_blocks_editor_width":"","advgb_blocks_columns_visual_guide":"","footnotes":""},"categories":[34],"tags":[35],"class_list":["post-40173","post","type-post","status-publish","format-standard","hentry","category-g1","tag-g1"],"author_meta":{"display_name":"g1 &gt; Para\u00edba","author_link":"https:\/\/sindaopcpb.org.br\/author\/g1-paraiba\/"},"featured_img":null,"coauthors":[],"tax_additional":{"categories":{"linked":["<a href=\"https:\/\/sindaopcpb.org.br\/g1\/\" class=\"advgb-post-tax-term\">G1<\/a>"],"unlinked":["<span class=\"advgb-post-tax-term\">G1<\/span>"]},"tags":{"linked":["<a href=\"https:\/\/sindaopcpb.org.br\/g1\/\" class=\"advgb-post-tax-term\">g1<\/a>"],"unlinked":["<span class=\"advgb-post-tax-term\">g1<\/span>"]}},"comment_count":"0","relative_dates":{"created":"Publicado 3 anos atr\u00e1s","modified":"Atualizado 3 anos atr\u00e1s"},"absolute_dates":{"created":"Publicado em 24 de outubro de 2023","modified":"Atualizado em 24 de outubro de 2023"},"absolute_dates_time":{"created":"Publicado em 24 de outubro de 2023 15:19","modified":"Atualizado em 24 de outubro de 2023 15:19"},"featured_img_caption":"","series_order":"","_links":{"self":[{"href":"https:\/\/sindaopcpb.org.br\/index.php\/wp-json\/wp\/v2\/posts\/40173","targetHints":{"allow":["GET"]}}],"collection":[{"href":"https:\/\/sindaopcpb.org.br\/index.php\/wp-json\/wp\/v2\/posts"}],"about":[{"href":"https:\/\/sindaopcpb.org.br\/index.php\/wp-json\/wp\/v2\/types\/post"}],"author":[{"embeddable":true,"href":"https:\/\/sindaopcpb.org.br\/index.php\/wp-json\/wp\/v2\/users\/2"}],"replies":[{"embeddable":true,"href":"https:\/\/sindaopcpb.org.br\/index.php\/wp-json\/wp\/v2\/comments?post=40173"}],"version-history":[{"count":1,"href":"https:\/\/sindaopcpb.org.br\/index.php\/wp-json\/wp\/v2\/posts\/40173\/revisions"}],"predecessor-version":[{"id":40174,"href":"https:\/\/sindaopcpb.org.br\/index.php\/wp-json\/wp\/v2\/posts\/40173\/revisions\/40174"}],"wp:attachment":[{"href":"https:\/\/sindaopcpb.org.br\/index.php\/wp-json\/wp\/v2\/media?parent=40173"}],"wp:term":[{"taxonomy":"category","embeddable":true,"href":"https:\/\/sindaopcpb.org.br\/index.php\/wp-json\/wp\/v2\/categories?post=40173"},{"taxonomy":"post_tag","embeddable":true,"href":"https:\/\/sindaopcpb.org.br\/index.php\/wp-json\/wp\/v2\/tags?post=40173"}],"curies":[{"name":"wp","href":"https:\/\/api.w.org\/{rel}","templated":true}]}}