{"id":40170,"date":"2023-10-24T15:04:06","date_gmt":"2023-10-24T18:04:06","guid":{"rendered":"https:\/\/www.infomoney.com.br\/?p=2277045"},"modified":"2023-10-24T15:04:06","modified_gmt":"2023-10-24T18:04:06","slug":"apos-cirurgia-lula-planeja-viagem-internacional-para-tres-paises","status":"publish","type":"post","link":"https:\/\/sindaopcpb.org.br\/index.php\/2023\/10\/24\/apos-cirurgia-lula-planeja-viagem-internacional-para-tres-paises\/","title":{"rendered":"Ap\u00f3s cirurgia, Lula planeja viagem internacional para tr\u00eas pa\u00edses"},"content":{"rendered":"<p><img loading=\"lazy\" width=\"300\" height=\"225\" src=\"https:\/\/www.infomoney.com.br\/wp-content\/uploads\/2023\/10\/conv_06_4.webp?fit=300%2C225&amp;quality=70&amp;strip=all\" class=\"attachment-medium size-medium wp-post-image\" alt=\"\" decoding=\"async\" style=\"float:right; margin:0 0 10px 10px;\" srcset=\"https:\/\/www.infomoney.com.br\/wp-content\/uploads\/2023\/10\/conv_06_4.webp?w=1024&amp;quality=70&amp;strip=all 1024w, https:\/\/www.infomoney.com.br\/wp-content\/uploads\/2023\/10\/conv_06_4.webp?w=300&amp;quality=70&amp;strip=all 300w, https:\/\/www.infomoney.com.br\/wp-content\/uploads\/2023\/10\/conv_06_4.webp?w=768&amp;quality=70&amp;strip=all 768w, https:\/\/www.infomoney.com.br\/wp-content\/uploads\/2023\/10\/conv_06_4.webp?w=150&amp;quality=70&amp;strip=all 150w\" sizes=\"auto, (max-width: 300px) 100vw, 300px\" data-attachment-id=\"2277062\" data-permalink=\"https:\/\/www.infomoney.com.br\/politica\/apos-cirurgia-lula-planeja-viagem-internacional-para-tres-paises\/attachment\/conv_06_4\/\" data-orig-file=\"https:\/\/www.infomoney.com.br\/wp-content\/uploads\/2023\/10\/conv_06_4.webp?fit=1024%2C768&amp;quality=70&amp;strip=all\" data-orig-size=\"1024,768\" data-comments-opened=\"0\" data-image-meta=\"{&quot;aperture&quot;:&quot;0&quot;,&quot;credit&quot;:&quot;&quot;,&quot;camera&quot;:&quot;&quot;,&quot;caption&quot;:&quot;&quot;,&quot;created_timestamp&quot;:&quot;0&quot;,&quot;copyright&quot;:&quot;&quot;,&quot;focal_length&quot;:&quot;0&quot;,&quot;iso&quot;:&quot;0&quot;,&quot;shutter_speed&quot;:&quot;0&quot;,&quot;title&quot;:&quot;&quot;,&quot;orientation&quot;:&quot;0&quot;}\" data-image-title=\"Luiz In\u00e1cio Lula da Silva\" data-image-description=\"\" data-image-caption=\"&lt;p&gt;Bras\u00edlia (DF), 24.10.2023 &#8211; Presidente Lula \u00e9 entrevistado pelo jornalista Marcos Uchoa para o programa Conversa com o Presidente. Imagem: Canal Gov&lt;\/p&gt;\n\" data-medium-file=\"https:\/\/www.infomoney.com.br\/wp-content\/uploads\/2023\/10\/conv_06_4.webp?fit=300%2C225&amp;quality=70&amp;strip=all\" data-large-file=\"https:\/\/www.infomoney.com.br\/wp-content\/uploads\/2023\/10\/conv_06_4.webp?fit=1024%2C768&amp;quality=70&amp;strip=all\" title=\"\"><\/p>\n<p>O presidente Luiz In&aacute;cio Lula da Silva j&aacute; planeja a sua pr&oacute;xima viagem internacional, em novembro e dezembro, ap&oacute;s a cirurgia a que foi submetido, em 29 de setembro, para restaura&ccedil;&atilde;o da articula&ccedil;&atilde;o do quadril direito. Lula deve cumprir agendas na Ar&aacute;bia Saudita, Emirados &Aacute;rabes e Alemanha.<\/p>\n<p>O presidente entrou na quarta semana de recupera&ccedil;&atilde;o. Nesta ter&ccedil;a-feira (23), no programa semanal Conversa com o Presidente, ele disse que, entre 6 a 8 semanas ap&oacute;s o procedimento, ser&aacute; avaliado pela equipe m&eacute;dica, para s&oacute; ent&atilde;o ser liberado para retomar as viagens. &ldquo;Ainda tenho quatro semanas [de recupera&ccedil;&atilde;o] em casa, no [Pal&aacute;cio da] Alvorada, pra depois ent&atilde;o pensar em viajar&rdquo;, disse.<\/p>\n<p>O pr&oacute;ximo compromisso internacional deve ser a 28&ordf; Confer&ecirc;ncia das Na&ccedil;&otilde;es Unidas sobre Mudan&ccedil;as Clim&aacute;ticas (COP28), em Dubai, nos Emirados &Aacute;rabes Unidos, no fim de novembro, seguida de uma visita &agrave; Alemanha, em 4 e 5 de dezembro. Antes de Dubai, Lula deve passar na Ar&aacute;bia Saudita para tratar sobre os investimentos do pa&iacute;s em obras do Programa de Acelera&ccedil;&atilde;o do Crescimento (PAC).<\/p>\n<p>Antes disso, entretanto, ele pretende visitar alguns estados. Nesta segunda-feira (23), Lula voltou a despachar no Pal&aacute;cio do Planalto e a participar presencialmente de eventos.<\/p>\n<p>&ldquo;Eu estou bem. A cirurgia est&aacute; perfeitamente bem, j&aacute; estou recuperando a normalidade, j&aacute; estou conseguindo andar totalmente a vontade. N&atilde;o posso fazer todos movimentos ainda porque, segundo orienta&ccedil;&atilde;o m&eacute;dica, s&oacute; vou ficar recuperado entre 6 a 8 semanas [ap&oacute;s a cirurgia]&rdquo;, disse. &ldquo;O m&eacute;dico fala o seguinte, quando voc&ecirc; &eacute; muito autossuficiente e pensa que est&aacute; bem e que pode fazer tudo, vai estragar a cirurgia. Ent&atilde;o, eu tenho que tomar muito cuidado, estou voltando a trabalhar aos poucos&rdquo;, contou Lula.<\/p>\n<h2><strong>Dores no quadril<\/strong><\/h2>\n<p>O presidente tinha artrose na cabe&ccedil;a do f&ecirc;mur do quadril direito, que &eacute; um desgaste na cartilagem que reveste as articula&ccedil;&otilde;es, o que causa dores e at&eacute; limita&ccedil;&otilde;es de movimento. Nos &uacute;ltimos meses antes da cirurgia, ele vinha se queixando de dores com mais frequ&ecirc;ncia.<\/p>\n<p>Lula foi submetido a uma artroplastia total do quadril, procedimento que substitui a articula&ccedil;&atilde;o do quadril doente por uma pr&oacute;tese artificial. Al&eacute;m dela, ele passou por uma blefaroplastia, cirurgia pl&aacute;stica para retirar o excesso de pele das p&aacute;lpebras.<\/p>\n<\/p>\n<div class=\"cta-end\">\n<div class=\"im-cta\" >\n<div class=\"im-shortcode-forms bg-light bg-opacity-25 border rounded-4 p-3 p-sm-4 p-md-3 p-lg-4 px-xxl-5 my-5\" data-configuration='{\"form_name\":false,\"form_hat\":\"Newsletter\",\"form_email\":true,\"form_icon\":\"newsletter\",\"form_phone\":false,\"form_campaign\":\"NIM\",\"form_thankyou\":\"\",\"form_journey\":\"APIEvent-26a5198d-8e09-06ef-5f80-cd9127757ad1\",\"form_button\":\"Quero receber\",\"form_context\":\"newsletter\",\"form_origin\":\"https:\\\/\\\/www.infomoney.com.br\\\/politica\\\/feed\\\/?utm_medium=materia&#038;utm_source=infomoney&#038;utm_campaign=NIM&#038;utm_term=politica&#038;utm_content=newsletter\",\"form_position\":\"final\",\"form_category\":\"cta_form\"}'>\n<div class=\"d-flex flex-column align-items-center align-items-lg-start mb-4 flex-lg-row\">\n<div class=\"rounded-circle mb-2 mb-lg-0 mr-lg-4 me-lg-4 p-3 p-lg-4 bg-blue-400\"><svg width=\"40\" height=\"40\" viewBox=\"0 0 40 40\" fill=\"none\" xmlns=\"http:\/\/www.w3.org\/2000\/svg\"><path d=\"M20 20.25 6.042 11.042v19.041c0 .167.048.299.146.396a.535.535 0 0 0 .395.146h15.792V32.5H6.583a2.328 2.328 0 0 1-1.708-.708 2.328 2.328 0 0 1-.708-1.709V9.917c0-.667.236-1.236.708-1.709A2.328 2.328 0 0 1 6.583 7.5h26.834c.666 0 1.236.236 1.708.708a2.33 2.33 0 0 1 .708 1.709v12.458h-1.875V11.042L20 20.25Zm0-2 13.667-8.875H6.333L20 18.25Zm11.75 18.958-1.292-1.333 3.334-3.375h-9v-1.875h9l-3.375-3.417 1.333-1.291 5.667 5.625-5.667 5.666ZM6.042 11.042v20.791-9.458.25-13.25 1.667Z\" fill=\"#fff\"\/><\/svg><\/div>\n<div class=\"flex-fill text-center text-lg-left\">\n<div class=\"h6 small text-orange-700 lh-base mb-1\">Newsletter<\/div>\n<div class=\"text-body h4 m-0\">Infomorning<\/div>\n<div class=\"text-body small lh-base mt-2\">Receba no seu e-mail logo pela manh&atilde; as not&iacute;cias que v&atilde;o mexer com os mercados, com os seus investimentos e o seu bolso durante o dia<\/div>\n<\/div>\n<\/div>\n<\/div>\n<\/div>\n<\/div>\n<p>The post <a rel=\"nofollow noopener\" href=\"https:\/\/www.infomoney.com.br\/politica\/apos-cirurgia-lula-planeja-viagem-internacional-para-tres-paises\/\" target=\"_blank\">Ap\u00f3s cirurgia, Lula planeja viagem internacional para tr\u00eas pa\u00edses<\/a> appeared first on <a rel=\"nofollow noopener\" href=\"https:\/\/www.infomoney.com.br\/\" target=\"_blank\">InfoMoney<\/a>.<\/p>\n","protected":false},"excerpt":{"rendered":"<p><img loading=\"lazy\" decoding=\"async\" width=\"300\" height=\"225\" src=\"https:\/\/www.infomoney.com.br\/wp-content\/uploads\/2023\/10\/conv_06_4.webp?fit=300%2C225&amp;quality=70&amp;strip=all\" class=\"attachment-medium size-medium wp-post-image\" alt=\"\" data-attachment-id=\"2277062\" data-permalink=\"https:\/\/www.infomoney.com.br\/politica\/apos-cirurgia-lula-planeja-viagem-internacional-para-tres-paises\/attachment\/conv_06_4\/\" data-orig-file=\"https:\/\/www.infomoney.com.br\/wp-content\/uploads\/2023\/10\/conv_06_4.webp?fit=1024%2C768&amp;quality=70&amp;strip=all\" data-orig-size=\"1024,768\" data-comments-opened=\"0\" data-image-meta='{\"aperture\":\"0\",\"credit\":\"\",\"camera\":\"\",\"caption\":\"\",\"created_timestamp\":\"0\",\"copyright\":\"\",\"focal_length\":\"0\",\"iso\":\"0\",\"shutter_speed\":\"0\",\"title\":\"\",\"orientation\":\"0\"}' data-image-title=\"Luiz In\u00e1cio Lula da Silva\" data-image-description=\"\" data-image-caption=\"&lt;p&gt;Bras\u00edlia (DF), 24.10.2023 \u2013 Presidente Lula \u00e9 entrevistado pelo jornalista Marcos Uchoa para o programa Conversa com o Presidente. Imagem: Canal Gov&lt;\/p&gt;\n\" data-medium-file=\"https:\/\/www.infomoney.com.br\/wp-content\/uploads\/2023\/10\/conv_06_4.webp?fit=300%2C225&amp;quality=70&amp;strip=all\" data-large-file=\"https:\/\/www.infomoney.com.br\/wp-content\/uploads\/2023\/10\/conv_06_4.webp?fit=1024%2C768&amp;quality=70&amp;strip=all\">Pr\u00f3ximo compromisso internacional deve ser a 28\u00aa Confer\u00eancia das Na\u00e7\u00f5es Unidas sobre Mudan\u00e7as Clim\u00e1ticas (COP28), em Dubai<\/p>\n<p>The post <a rel=\"nofollow\" href=\"https:\/\/www.infomoney.com.br\/politica\/apos-cirurgia-lula-planeja-viagem-internacional-para-tres-paises\/\">Ap\u00f3s cirurgia, Lula planeja viagem internacional para tr\u00eas pa\u00edses<\/a> appeared first on <a rel=\"nofollow\" href=\"https:\/\/www.infomoney.com.br\/\">InfoMoney<\/a>.<\/p>\n","protected":false},"author":44,"featured_media":0,"comment_status":"closed","ping_status":"closed","sticky":false,"template":"","format":"standard","meta":{"advgb_blocks_editor_width":"","advgb_blocks_columns_visual_guide":"","footnotes":""},"categories":[34,129,422,47,125],"tags":[35],"class_list":["post-40170","post","type-post","status-publish","format-standard","hentry","category-g1","category-luiz-inacio-lula-da-silva","category-palacio-do-planalto","category-politica","category-politica-externa","tag-g1"],"author_meta":{"display_name":"Ag\u00eancia Brasil","author_link":"https:\/\/sindaopcpb.org.br\/author\/agencia-brasil\/"},"featured_img":null,"coauthors":[],"tax_additional":{"categories":{"linked":["<a href=\"https:\/\/sindaopcpb.org.br\/g1\/\" class=\"advgb-post-tax-term\">G1<\/a>","<a href=\"https:\/\/sindaopcpb.org.br\/luiz-inacio-lula-da-silva\/\" class=\"advgb-post-tax-term\">Luiz In\u00e1cio Lula da Silva<\/a>","<a href=\"https:\/\/sindaopcpb.org.br\/palacio-do-planalto\/\" class=\"advgb-post-tax-term\">Pal\u00e1cio do Planalto<\/a>","<a href=\"https:\/\/sindaopcpb.org.br\/politica\/\" class=\"advgb-post-tax-term\">POLITICA<\/a>","<a href=\"https:\/\/sindaopcpb.org.br\/politica-externa\/\" class=\"advgb-post-tax-term\">Pol\u00edtica externa<\/a>"],"unlinked":["<span class=\"advgb-post-tax-term\">G1<\/span>","<span class=\"advgb-post-tax-term\">Luiz In\u00e1cio Lula da Silva<\/span>","<span class=\"advgb-post-tax-term\">Pal\u00e1cio do Planalto<\/span>","<span class=\"advgb-post-tax-term\">POLITICA<\/span>","<span class=\"advgb-post-tax-term\">Pol\u00edtica externa<\/span>"]},"tags":{"linked":["<a href=\"https:\/\/sindaopcpb.org.br\/politica-externa\/\" class=\"advgb-post-tax-term\">g1<\/a>"],"unlinked":["<span class=\"advgb-post-tax-term\">g1<\/span>"]}},"comment_count":"0","relative_dates":{"created":"Publicado 3 anos atr\u00e1s","modified":"Atualizado 3 anos atr\u00e1s"},"absolute_dates":{"created":"Publicado em 24 de outubro de 2023","modified":"Atualizado em 24 de outubro de 2023"},"absolute_dates_time":{"created":"Publicado em 24 de outubro de 2023 15:04","modified":"Atualizado em 24 de outubro de 2023 15:04"},"featured_img_caption":"","series_order":"","_links":{"self":[{"href":"https:\/\/sindaopcpb.org.br\/index.php\/wp-json\/wp\/v2\/posts\/40170","targetHints":{"allow":["GET"]}}],"collection":[{"href":"https:\/\/sindaopcpb.org.br\/index.php\/wp-json\/wp\/v2\/posts"}],"about":[{"href":"https:\/\/sindaopcpb.org.br\/index.php\/wp-json\/wp\/v2\/types\/post"}],"author":[{"embeddable":true,"href":"https:\/\/sindaopcpb.org.br\/index.php\/wp-json\/wp\/v2\/users\/44"}],"replies":[{"embeddable":true,"href":"https:\/\/sindaopcpb.org.br\/index.php\/wp-json\/wp\/v2\/comments?post=40170"}],"version-history":[{"count":2,"href":"https:\/\/sindaopcpb.org.br\/index.php\/wp-json\/wp\/v2\/posts\/40170\/revisions"}],"predecessor-version":[{"id":40253,"href":"https:\/\/sindaopcpb.org.br\/index.php\/wp-json\/wp\/v2\/posts\/40170\/revisions\/40253"}],"wp:attachment":[{"href":"https:\/\/sindaopcpb.org.br\/index.php\/wp-json\/wp\/v2\/media?parent=40170"}],"wp:term":[{"taxonomy":"category","embeddable":true,"href":"https:\/\/sindaopcpb.org.br\/index.php\/wp-json\/wp\/v2\/categories?post=40170"},{"taxonomy":"post_tag","embeddable":true,"href":"https:\/\/sindaopcpb.org.br\/index.php\/wp-json\/wp\/v2\/tags?post=40170"}],"curies":[{"name":"wp","href":"https:\/\/api.w.org\/{rel}","templated":true}]}}