{"id":40164,"date":"2023-10-24T15:20:07","date_gmt":"2023-10-24T18:20:07","guid":{"rendered":"https:\/\/wpa.wscom.com.br\/?p=929454"},"modified":"2023-10-24T15:20:07","modified_gmt":"2023-10-24T18:20:07","slug":"joao-gregorio-assina-contrato-com-a-band-as-11h20-e-projeta-investimentos-em-jornalismo-e-entretenimento-na-paraiba","status":"publish","type":"post","link":"https:\/\/sindaopcpb.org.br\/index.php\/2023\/10\/24\/joao-gregorio-assina-contrato-com-a-band-as-11h20-e-projeta-investimentos-em-jornalismo-e-entretenimento-na-paraiba\/","title":{"rendered":"Jo\u00e3o Greg\u00f3rio assina contrato com a BAND \u00e0s 11h20 e projeta investimentos em jornalismo e entretenimento na Para\u00edba"},"content":{"rendered":"<p>O empres\u00e1rio Jo\u00e3o Greg\u00f3rio comemorou nesta ter\u00e7a-feira (24) a assinatura de contrato do Grupo Arapuan com a BAND nacional, agora compondo a estrutura Nordeste, ap\u00f3s condi\u00e7\u00e3o consolidada \u00e0s 16h20 construindo nova realidade na m\u00eddia da Para\u00edba.<\/p>\n<p>\u201cEst\u00e1vamos em entendimentos mas somente hoje tudo foi consolidado\u201d, disse ele ao anunciar investimentos<br \/>\nno entretenimento e jornalismo. \u201cTemos muito em comum\u201d, revelou.<\/p>\n<p><strong>A NOT\u00cdCIA NO WSCOM<\/strong><\/p>\n<p>Confirmado: direto de S\u00e3o Paulo, o portal <strong>WSCOM<\/strong> obteve a informa\u00e7\u00e3o de que o Grupo BAND consolidou contrato para o Grupo Arapuan ser a estrutura afiliada na Para\u00edba a partir do pr\u00f3ximo dia 28 de dezembro.<\/p>\n<p>Na pr\u00e1tica, o Grupo Arapuan ainda ter\u00e1 emissora de r\u00e1dio com a BAND gerando assim novo cen\u00e1rio midi\u00e1tico no estado.<\/p>\n<p>Diante da nova realidade, a TV Mana\u00edra deixa de ter sinal BAND.<\/p>\n<p>O post <a rel=\"nofollow noopener\" href=\"https:\/\/wscom.com.br\/joao-gregorio-assina-contrato-com-a-band-as-11h20-e-projeta-investimentos-em-jornalismo-e-entretenimento-na-paraiba\/\" target=\"_blank\">Jo\u00e3o Greg\u00f3rio assina contrato com a BAND \u00e0s 11h20 e projeta investimentos em jornalismo e entretenimento na Para\u00edba<\/a> apareceu primeiro em <a rel=\"nofollow noopener\" href=\"https:\/\/wscom.com.br\/\" target=\"_blank\">WSCOM<\/a>.<\/p>\n","protected":false},"excerpt":{"rendered":"<p>O empres\u00e1rio Jo\u00e3o Greg\u00f3rio comemorou nesta ter\u00e7a-feira (24) a assinatura de contrato do Grupo Arapuan com a BAND nacional, agora compondo a estrutura Nordeste, ap\u00f3s condi\u00e7\u00e3o consolidada \u00e0s 16h20 construindo nova realidade na m\u00eddia da Para\u00edba. \u201cEst\u00e1vamos em entendimentos mas somente hoje tudo foi consolidado\u201d, disse ele ao anunciar investimentos no entretenimento e jornalismo. \u201cTemos [\u2026]<\/p>\n<p>O post <a rel=\"nofollow\" href=\"https:\/\/wscom.com.br\/joao-gregorio-assina-contrato-com-a-band-as-11h20-e-projeta-investimentos-em-jornalismo-e-entretenimento-na-paraiba\/\">Jo\u00e3o Greg\u00f3rio assina contrato com a BAND \u00e0s 11h20 e projeta investimentos em jornalismo e entretenimento na Para\u00edba<\/a> apareceu primeiro em <a rel=\"nofollow\" href=\"https:\/\/wscom.com.br\/\">WSCOM<\/a>.<\/p>\n","protected":false},"author":49,"featured_media":0,"comment_status":"closed","ping_status":"closed","sticky":false,"template":"","format":"standard","meta":{"advgb_blocks_editor_width":"","advgb_blocks_columns_visual_guide":"","footnotes":""},"categories":[10477,1950,34,10478,54,10479,10480],"tags":[35],"class_list":["post-40164","post","type-post","status-publish","format-standard","hentry","category-band","category-comunicacao","category-g1","category-joao-gregorio","category-paraiba","category-sistema-arapuan","category-tv-manaira","tag-g1"],"author_meta":{"display_name":"Cristiane Cavalcante","author_link":"https:\/\/sindaopcpb.org.br\/author\/cristiane-cavalcante\/"},"featured_img":null,"coauthors":[],"tax_additional":{"categories":{"linked":["<a href=\"https:\/\/sindaopcpb.org.br\/band\/\" class=\"advgb-post-tax-term\">band<\/a>","<a href=\"https:\/\/sindaopcpb.org.br\/comunicacao\/\" class=\"advgb-post-tax-term\">Comunica\u00e7\u00e3o<\/a>","<a href=\"https:\/\/sindaopcpb.org.br\/g1\/\" class=\"advgb-post-tax-term\">G1<\/a>","<a href=\"https:\/\/sindaopcpb.org.br\/joao-gregorio\/\" class=\"advgb-post-tax-term\">joao gregorio<\/a>","<a href=\"https:\/\/sindaopcpb.org.br\/paraiba\/\" class=\"advgb-post-tax-term\">Para\u00edba<\/a>","<a href=\"https:\/\/sindaopcpb.org.br\/sistema-arapuan\/\" class=\"advgb-post-tax-term\">sistema arapuan<\/a>","<a href=\"https:\/\/sindaopcpb.org.br\/tv-manaira\/\" class=\"advgb-post-tax-term\">TV Mana\u00edra<\/a>"],"unlinked":["<span class=\"advgb-post-tax-term\">band<\/span>","<span class=\"advgb-post-tax-term\">Comunica\u00e7\u00e3o<\/span>","<span class=\"advgb-post-tax-term\">G1<\/span>","<span class=\"advgb-post-tax-term\">joao gregorio<\/span>","<span class=\"advgb-post-tax-term\">Para\u00edba<\/span>","<span class=\"advgb-post-tax-term\">sistema arapuan<\/span>","<span class=\"advgb-post-tax-term\">TV Mana\u00edra<\/span>"]},"tags":{"linked":["<a href=\"https:\/\/sindaopcpb.org.br\/tv-manaira\/\" class=\"advgb-post-tax-term\">g1<\/a>"],"unlinked":["<span class=\"advgb-post-tax-term\">g1<\/span>"]}},"comment_count":"0","relative_dates":{"created":"Publicado 3 anos atr\u00e1s","modified":"Atualizado 3 anos atr\u00e1s"},"absolute_dates":{"created":"Publicado em 24 de outubro de 2023","modified":"Atualizado em 24 de outubro de 2023"},"absolute_dates_time":{"created":"Publicado em 24 de outubro de 2023 15:20","modified":"Atualizado em 24 de outubro de 2023 15:20"},"featured_img_caption":"","series_order":"","_links":{"self":[{"href":"https:\/\/sindaopcpb.org.br\/index.php\/wp-json\/wp\/v2\/posts\/40164","targetHints":{"allow":["GET"]}}],"collection":[{"href":"https:\/\/sindaopcpb.org.br\/index.php\/wp-json\/wp\/v2\/posts"}],"about":[{"href":"https:\/\/sindaopcpb.org.br\/index.php\/wp-json\/wp\/v2\/types\/post"}],"author":[{"embeddable":true,"href":"https:\/\/sindaopcpb.org.br\/index.php\/wp-json\/wp\/v2\/users\/49"}],"replies":[{"embeddable":true,"href":"https:\/\/sindaopcpb.org.br\/index.php\/wp-json\/wp\/v2\/comments?post=40164"}],"version-history":[{"count":2,"href":"https:\/\/sindaopcpb.org.br\/index.php\/wp-json\/wp\/v2\/posts\/40164\/revisions"}],"predecessor-version":[{"id":40217,"href":"https:\/\/sindaopcpb.org.br\/index.php\/wp-json\/wp\/v2\/posts\/40164\/revisions\/40217"}],"wp:attachment":[{"href":"https:\/\/sindaopcpb.org.br\/index.php\/wp-json\/wp\/v2\/media?parent=40164"}],"wp:term":[{"taxonomy":"category","embeddable":true,"href":"https:\/\/sindaopcpb.org.br\/index.php\/wp-json\/wp\/v2\/categories?post=40164"},{"taxonomy":"post_tag","embeddable":true,"href":"https:\/\/sindaopcpb.org.br\/index.php\/wp-json\/wp\/v2\/tags?post=40164"}],"curies":[{"name":"wp","href":"https:\/\/api.w.org\/{rel}","templated":true}]}}