{"id":40159,"date":"2023-10-24T13:55:19","date_gmt":"2023-10-24T16:55:19","guid":{"rendered":"https:\/\/www.infomoney.com.br\/?p=2276982"},"modified":"2023-10-24T13:55:19","modified_gmt":"2023-10-24T16:55:19","slug":"lira-adia-definicao-de-pauta-da-camara-para-amanha-em-meio-a-negociacoes-sobre-pl-das-offshores","status":"publish","type":"post","link":"https:\/\/sindaopcpb.org.br\/index.php\/2023\/10\/24\/lira-adia-definicao-de-pauta-da-camara-para-amanha-em-meio-a-negociacoes-sobre-pl-das-offshores\/","title":{"rendered":"Lira adia defini\u00e7\u00e3o de pauta da C\u00e2mara para amanh\u00e3 em meio a negocia\u00e7\u00f5es sobre PL das offshores"},"content":{"rendered":"<p><img loading=\"lazy\" width=\"300\" height=\"185\" src=\"https:\/\/www.infomoney.com.br\/wp-content\/uploads\/2023\/08\/img20230614200151481.jpg?fit=300%2C185&amp;quality=70&amp;strip=all\" class=\"attachment-medium size-medium wp-post-image\" alt=\"\" decoding=\"async\" style=\"float:right; margin:0 0 10px 10px;\" srcset=\"https:\/\/www.infomoney.com.br\/wp-content\/uploads\/2023\/08\/img20230614200151481.jpg?w=1984&amp;quality=70&amp;strip=all 1984w, https:\/\/www.infomoney.com.br\/wp-content\/uploads\/2023\/08\/img20230614200151481.jpg?w=300&amp;quality=70&amp;strip=all 300w, https:\/\/www.infomoney.com.br\/wp-content\/uploads\/2023\/08\/img20230614200151481.jpg?w=768&amp;quality=70&amp;strip=all 768w, https:\/\/www.infomoney.com.br\/wp-content\/uploads\/2023\/08\/img20230614200151481.jpg?w=1280&amp;quality=70&amp;strip=all 1280w, https:\/\/www.infomoney.com.br\/wp-content\/uploads\/2023\/08\/img20230614200151481.jpg?w=1536&amp;quality=70&amp;strip=all 1536w, https:\/\/www.infomoney.com.br\/wp-content\/uploads\/2023\/08\/img20230614200151481.jpg?w=150&amp;quality=70&amp;strip=all 150w\" sizes=\"auto, (max-width: 300px) 100vw, 300px\" data-attachment-id=\"2227684\" data-permalink=\"https:\/\/www.infomoney.com.br\/politica\/expert-xp-2023-confirma-participacao-de-lira-galipolo-ceron-e-mais-liderancas-da-politica\/attachment\/img20230614200151481\/\" data-orig-file=\"https:\/\/www.infomoney.com.br\/wp-content\/uploads\/2023\/08\/img20230614200151481.jpg?fit=1984%2C1223&amp;quality=70&amp;strip=all\" data-orig-size=\"1984,1223\" data-comments-opened=\"0\" data-image-meta=\"{&quot;aperture&quot;:&quot;1.8&quot;,&quot;credit&quot;:&quot;&quot;,&quot;camera&quot;:&quot;ILCE-7M3&quot;,&quot;caption&quot;:&quot;&quot;,&quot;created_timestamp&quot;:&quot;1686789690&quot;,&quot;copyright&quot;:&quot;&quot;,&quot;focal_length&quot;:&quot;85&quot;,&quot;iso&quot;:&quot;2500&quot;,&quot;shutter_speed&quot;:&quot;0.003125&quot;,&quot;title&quot;:&quot;&quot;,&quot;orientation&quot;:&quot;1&quot;}\" data-image-title=\"Arthur Lira, presidente da C\u00e2mara dos Deputados (Pablo Valadares\/C\u00e2mara dos Deputados)\" data-image-description=\"\" data-image-caption=\"&lt;p&gt;Arthur Lira, presidente da C\u00e2mara dos Deputados (Pablo Valadares\/C\u00e2mara dos Deputados)&lt;\/p&gt;\n\" data-medium-file=\"https:\/\/www.infomoney.com.br\/wp-content\/uploads\/2023\/08\/img20230614200151481.jpg?fit=300%2C185&amp;quality=70&amp;strip=all\" data-large-file=\"https:\/\/www.infomoney.com.br\/wp-content\/uploads\/2023\/08\/img20230614200151481.jpg?fit=1280%2C789&amp;quality=70&amp;strip=all\" title=\"\"><\/p>\n<p>O presidente da C&acirc;mara dos Deputados, Arthur Lira (PP-AL), adiou para amanh&atilde;, quarta-feira (25), uma reuni&atilde;o com lideran&ccedil;as da Casa que definir&aacute; a pauta a ser levada ao plen&aacute;rio. A decis&atilde;o ocorre em meio &agrave;s negocia&ccedil;&otilde;es com o governo sobre a vota&ccedil;&atilde;o do Projeto de Lei de taxa&ccedil;&atilde;o de offshores e fundos exclusivos.<\/p>\n<p>&ldquo;O presidente da C&acirc;mara dos Deputados, Arthur Lira, decidiu adiar de hoje para amanh&atilde; a reuni&atilde;o dos l&iacute;deres que definir&aacute; a pauta da Casa. O objetivo do presidente da C&acirc;mara &eacute; o de procurar um consenso no col&eacute;gio de l&iacute;deres&rdquo;, informou a assessoria do deputado nesta ter&ccedil;a-feira (24) em comunicado.<\/p>\n<p>O relator do projeto na C&acirc;mara, deputado Pedro Paulo (PSD-RJ), havia dito mais cedo que <a href=\"https:\/\/www.infomoney.com.br\/politica\/pl-das-offshores-e-de-fundos-exclusivos-deve-ser-votada-nesta-terca-diz-relator\/\" rel=\"nofollow noopener\" target=\"_blank\">os l&iacute;deres da Casa conversariam para tentar &ldquo;criar condi&ccedil;&otilde;es&rdquo; de o texto ser votado no plen&aacute;rio ainda hoje<\/a>. Disse tamb&eacute;m que faltavam &ldquo;poucos pontos&rdquo; a serem fechados. &ldquo;O texto est&aacute; muito bem encaminhando, mas existem quest&otilde;es da pol&iacute;tica&rdquo;, disse o deputado em entrevista &agrave; BandNews.<\/p>\n<p>O parlamentar havia afirmado que Lira se encontraria com as lideran&ccedil;as dos partidos para &ldquo;sentir o clima&rdquo; sobre a possibilidade de votar o projeto mais tarde. <strong>O adiamento da reuni&atilde;o significa, portanto, que o PL n&atilde;o ser&aacute; votado nesta ter&ccedil;a<\/strong>.<\/p>\n<p>Na segunda (23), o ministro das Rela&ccedil;&otilde;es Institucionais, Alexandre Padilha (PT), afirmou que <a href=\"https:\/\/www.infomoney.com.br\/politica\/esforco-do-governo-na-camara-e-votar-pl-das-offshores-afirma-padilha\/\" rel=\"nofollow noopener\" target=\"_blank\">a prioridade do governo nesta semana na C&acirc;mara era o projeto que tributa fundos offshore e exclusivos<\/a> e, no Senado, a Reforma Tribut&aacute;ria.<\/p>\n<p>&ldquo;Na C&acirc;mara dos Deputados, toda a mobiliza&ccedil;&atilde;o do governo para que seja cumprido o acordo estabelecido no conjunto de l&iacute;deres de votarmos nessa semana o projeto que faz a taxa&ccedil;&atilde;o dos fundos de offshore e exclusivos, dos &lsquo;super ricos&rsquo;. &Eacute; um recurso importante para a gente consolidar esse equil&iacute;brio or&ccedil;ament&aacute;rio, para investir na educa&ccedil;&atilde;o, na sa&uacute;de e em programas sociais&rdquo;, disse Padilha.<\/p>\n<h2>Defesa do projeto<\/h2>\n<p>Em entrevista &agrave; GloboNews, tamb&eacute;m pela manh&atilde;, Pedro Paulo defendeu a mat&eacute;ria e disse n&atilde;o fazer sentido que &ldquo;uma minoria&rdquo; seja taxada de uma forma diferente no pa&iacute;s. &ldquo;&Eacute; importante ter justi&ccedil;a com os diferentes investidores no Brasil. N&atilde;o faz sentido a grande maioria ser taxada de uma forma e uma minoria, de uma outra&rdquo;.<\/p>\n<p>O relator afirmou ainda que o texto leva em conta a taxa de juros &ldquo;exorbitante&rdquo; no pa&iacute;s e o crescimento do mercado de capitais e destacou que a medida &eacute; fundamental para a reestrutura&ccedil;&atilde;o da base de arrecada&ccedil;&atilde;o do governo, pois ajudar&aacute; no meta de d&eacute;ficit fiscal prim&aacute;rio zero em 2024.<\/p>\n<p>Ele tamb&eacute;m ponderou que as al&iacute;quotas n&atilde;o inviabilizam investimentos no pa&iacute;s e apenas igualam o ambiente de neg&oacute;cios, cobrando o que j&aacute; &eacute; recolhido de outros investidores. &ldquo;As al&iacute;quotas que est&atilde;o sendo colocadas n&atilde;o s&atilde;o al&iacute;quotas que inviabilizam neg&oacute;cios&rdquo;.<\/p>\n<p><em>(Com Reuters)<\/em><\/p>\n<\/p>\n<div class=\"cta-end\">\n<div class=\"im-cta\" >\n<div class=\"im-shortcode-forms bg-light bg-opacity-25 border rounded-4 p-3 p-sm-4 p-md-3 p-lg-4 px-xxl-5 my-5\" data-configuration='{\"form_name\":false,\"form_hat\":\"Newsletter\",\"form_email\":true,\"form_icon\":\"newsletter\",\"form_phone\":false,\"form_campaign\":\"NIM\",\"form_thankyou\":\"\",\"form_journey\":\"APIEvent-26a5198d-8e09-06ef-5f80-cd9127757ad1\",\"form_button\":\"Quero receber\",\"form_context\":\"newsletter\",\"form_origin\":\"https:\\\/\\\/www.infomoney.com.br\\\/politica\\\/feed\\\/?utm_medium=materia&#038;utm_source=infomoney&#038;utm_campaign=NIM&#038;utm_term=politica&#038;utm_content=newsletter\",\"form_position\":\"final\",\"form_category\":\"cta_form\"}'>\n<div class=\"d-flex flex-column align-items-center align-items-lg-start mb-4 flex-lg-row\">\n<div class=\"rounded-circle mb-2 mb-lg-0 mr-lg-4 me-lg-4 p-3 p-lg-4 bg-blue-400\"><svg width=\"40\" height=\"40\" viewBox=\"0 0 40 40\" fill=\"none\" xmlns=\"http:\/\/www.w3.org\/2000\/svg\"><path d=\"M20 20.25 6.042 11.042v19.041c0 .167.048.299.146.396a.535.535 0 0 0 .395.146h15.792V32.5H6.583a2.328 2.328 0 0 1-1.708-.708 2.328 2.328 0 0 1-.708-1.709V9.917c0-.667.236-1.236.708-1.709A2.328 2.328 0 0 1 6.583 7.5h26.834c.666 0 1.236.236 1.708.708a2.33 2.33 0 0 1 .708 1.709v12.458h-1.875V11.042L20 20.25Zm0-2 13.667-8.875H6.333L20 18.25Zm11.75 18.958-1.292-1.333 3.334-3.375h-9v-1.875h9l-3.375-3.417 1.333-1.291 5.667 5.625-5.667 5.666ZM6.042 11.042v20.791-9.458.25-13.25 1.667Z\" fill=\"#fff\"\/><\/svg><\/div>\n<div class=\"flex-fill text-center text-lg-left\">\n<div class=\"h6 small text-orange-700 lh-base mb-1\">Newsletter<\/div>\n<div class=\"text-body h4 m-0\">Infomorning<\/div>\n<div class=\"text-body small lh-base mt-2\">Receba no seu e-mail logo pela manh&atilde; as not&iacute;cias que v&atilde;o mexer com os mercados, com os seus investimentos e o seu bolso durante o dia<\/div>\n<\/div>\n<\/div>\n<\/div>\n<\/div>\n<\/div>\n<p>The post <a rel=\"nofollow noopener\" href=\"https:\/\/www.infomoney.com.br\/politica\/lira-adia-definicao-de-pauta-da-camara-para-amanha-em-meio-a-negociacoes-sobre-pl-das-offshores\/\" target=\"_blank\">Lira adia defini\u00e7\u00e3o de pauta da C\u00e2mara para amanh\u00e3 em meio a negocia\u00e7\u00f5es sobre PL das offshores<\/a> appeared first on <a rel=\"nofollow noopener\" href=\"https:\/\/www.infomoney.com.br\/\" target=\"_blank\">InfoMoney<\/a>.<\/p>\n","protected":false},"excerpt":{"rendered":"<p><img loading=\"lazy\" decoding=\"async\" width=\"300\" height=\"185\" src=\"https:\/\/www.infomoney.com.br\/wp-content\/uploads\/2023\/08\/img20230614200151481.jpg?fit=300%2C185&amp;quality=70&amp;strip=all\" class=\"attachment-medium size-medium wp-post-image\" alt=\"\" data-attachment-id=\"2227684\" data-permalink=\"https:\/\/www.infomoney.com.br\/politica\/expert-xp-2023-confirma-participacao-de-lira-galipolo-ceron-e-mais-liderancas-da-politica\/attachment\/img20230614200151481\/\" data-orig-file=\"https:\/\/www.infomoney.com.br\/wp-content\/uploads\/2023\/08\/img20230614200151481.jpg?fit=1984%2C1223&amp;quality=70&amp;strip=all\" data-orig-size=\"1984,1223\" data-comments-opened=\"0\" data-image-meta='{\"aperture\":\"1.8\",\"credit\":\"\",\"camera\":\"ILCE-7M3\",\"caption\":\"\",\"created_timestamp\":\"1686789690\",\"copyright\":\"\",\"focal_length\":\"85\",\"iso\":\"2500\",\"shutter_speed\":\"0.003125\",\"title\":\"\",\"orientation\":\"1\"}' data-image-title=\"Arthur Lira, presidente da C\u00e2mara dos Deputados (Pablo Valadares\/C\u00e2mara dos Deputados)\" data-image-description=\"\" data-image-caption=\"&lt;p&gt;Arthur Lira, presidente da C\u00e2mara dos Deputados (Pablo Valadares\/C\u00e2mara dos Deputados)&lt;\/p&gt;\n\" data-medium-file=\"https:\/\/www.infomoney.com.br\/wp-content\/uploads\/2023\/08\/img20230614200151481.jpg?fit=300%2C185&amp;quality=70&amp;strip=all\" data-large-file=\"https:\/\/www.infomoney.com.br\/wp-content\/uploads\/2023\/08\/img20230614200151481.jpg?fit=1280%2C789&amp;quality=70&amp;strip=all\">Mais cedo, relator do projeto na C\u00e2mara havia dito que os l\u00edderes da Casa conversariam para tentar &#8216;criar condi\u00e7\u00f5es&#8217; de o texto ser votado nesta ter\u00e7a<\/p>\n<p>The post <a rel=\"nofollow\" href=\"https:\/\/www.infomoney.com.br\/politica\/lira-adia-definicao-de-pauta-da-camara-para-amanha-em-meio-a-negociacoes-sobre-pl-das-offshores\/\">Lira adia defini\u00e7\u00e3o de pauta da C\u00e2mara para amanh\u00e3 em meio a negocia\u00e7\u00f5es sobre PL das offshores<\/a> appeared first on <a rel=\"nofollow\" href=\"https:\/\/www.infomoney.com.br\/\">InfoMoney<\/a>.<\/p>\n","protected":false},"author":45,"featured_media":0,"comment_status":"closed","ping_status":"closed","sticky":false,"template":"","format":"standard","meta":{"advgb_blocks_editor_width":"","advgb_blocks_columns_visual_guide":"","footnotes":""},"categories":[275,276,3982,6661,6883,34,9729,47],"tags":[35],"class_list":["post-40159","post","type-post","status-publish","format-standard","hentry","category-arthur-lira","category-camara-dos-deputados","category-fundos-de-investimento","category-fundos-exclusivos","category-fundos-offshore","category-g1","category-pedro-paulo","category-politica","tag-g1"],"author_meta":{"display_name":"Equipe InfoMoney","author_link":"https:\/\/sindaopcpb.org.br\/author\/equipe-infomoney\/"},"featured_img":null,"coauthors":[],"tax_additional":{"categories":{"linked":["<a href=\"https:\/\/sindaopcpb.org.br\/arthur-lira\/\" class=\"advgb-post-tax-term\">Arthur Lira<\/a>","<a href=\"https:\/\/sindaopcpb.org.br\/camara-dos-deputados\/\" class=\"advgb-post-tax-term\">C\u00e2mara dos Deputados<\/a>","<a href=\"https:\/\/sindaopcpb.org.br\/fundos-de-investimento\/\" class=\"advgb-post-tax-term\">Fundos de Investimento<\/a>","<a href=\"https:\/\/sindaopcpb.org.br\/fundos-exclusivos\/\" class=\"advgb-post-tax-term\">Fundos Exclusivos<\/a>","<a href=\"https:\/\/sindaopcpb.org.br\/fundos-offshore\/\" class=\"advgb-post-tax-term\">Fundos Offshore<\/a>","<a href=\"https:\/\/sindaopcpb.org.br\/g1\/\" class=\"advgb-post-tax-term\">G1<\/a>","<a href=\"https:\/\/sindaopcpb.org.br\/pedro-paulo\/\" class=\"advgb-post-tax-term\">Pedro Paulo<\/a>","<a href=\"https:\/\/sindaopcpb.org.br\/politica\/\" class=\"advgb-post-tax-term\">POLITICA<\/a>"],"unlinked":["<span class=\"advgb-post-tax-term\">Arthur Lira<\/span>","<span class=\"advgb-post-tax-term\">C\u00e2mara dos Deputados<\/span>","<span class=\"advgb-post-tax-term\">Fundos de Investimento<\/span>","<span class=\"advgb-post-tax-term\">Fundos Exclusivos<\/span>","<span class=\"advgb-post-tax-term\">Fundos Offshore<\/span>","<span class=\"advgb-post-tax-term\">G1<\/span>","<span class=\"advgb-post-tax-term\">Pedro Paulo<\/span>","<span class=\"advgb-post-tax-term\">POLITICA<\/span>"]},"tags":{"linked":["<a href=\"https:\/\/sindaopcpb.org.br\/politica\/\" class=\"advgb-post-tax-term\">g1<\/a>"],"unlinked":["<span class=\"advgb-post-tax-term\">g1<\/span>"]}},"comment_count":"0","relative_dates":{"created":"Publicado 3 anos atr\u00e1s","modified":"Atualizado 3 anos atr\u00e1s"},"absolute_dates":{"created":"Publicado em 24 de outubro de 2023","modified":"Atualizado em 24 de outubro de 2023"},"absolute_dates_time":{"created":"Publicado em 24 de outubro de 2023 13:55","modified":"Atualizado em 24 de outubro de 2023 13:55"},"featured_img_caption":"","series_order":"","_links":{"self":[{"href":"https:\/\/sindaopcpb.org.br\/index.php\/wp-json\/wp\/v2\/posts\/40159","targetHints":{"allow":["GET"]}}],"collection":[{"href":"https:\/\/sindaopcpb.org.br\/index.php\/wp-json\/wp\/v2\/posts"}],"about":[{"href":"https:\/\/sindaopcpb.org.br\/index.php\/wp-json\/wp\/v2\/types\/post"}],"author":[{"embeddable":true,"href":"https:\/\/sindaopcpb.org.br\/index.php\/wp-json\/wp\/v2\/users\/45"}],"replies":[{"embeddable":true,"href":"https:\/\/sindaopcpb.org.br\/index.php\/wp-json\/wp\/v2\/comments?post=40159"}],"version-history":[{"count":1,"href":"https:\/\/sindaopcpb.org.br\/index.php\/wp-json\/wp\/v2\/posts\/40159\/revisions"}],"predecessor-version":[{"id":40160,"href":"https:\/\/sindaopcpb.org.br\/index.php\/wp-json\/wp\/v2\/posts\/40159\/revisions\/40160"}],"wp:attachment":[{"href":"https:\/\/sindaopcpb.org.br\/index.php\/wp-json\/wp\/v2\/media?parent=40159"}],"wp:term":[{"taxonomy":"category","embeddable":true,"href":"https:\/\/sindaopcpb.org.br\/index.php\/wp-json\/wp\/v2\/categories?post=40159"},{"taxonomy":"post_tag","embeddable":true,"href":"https:\/\/sindaopcpb.org.br\/index.php\/wp-json\/wp\/v2\/tags?post=40159"}],"curies":[{"name":"wp","href":"https:\/\/api.w.org\/{rel}","templated":true}]}}