{"id":40152,"date":"2023-10-24T14:15:05","date_gmt":"2023-10-24T17:15:05","guid":{"rendered":"https:\/\/wpa.wscom.com.br\/?p=929447"},"modified":"2023-10-24T14:15:05","modified_gmt":"2023-10-24T17:15:05","slug":"governista-considera-prematura-instalacao-da-cpi-do-padre-ze-e-diz-oposicao-que-politizar-o-caso-assembleia-vai-fazer-o-que-politica","status":"publish","type":"post","link":"https:\/\/sindaopcpb.org.br\/index.php\/2023\/10\/24\/governista-considera-prematura-instalacao-da-cpi-do-padre-ze-e-diz-oposicao-que-politizar-o-caso-assembleia-vai-fazer-o-que-politica\/","title":{"rendered":"Governista considera prematura instala\u00e7\u00e3o da CPI do Padre Z\u00e9 e diz oposi\u00e7\u00e3o que politizar o caso: \u201cAssembleia vai fazer o qu\u00ea? Pol\u00edtica?\u201d"},"content":{"rendered":"<p>O deputado estadual Jo\u00e3o Gon\u00e7alves (PSB), integrante da base governista, declarou que \u00e9 contra a<a href=\"https:\/\/wscom.com.br\/cpi-do-hospital-padre-ze-ja-tem-assinaturas-de-oito-deputados\/\" rel=\"nofollow noopener\" target=\"_blank\"> instala\u00e7\u00e3o de uma Comiss\u00e3o Parlamentar de Inqu\u00e9rito (CPI), na Assembleia Legislativa da Para\u00edba, para apurar as den\u00fancias de desvios de recursos no Hospital Padre Z\u00e9<\/a>, em Jo\u00e3o Pessoa. Segundo o parlamentar, a investiga\u00e7\u00e3o cabe a for\u00e7a-tarefa que j\u00e1 est\u00e1 apurando o esc\u00e2ndalo envolvendo o desvio de recursos pela antiga dire\u00e7\u00e3o da institui\u00e7\u00e3o.<\/p>\n<p>\u201c\u00c9 muito prematuro a Assembleia fazer uma CPI. Tem que se respeitar os \u00f3rg\u00e3os de fiscaliza\u00e7\u00e3o. O Gaeco, o Minist\u00e9rio P\u00fablico, a Pol\u00edcia Civil, todos que est\u00e3o envolvidos na investiga\u00e7\u00e3o, est\u00e3o levantando todas as informa\u00e7\u00f5es. Um inqu\u00e9rito n\u00e3o se faz da noite para o dia&#8221;, ressaltou Jo\u00e3o Gon\u00e7alves.<\/p>\n<p>O parlamentar questionou qual seria o papel da Casa Legislativa neste caso e criticou o interesse da oposi\u00e7\u00e3o em politizar o fato. Para o deputado, esse n\u00e3o \u00e9 o momento da ALPB participar das investiga\u00e7\u00f5es para n\u00e3o transformar o caso em quest\u00e3o pol\u00edtica.<\/p>\n<p>&#8220;E Assembleia vai fazer o que, pol\u00edtica? Quem tem mais compet\u00eancia para investigar \u00e9 a Assembleia ou os \u00f3rg\u00e3os? Claro que s\u00e3o os \u00f3rg\u00e3os. A Assembleia ent\u00e3o vai fazer o que?\u201d, indagou.<\/p>\n<p>Confira:<\/p>\n<div style=\"width: 600px;\" class=\"wp-video\"><!--[if lt IE 9]><script>document.createElement('video');<\/script><![endif]--><br \/>\n<video class=\"wp-video-shortcode\" id=\"video-929447-1\" width=\"600\" height=\"1067\" preload=\"metadata\" controls=\"controls\"><source type=\"video\/mp4\" src=\"https:\/\/wpa.wscom.com.br\/wp-content\/uploads\/2023\/10\/WhatsApp-Video-2023-10-24-at-13.22.58.mp4?_=1\" \/><a href=\"https:\/\/wpa.wscom.com.br\/wp-content\/uploads\/2023\/10\/WhatsApp-Video-2023-10-24-at-13.22.58.mp4\" rel=\"nofollow noopener\" target=\"_blank\">https:\/\/wpa.wscom.com.br\/wp-content\/uploads\/2023\/10\/WhatsApp-Video-2023-10-24-at-13.22.58.mp4<\/a><\/video><\/div>\n<p>&nbsp;<\/p>\n<p>&nbsp;<\/p>\n<p>&nbsp;<\/p>\n<p>&nbsp;<\/p>\n<p>&nbsp;<\/p>\n<p>O post <a rel=\"nofollow noopener\" href=\"https:\/\/wscom.com.br\/governista-considera-prematura-instalacao-da-cpi-do-padre-ze-e-diz-oposicao-que-politizar-o-caso-assembleia-vai-fazer-o-que-politica\/\" target=\"_blank\">Governista considera prematura instala\u00e7\u00e3o da CPI do Padre Z\u00e9 e diz oposi\u00e7\u00e3o que politizar o caso: &#8220;Assembleia vai fazer o qu\u00ea? Pol\u00edtica?&#8221;<\/a> apareceu primeiro em <a rel=\"nofollow noopener\" href=\"https:\/\/wscom.com.br\/\" target=\"_blank\">WSCOM<\/a>.<\/p>\n","protected":false},"excerpt":{"rendered":"<p>O deputado estadual Jo\u00e3o Gon\u00e7alves (PSB), integrante da base governista, declarou que \u00e9 contra a instala\u00e7\u00e3o de uma Comiss\u00e3o Parlamentar de Inqu\u00e9rito (CPI), na Assembleia Legislativa da Para\u00edba, para apurar as den\u00fancias de desvios de recursos no Hospital Padre Z\u00e9, em Jo\u00e3o Pessoa. Segundo o parlamentar, a investiga\u00e7\u00e3o cabe a for\u00e7a-tarefa que j\u00e1 est\u00e1 apurando [\u2026]<\/p>\n<p>O post <a rel=\"nofollow\" href=\"https:\/\/wscom.com.br\/governista-considera-prematura-instalacao-da-cpi-do-padre-ze-e-diz-oposicao-que-politizar-o-caso-assembleia-vai-fazer-o-que-politica\/\">Governista considera prematura instala\u00e7\u00e3o da CPI do Padre Z\u00e9 e diz oposi\u00e7\u00e3o que politizar o caso: \u201cAssembleia vai fazer o qu\u00ea? Pol\u00edtica?\u201d<\/a> apareceu primeiro em <a rel=\"nofollow\" href=\"https:\/\/wscom.com.br\/\">WSCOM<\/a>.<\/p>\n","protected":false},"author":49,"featured_media":0,"comment_status":"closed","ping_status":"closed","sticky":false,"template":"","format":"standard","meta":{"advgb_blocks_editor_width":"","advgb_blocks_columns_visual_guide":"","footnotes":""},"categories":[10476,34,1307,4648,71,47],"tags":[35],"class_list":["post-40152","post","type-post","status-publish","format-standard","hentry","category-cpi-do-padre-ze","category-g1","category-investigacao","category-joao-goncalves","category-joao-pessoa","category-politica","tag-g1"],"author_meta":{"display_name":"Cristiane Cavalcante","author_link":"https:\/\/sindaopcpb.org.br\/author\/cristiane-cavalcante\/"},"featured_img":null,"coauthors":[],"tax_additional":{"categories":{"linked":["<a href=\"https:\/\/sindaopcpb.org.br\/cpi-do-padre-ze\/\" class=\"advgb-post-tax-term\">cpi do padre z\u00e9<\/a>","<a href=\"https:\/\/sindaopcpb.org.br\/g1\/\" class=\"advgb-post-tax-term\">G1<\/a>","<a href=\"https:\/\/sindaopcpb.org.br\/investigacao\/\" class=\"advgb-post-tax-term\">investiga\u00e7\u00e3o<\/a>","<a href=\"https:\/\/sindaopcpb.org.br\/joao-goncalves\/\" class=\"advgb-post-tax-term\">jo\u00e3o gon\u00e7alves<\/a>","<a href=\"https:\/\/sindaopcpb.org.br\/joao-pessoa\/\" class=\"advgb-post-tax-term\">Jo\u00e3o Pessoa<\/a>","<a href=\"https:\/\/sindaopcpb.org.br\/politica\/\" class=\"advgb-post-tax-term\">POLITICA<\/a>"],"unlinked":["<span class=\"advgb-post-tax-term\">cpi do padre z\u00e9<\/span>","<span class=\"advgb-post-tax-term\">G1<\/span>","<span class=\"advgb-post-tax-term\">investiga\u00e7\u00e3o<\/span>","<span class=\"advgb-post-tax-term\">jo\u00e3o gon\u00e7alves<\/span>","<span class=\"advgb-post-tax-term\">Jo\u00e3o Pessoa<\/span>","<span class=\"advgb-post-tax-term\">POLITICA<\/span>"]},"tags":{"linked":["<a href=\"https:\/\/sindaopcpb.org.br\/politica\/\" class=\"advgb-post-tax-term\">g1<\/a>"],"unlinked":["<span class=\"advgb-post-tax-term\">g1<\/span>"]}},"comment_count":"0","relative_dates":{"created":"Publicado 3 anos atr\u00e1s","modified":"Atualizado 3 anos atr\u00e1s"},"absolute_dates":{"created":"Publicado em 24 de outubro de 2023","modified":"Atualizado em 24 de outubro de 2023"},"absolute_dates_time":{"created":"Publicado em 24 de outubro de 2023 14:15","modified":"Atualizado em 24 de outubro de 2023 14:15"},"featured_img_caption":"","series_order":"","_links":{"self":[{"href":"https:\/\/sindaopcpb.org.br\/index.php\/wp-json\/wp\/v2\/posts\/40152","targetHints":{"allow":["GET"]}}],"collection":[{"href":"https:\/\/sindaopcpb.org.br\/index.php\/wp-json\/wp\/v2\/posts"}],"about":[{"href":"https:\/\/sindaopcpb.org.br\/index.php\/wp-json\/wp\/v2\/types\/post"}],"author":[{"embeddable":true,"href":"https:\/\/sindaopcpb.org.br\/index.php\/wp-json\/wp\/v2\/users\/49"}],"replies":[{"embeddable":true,"href":"https:\/\/sindaopcpb.org.br\/index.php\/wp-json\/wp\/v2\/comments?post=40152"}],"version-history":[{"count":2,"href":"https:\/\/sindaopcpb.org.br\/index.php\/wp-json\/wp\/v2\/posts\/40152\/revisions"}],"predecessor-version":[{"id":40219,"href":"https:\/\/sindaopcpb.org.br\/index.php\/wp-json\/wp\/v2\/posts\/40152\/revisions\/40219"}],"wp:attachment":[{"href":"https:\/\/sindaopcpb.org.br\/index.php\/wp-json\/wp\/v2\/media?parent=40152"}],"wp:term":[{"taxonomy":"category","embeddable":true,"href":"https:\/\/sindaopcpb.org.br\/index.php\/wp-json\/wp\/v2\/categories?post=40152"},{"taxonomy":"post_tag","embeddable":true,"href":"https:\/\/sindaopcpb.org.br\/index.php\/wp-json\/wp\/v2\/tags?post=40152"}],"curies":[{"name":"wp","href":"https:\/\/api.w.org\/{rel}","templated":true}]}}