{"id":40139,"date":"2023-10-24T12:51:13","date_gmt":"2023-10-24T15:51:13","guid":{"rendered":"https:\/\/wpa.wscom.com.br\/?p=929443"},"modified":"2023-10-24T12:51:13","modified_gmt":"2023-10-24T15:51:13","slug":"lula-diz-que-acao-do-hamas-nao-justifica-que-israel-mate-inocentes","status":"publish","type":"post","link":"https:\/\/sindaopcpb.org.br\/index.php\/2023\/10\/24\/lula-diz-que-acao-do-hamas-nao-justifica-que-israel-mate-inocentes\/","title":{"rendered":"Lula diz que a\u00e7\u00e3o do Hamas n\u00e3o justifica que Israel mate inocentes"},"content":{"rendered":"<p>O presidente Luiz In\u00e1cio Lula da Silva criticou nesta ter\u00e7a-feira (24) a rea\u00e7\u00e3o de Israel ap\u00f3s o ataque do grupo palestino Hamas, que controla a Faixa de Gaza. \u201cN\u00e3o \u00e9 porque o Hamas cometeu um ato terrorista contra Israel que esse pa\u00eds tem que matar milh\u00f5es de inocentes\u201d, disse, no programa semanal\u00a0<em>Conversa com o Presidente<\/em>, transmitido pelo\u00a0<strong>Canal Gov<\/strong>.\u00a0<img decoding=\"async\" src=\"https:\/\/agenciabrasil.ebc.com.br\/ebc.png?id=1562424&amp;o=node\" alt=\"\" title=\"\"><img decoding=\"async\" src=\"https:\/\/agenciabrasil.ebc.com.br\/ebc.gif?id=1562424&amp;o=node\" alt=\"\" title=\"\"><\/p>\n<p>Lula disse\u00a0que j\u00e1\u00a0conversou\u00a0com l\u00edderes de diversos pa\u00edses \u2013 incluindo Israel, Autoridade Palestina, Egito, Ir\u00e3, Turquia, Fran\u00e7a, R\u00fassia e Emirados \u00c1rabes \u2013 com o objetivo\u00a0de mediar uma solu\u00e7\u00e3o para o conflito. Segundo ele, ainda est\u00e3o previstas conversar com l\u00edderes da China, da \u00c1frica do Sul e do Catar.<\/p>\n<p>\u201cEstou falando com todo mundo pra que a gente consiga tr\u00eas coisas. Primeiro, garantir o corredor humanit\u00e1rio para que as pessoas possam receber \u00e1gua, comida, rem\u00e9dio. Garantir que n\u00e3o falte energia el\u00e9trica nos hospitais para que as pessoas possam ser tratadas. E garantir que n\u00e3o se mate mais crian\u00e7as. N\u00e3o tem exemplo na humanidade de guerra em que quem morre mais \u00e9 crian\u00e7a, que n\u00e3o est\u00e1 na guerra. E crian\u00e7as dos dois lados, quando n\u00e3o queremos que morra ningu\u00e9m.\u201d<\/p>\n<p>\u201cSe voc\u00ea n\u00e3o falar em paz todo dia, todo dia, todo dia, as pessoas esquecem que \u00e9 poss\u00edvel construir a paz. Quando vejo autoridades falarem em guerra, fulano tem que matar cicrano, tem que derrotar, n\u00e3o \u00e9 assim que a gente resolve o problema. Numa mesa de negocia\u00e7\u00e3o, n\u00e3o morre ningu\u00e9m. Custa mais barato e a gente pode encontrar solu\u00e7\u00e3o. \u00c9 preciso que a gente consiga que l\u00e1, no Oriente M\u00e9dio, Israel fique com o territ\u00f3rio que \u00e9 seu e que est\u00e1 demarcado pela ONU [Organiza\u00e7\u00e3o das Na\u00e7\u00f5es Unidas] e que os palestinos tenham o direito de ter a sua terra. \u00c9 simples assim e n\u00e3o precisa ningu\u00e9m ficar invadindo a terra de ningu\u00e9m.\u201d<\/p>\n<h2>Brasileiros<\/h2>\n<p>Lula afirmou\u00a0que h\u00e1 brasileiros na Faixa de Gaza \u2013 incluindo mulheres e crian\u00e7as \u2013 que aguardam numa regi\u00e3o pr\u00f3xima \u00e0 fronteira com o Egito para a repatria\u00e7\u00e3o. \u201cJ\u00e1 falei com o presidente do Egito, o meu ministro j\u00e1 falou com o ministro das Rela\u00e7\u00f5es Exteriores, o avi\u00e3o presidencial menor j\u00e1 est\u00e1 no Cairo \u00e0\u00a0espera dessa gente. Assim que abrir a fronteira, vamos buscar os brasileiros e trazer pra c\u00e1. Porque \u00e9 aqui o lugar deles, um pa\u00eds seguro, que n\u00e3o tem guerra. E a gente pretende dar a eles a cidadania que n\u00e3o conseguiram conquistar morando na Faixa de Gaza, com a trucul\u00eancia e com os bombardeios.\u201d<\/p>\n<h2>Cr\u00edticas \u00e0 ONU<\/h2>\n<p>\u201cTodo dia, a gente v\u00ea Israel invadir a terra dos palestinos e a ONU n\u00e3o faz nada porque est\u00e1 enfraquecida. Esse \u00e9 o meu papel, de tentar criar as condi\u00e7\u00f5es para que a gente possa voltar a sentar \u00e0\u00a0mesa de negocia\u00e7\u00e3o. Ainda ontem falei com o [presidente da R\u00fassia, Vladimir] Putin\u00a0sobre a guerra da Ucr\u00e2nia e sobre a guerra do Oriente M\u00e9dio. \u00c9 preciso que as pessoas parem\u201d, disse o presidente.<\/p>\n<p>Para Lula, se a ONU \u201ctivesse for\u00e7a\u201d, poderia exercer o que chamou de maior interfer\u00eancia no conflito.<\/p>\n<p>O post <a rel=\"nofollow noopener\" href=\"https:\/\/wscom.com.br\/lula-diz-que-acao-do-hamas-nao-justifica-que-israel-mate-inocentes\/\" target=\"_blank\">Lula diz que a\u00e7\u00e3o do Hamas n\u00e3o justifica que Israel mate inocentes<\/a> apareceu primeiro em <a rel=\"nofollow noopener\" href=\"https:\/\/wscom.com.br\/\" target=\"_blank\">WSCOM<\/a>.<\/p>\n","protected":false},"excerpt":{"rendered":"<p>O presidente Luiz In\u00e1cio Lula da Silva criticou nesta ter\u00e7a-feira (24) a rea\u00e7\u00e3o de Israel ap\u00f3s o ataque do grupo palestino Hamas, que controla a Faixa de Gaza. \u201cN\u00e3o \u00e9 porque o Hamas cometeu um ato terrorista contra Israel que esse pa\u00eds tem que matar milh\u00f5es de inocentes\u201d, disse, no programa semanal\u00a0Conversa com o Presidente, [\u2026]<\/p>\n<p>O post <a rel=\"nofollow\" href=\"https:\/\/wscom.com.br\/lula-diz-que-acao-do-hamas-nao-justifica-que-israel-mate-inocentes\/\">Lula diz que a\u00e7\u00e3o do Hamas n\u00e3o justifica que Israel mate inocentes<\/a> apareceu primeiro em <a rel=\"nofollow\" href=\"https:\/\/wscom.com.br\/\">WSCOM<\/a>.<\/p>\n","protected":false},"author":50,"featured_media":0,"comment_status":"closed","ping_status":"closed","sticky":false,"template":"","format":"standard","meta":{"advgb_blocks_editor_width":"","advgb_blocks_columns_visual_guide":"","footnotes":""},"categories":[34,9892,110,47],"tags":[35],"class_list":["post-40139","post","type-post","status-publish","format-standard","hentry","category-g1","category-hamas","category-lula","category-politica","tag-g1"],"author_meta":{"display_name":"Wallyson","author_link":"https:\/\/sindaopcpb.org.br\/author\/wallyson\/"},"featured_img":null,"coauthors":[],"tax_additional":{"categories":{"linked":["<a href=\"https:\/\/sindaopcpb.org.br\/g1\/\" class=\"advgb-post-tax-term\">G1<\/a>","<a href=\"https:\/\/sindaopcpb.org.br\/hamas\/\" class=\"advgb-post-tax-term\">HAMAS<\/a>","<a href=\"https:\/\/sindaopcpb.org.br\/lula\/\" class=\"advgb-post-tax-term\">Lula<\/a>","<a href=\"https:\/\/sindaopcpb.org.br\/politica\/\" class=\"advgb-post-tax-term\">POLITICA<\/a>"],"unlinked":["<span class=\"advgb-post-tax-term\">G1<\/span>","<span class=\"advgb-post-tax-term\">HAMAS<\/span>","<span class=\"advgb-post-tax-term\">Lula<\/span>","<span class=\"advgb-post-tax-term\">POLITICA<\/span>"]},"tags":{"linked":["<a href=\"https:\/\/sindaopcpb.org.br\/politica\/\" class=\"advgb-post-tax-term\">g1<\/a>"],"unlinked":["<span class=\"advgb-post-tax-term\">g1<\/span>"]}},"comment_count":"0","relative_dates":{"created":"Publicado 3 anos atr\u00e1s","modified":"Atualizado 3 anos atr\u00e1s"},"absolute_dates":{"created":"Publicado em 24 de outubro de 2023","modified":"Atualizado em 24 de outubro de 2023"},"absolute_dates_time":{"created":"Publicado em 24 de outubro de 2023 12:51","modified":"Atualizado em 24 de outubro de 2023 12:51"},"featured_img_caption":"","series_order":"","_links":{"self":[{"href":"https:\/\/sindaopcpb.org.br\/index.php\/wp-json\/wp\/v2\/posts\/40139","targetHints":{"allow":["GET"]}}],"collection":[{"href":"https:\/\/sindaopcpb.org.br\/index.php\/wp-json\/wp\/v2\/posts"}],"about":[{"href":"https:\/\/sindaopcpb.org.br\/index.php\/wp-json\/wp\/v2\/types\/post"}],"author":[{"embeddable":true,"href":"https:\/\/sindaopcpb.org.br\/index.php\/wp-json\/wp\/v2\/users\/50"}],"replies":[{"embeddable":true,"href":"https:\/\/sindaopcpb.org.br\/index.php\/wp-json\/wp\/v2\/comments?post=40139"}],"version-history":[{"count":1,"href":"https:\/\/sindaopcpb.org.br\/index.php\/wp-json\/wp\/v2\/posts\/40139\/revisions"}],"predecessor-version":[{"id":40140,"href":"https:\/\/sindaopcpb.org.br\/index.php\/wp-json\/wp\/v2\/posts\/40139\/revisions\/40140"}],"wp:attachment":[{"href":"https:\/\/sindaopcpb.org.br\/index.php\/wp-json\/wp\/v2\/media?parent=40139"}],"wp:term":[{"taxonomy":"category","embeddable":true,"href":"https:\/\/sindaopcpb.org.br\/index.php\/wp-json\/wp\/v2\/categories?post=40139"},{"taxonomy":"post_tag","embeddable":true,"href":"https:\/\/sindaopcpb.org.br\/index.php\/wp-json\/wp\/v2\/tags?post=40139"}],"curies":[{"name":"wp","href":"https:\/\/api.w.org\/{rel}","templated":true}]}}