{"id":40137,"date":"2023-10-24T10:25:31","date_gmt":"2023-10-24T13:25:31","guid":{"rendered":"https:\/\/www.infomoney.com.br\/?p=2276576"},"modified":"2023-10-24T10:25:31","modified_gmt":"2023-10-24T13:25:31","slug":"pl-das-offshores-e-de-fundos-exclusivos-deve-ser-votada-nesta-terca-diz-relator","status":"publish","type":"post","link":"https:\/\/sindaopcpb.org.br\/index.php\/2023\/10\/24\/pl-das-offshores-e-de-fundos-exclusivos-deve-ser-votada-nesta-terca-diz-relator\/","title":{"rendered":"PL das offshores e de fundos exclusivos deve ser votada nesta ter\u00e7a, diz relator"},"content":{"rendered":"<p><img loading=\"lazy\" width=\"300\" height=\"185\" src=\"https:\/\/www.infomoney.com.br\/wp-content\/uploads\/2023\/10\/img20230706230408527MED.jpg?fit=300%2C185&amp;quality=70&amp;strip=all\" class=\"attachment-medium size-medium wp-post-image\" alt=\"\" decoding=\"async\" style=\"float:right; margin:0 0 10px 10px;\" srcset=\"https:\/\/www.infomoney.com.br\/wp-content\/uploads\/2023\/10\/img20230706230408527MED.jpg?w=1000&amp;quality=70&amp;strip=all 1000w, https:\/\/www.infomoney.com.br\/wp-content\/uploads\/2023\/10\/img20230706230408527MED.jpg?w=300&amp;quality=70&amp;strip=all 300w, https:\/\/www.infomoney.com.br\/wp-content\/uploads\/2023\/10\/img20230706230408527MED.jpg?w=768&amp;quality=70&amp;strip=all 768w, https:\/\/www.infomoney.com.br\/wp-content\/uploads\/2023\/10\/img20230706230408527MED.jpg?w=150&amp;quality=70&amp;strip=all 150w\" sizes=\"auto, (max-width: 300px) 100vw, 300px\" data-attachment-id=\"2261056\" data-permalink=\"https:\/\/www.infomoney.com.br\/politica\/aliquotas-menores-fidcs-fora-e-novas-classificacoes-o-que-muda-com-a-nova-versao-do-pl-das-offshores-e-fundos-exclusivos\/attachment\/img20230706230408527med\/\" data-orig-file=\"https:\/\/www.infomoney.com.br\/wp-content\/uploads\/2023\/10\/img20230706230408527MED.jpg?fit=1000%2C616&amp;quality=70&amp;strip=all\" data-orig-size=\"1000,616\" data-comments-opened=\"0\" data-image-meta=\"{&quot;aperture&quot;:&quot;0&quot;,&quot;credit&quot;:&quot;&quot;,&quot;camera&quot;:&quot;&quot;,&quot;caption&quot;:&quot;&quot;,&quot;created_timestamp&quot;:&quot;0&quot;,&quot;copyright&quot;:&quot;&quot;,&quot;focal_length&quot;:&quot;0&quot;,&quot;iso&quot;:&quot;0&quot;,&quot;shutter_speed&quot;:&quot;0&quot;,&quot;title&quot;:&quot;&quot;,&quot;orientation&quot;:&quot;0&quot;}\" data-image-title=\"Deputado Pedro Paulo (PSD-RJ)\" data-image-description=\"\" data-image-caption=\"&lt;p&gt;O deputado Pedro Paulo (PSD-RJ) durante sess\u00e3o no plen\u00e1rio da C\u00e2mara dos Deputados (Zeca Ribeiro\/C\u00e2mara dos Deputados)&lt;\/p&gt;\n\" data-medium-file=\"https:\/\/www.infomoney.com.br\/wp-content\/uploads\/2023\/10\/img20230706230408527MED.jpg?fit=300%2C185&amp;quality=70&amp;strip=all\" data-large-file=\"https:\/\/www.infomoney.com.br\/wp-content\/uploads\/2023\/10\/img20230706230408527MED.jpg?fit=1000%2C616&amp;quality=70&amp;strip=all\" title=\"\"><\/p>\n<p>O relator do Projeto de Lei de taxa&ccedil;&atilde;o de fundos &ldquo;offshore&rdquo; e exclusivos na C&acirc;mara dos Deputados, o deputado federal Pedro Paulo (PSD-RJ), disse que os l&iacute;deres da Casa est&atilde;o conversando para &ldquo;criar condi&ccedil;&otilde;es&rdquo; de o texto ser votado no plen&aacute;rio ainda nesta ter&ccedil;a-feira (24) e que faltam &ldquo;poucos pontos&rdquo; a serem fechados.<\/p>\n<p>&ldquo;O texto est&aacute; muito bem encaminhando, mas existem quest&otilde;es da pol&iacute;tica&rdquo;, disse o deputado em entrevista &agrave; BandNews. &ldquo;O esfor&ccedil;o que est&aacute; sendo feito pelos l&iacute;deres &eacute; que n&oacute;s possamos criar condi&ccedil;&otilde;es para o projeto ser posto em pauta hoje&rdquo;.<\/p>\n<p>O parlamentar afirmou, no entanto, que o presidente da C&acirc;mara, Arthur Lira (AL-PP), ainda tem um &ldquo;conjunto enorme de reuni&otilde;es&rdquo; com as lideran&ccedil;as dos partidos para &ldquo;sentir o clima&rdquo; sobre a possibilidade de votar o projeto mais tarde.<\/p>\n<p>Pela manh&atilde;, em entrevista &agrave; GloboNews, Pedro Paulo havia dito que existia &ldquo;uma constru&ccedil;&atilde;o de um acordo&rdquo; para que o texto fosse votado nesta ter&ccedil;a e afirmado que houve avan&ccedil;os desde que o PL foi pautado.<\/p>\n<h2>Defesa do projeto<\/h2>\n<p>O parlamentar defendeu o projeto e afirmou n&atilde;o fazer sentido que &ldquo;uma minoria&rdquo; seja taxada de uma forma diferente. &ldquo;&Eacute; importante ter justi&ccedil;a com os diferentes investidores no Brasil. N&atilde;o faz sentido a grande maioria ser taxada de uma forma e uma minoria, de uma outra&rdquo;, disse &agrave; GloboNews.<\/p>\n<p>Ele disse que o texto leva em conta a taxa de juros &ldquo;exorbitante&rdquo; no pa&iacute;s e o crescimento do mercado de capitais e destacou que a medida &eacute; fundamental para a reestrutura&ccedil;&atilde;o da base de arrecada&ccedil;&atilde;o do governo, pois ajudar&aacute; no meta de d&eacute;ficit fiscal prim&aacute;rio zero em 2024.<\/p>\n<p>O relator afirmou ainda que as al&iacute;quotas impostas no projeto n&atilde;o impossibilitam os investimentos no pa&iacute;s e que elas apenas igualam o ambiente de neg&oacute;cios, cobrando o que j&aacute; &eacute; recolhido de outros investidores. &ldquo;As al&iacute;quotas que est&atilde;o sendo colocadas n&atilde;o s&atilde;o al&iacute;quotas que inviabilizam neg&oacute;cios&rdquo;.<\/p>\n<\/p>\n<div class=\"cta-end\">\n<div class=\"im-cta\" >\n<div class=\"im-shortcode-forms bg-light bg-opacity-25 border rounded-4 p-3 p-sm-4 p-md-3 p-lg-4 px-xxl-5 my-5\" data-configuration='{\"form_name\":false,\"form_hat\":\"Newsletter\",\"form_email\":true,\"form_icon\":\"newsletter\",\"form_phone\":false,\"form_campaign\":\"NIM\",\"form_thankyou\":\"\",\"form_journey\":\"APIEvent-26a5198d-8e09-06ef-5f80-cd9127757ad1\",\"form_button\":\"Quero receber\",\"form_context\":\"newsletter\",\"form_origin\":\"https:\\\/\\\/www.infomoney.com.br\\\/politica\\\/feed\\\/?utm_medium=materia&#038;utm_source=infomoney&#038;utm_campaign=NIM&#038;utm_term=politica&#038;utm_content=newsletter\",\"form_position\":\"final\",\"form_category\":\"cta_form\"}'>\n<div class=\"d-flex flex-column align-items-center align-items-lg-start mb-4 flex-lg-row\">\n<div class=\"rounded-circle mb-2 mb-lg-0 mr-lg-4 me-lg-4 p-3 p-lg-4 bg-blue-400\"><svg width=\"40\" height=\"40\" viewBox=\"0 0 40 40\" fill=\"none\" xmlns=\"http:\/\/www.w3.org\/2000\/svg\"><path d=\"M20 20.25 6.042 11.042v19.041c0 .167.048.299.146.396a.535.535 0 0 0 .395.146h15.792V32.5H6.583a2.328 2.328 0 0 1-1.708-.708 2.328 2.328 0 0 1-.708-1.709V9.917c0-.667.236-1.236.708-1.709A2.328 2.328 0 0 1 6.583 7.5h26.834c.666 0 1.236.236 1.708.708a2.33 2.33 0 0 1 .708 1.709v12.458h-1.875V11.042L20 20.25Zm0-2 13.667-8.875H6.333L20 18.25Zm11.75 18.958-1.292-1.333 3.334-3.375h-9v-1.875h9l-3.375-3.417 1.333-1.291 5.667 5.625-5.667 5.666ZM6.042 11.042v20.791-9.458.25-13.25 1.667Z\" fill=\"#fff\"\/><\/svg><\/div>\n<div class=\"flex-fill text-center text-lg-left\">\n<div class=\"h6 small text-orange-700 lh-base mb-1\">Newsletter<\/div>\n<div class=\"text-body h4 m-0\">Infomorning<\/div>\n<div class=\"text-body small lh-base mt-2\">Receba no seu e-mail logo pela manh&atilde; as not&iacute;cias que v&atilde;o mexer com os mercados, com os seus investimentos e o seu bolso durante o dia<\/div>\n<\/div>\n<\/div>\n<\/div>\n<\/div>\n<\/div>\n<p>The post <a rel=\"nofollow noopener\" href=\"https:\/\/www.infomoney.com.br\/politica\/pl-das-offshores-e-de-fundos-exclusivos-deve-ser-votada-nesta-terca-diz-relator\/\" target=\"_blank\">PL das offshores e de fundos exclusivos deve ser votada nesta ter\u00e7a, diz relator<\/a> appeared first on <a rel=\"nofollow noopener\" href=\"https:\/\/www.infomoney.com.br\/\" target=\"_blank\">InfoMoney<\/a>.<\/p>\n","protected":false},"excerpt":{"rendered":"<p><img loading=\"lazy\" decoding=\"async\" width=\"300\" height=\"185\" src=\"https:\/\/www.infomoney.com.br\/wp-content\/uploads\/2023\/10\/img20230706230408527MED.jpg?fit=300%2C185&amp;quality=70&amp;strip=all\" class=\"attachment-medium size-medium wp-post-image\" alt=\"\" data-attachment-id=\"2261056\" data-permalink=\"https:\/\/www.infomoney.com.br\/politica\/aliquotas-menores-fidcs-fora-e-novas-classificacoes-o-que-muda-com-a-nova-versao-do-pl-das-offshores-e-fundos-exclusivos\/attachment\/img20230706230408527med\/\" data-orig-file=\"https:\/\/www.infomoney.com.br\/wp-content\/uploads\/2023\/10\/img20230706230408527MED.jpg?fit=1000%2C616&amp;quality=70&amp;strip=all\" data-orig-size=\"1000,616\" data-comments-opened=\"0\" data-image-meta='{\"aperture\":\"0\",\"credit\":\"\",\"camera\":\"\",\"caption\":\"\",\"created_timestamp\":\"0\",\"copyright\":\"\",\"focal_length\":\"0\",\"iso\":\"0\",\"shutter_speed\":\"0\",\"title\":\"\",\"orientation\":\"0\"}' data-image-title=\"Deputado Pedro Paulo (PSD-RJ)\" data-image-description=\"\" data-image-caption=\"&lt;p&gt;O deputado Pedro Paulo (PSD-RJ) durante sess\u00e3o no plen\u00e1rio da C\u00e2mara dos Deputados (Zeca Ribeiro\/C\u00e2mara dos Deputados)&lt;\/p&gt;\n\" data-medium-file=\"https:\/\/www.infomoney.com.br\/wp-content\/uploads\/2023\/10\/img20230706230408527MED.jpg?fit=300%2C185&amp;quality=70&amp;strip=all\" data-large-file=\"https:\/\/www.infomoney.com.br\/wp-content\/uploads\/2023\/10\/img20230706230408527MED.jpg?fit=1000%2C616&amp;quality=70&amp;strip=all\">Deputado federal Pedro Paulo (PSD-RJ) disse inicialmente que item era o primeiro da pauta; depois, falou que ainda &#8216;existem quest\u00f5es da pol\u00edtica&#8217;<\/p>\n<p>The post <a rel=\"nofollow\" href=\"https:\/\/www.infomoney.com.br\/politica\/pl-das-offshores-e-de-fundos-exclusivos-deve-ser-votada-nesta-terca-diz-relator\/\">PL das offshores e de fundos exclusivos deve ser votada nesta ter\u00e7a, diz relator<\/a> appeared first on <a rel=\"nofollow\" href=\"https:\/\/www.infomoney.com.br\/\">InfoMoney<\/a>.<\/p>\n","protected":false},"author":46,"featured_media":0,"comment_status":"closed","ping_status":"closed","sticky":false,"template":"","format":"standard","meta":{"advgb_blocks_editor_width":"","advgb_blocks_columns_visual_guide":"","footnotes":""},"categories":[3982,6661,6883,34,1108,47],"tags":[35],"class_list":["post-40137","post","type-post","status-publish","format-standard","hentry","category-fundos-de-investimento","category-fundos-exclusivos","category-fundos-offshore","category-g1","category-onde-investir","category-politica","tag-g1"],"author_meta":{"display_name":"Reuters","author_link":"https:\/\/sindaopcpb.org.br\/author\/reuters\/"},"featured_img":null,"coauthors":[],"tax_additional":{"categories":{"linked":["<a href=\"https:\/\/sindaopcpb.org.br\/fundos-de-investimento\/\" class=\"advgb-post-tax-term\">Fundos de Investimento<\/a>","<a href=\"https:\/\/sindaopcpb.org.br\/fundos-exclusivos\/\" class=\"advgb-post-tax-term\">Fundos Exclusivos<\/a>","<a href=\"https:\/\/sindaopcpb.org.br\/fundos-offshore\/\" class=\"advgb-post-tax-term\">Fundos Offshore<\/a>","<a href=\"https:\/\/sindaopcpb.org.br\/g1\/\" class=\"advgb-post-tax-term\">G1<\/a>","<a href=\"https:\/\/sindaopcpb.org.br\/onde-investir\/\" class=\"advgb-post-tax-term\">Onde Investir<\/a>","<a href=\"https:\/\/sindaopcpb.org.br\/politica\/\" class=\"advgb-post-tax-term\">POLITICA<\/a>"],"unlinked":["<span class=\"advgb-post-tax-term\">Fundos de Investimento<\/span>","<span class=\"advgb-post-tax-term\">Fundos Exclusivos<\/span>","<span class=\"advgb-post-tax-term\">Fundos Offshore<\/span>","<span class=\"advgb-post-tax-term\">G1<\/span>","<span class=\"advgb-post-tax-term\">Onde Investir<\/span>","<span class=\"advgb-post-tax-term\">POLITICA<\/span>"]},"tags":{"linked":["<a href=\"https:\/\/sindaopcpb.org.br\/politica\/\" class=\"advgb-post-tax-term\">g1<\/a>"],"unlinked":["<span class=\"advgb-post-tax-term\">g1<\/span>"]}},"comment_count":"0","relative_dates":{"created":"Publicado 3 anos atr\u00e1s","modified":"Atualizado 3 anos atr\u00e1s"},"absolute_dates":{"created":"Publicado em 24 de outubro de 2023","modified":"Atualizado em 24 de outubro de 2023"},"absolute_dates_time":{"created":"Publicado em 24 de outubro de 2023 10:25","modified":"Atualizado em 24 de outubro de 2023 10:25"},"featured_img_caption":"","series_order":"","_links":{"self":[{"href":"https:\/\/sindaopcpb.org.br\/index.php\/wp-json\/wp\/v2\/posts\/40137","targetHints":{"allow":["GET"]}}],"collection":[{"href":"https:\/\/sindaopcpb.org.br\/index.php\/wp-json\/wp\/v2\/posts"}],"about":[{"href":"https:\/\/sindaopcpb.org.br\/index.php\/wp-json\/wp\/v2\/types\/post"}],"author":[{"embeddable":true,"href":"https:\/\/sindaopcpb.org.br\/index.php\/wp-json\/wp\/v2\/users\/46"}],"replies":[{"embeddable":true,"href":"https:\/\/sindaopcpb.org.br\/index.php\/wp-json\/wp\/v2\/comments?post=40137"}],"version-history":[{"count":1,"href":"https:\/\/sindaopcpb.org.br\/index.php\/wp-json\/wp\/v2\/posts\/40137\/revisions"}],"predecessor-version":[{"id":40138,"href":"https:\/\/sindaopcpb.org.br\/index.php\/wp-json\/wp\/v2\/posts\/40137\/revisions\/40138"}],"wp:attachment":[{"href":"https:\/\/sindaopcpb.org.br\/index.php\/wp-json\/wp\/v2\/media?parent=40137"}],"wp:term":[{"taxonomy":"category","embeddable":true,"href":"https:\/\/sindaopcpb.org.br\/index.php\/wp-json\/wp\/v2\/categories?post=40137"},{"taxonomy":"post_tag","embeddable":true,"href":"https:\/\/sindaopcpb.org.br\/index.php\/wp-json\/wp\/v2\/tags?post=40137"}],"curies":[{"name":"wp","href":"https:\/\/api.w.org\/{rel}","templated":true}]}}