{"id":40122,"date":"2023-10-24T09:25:50","date_gmt":"2023-10-24T12:25:50","guid":{"rendered":"https:\/\/wpa.wscom.com.br\/?p=929417"},"modified":"2023-10-24T09:25:50","modified_gmt":"2023-10-24T12:25:50","slug":"black-flag-toca-o-classico-my-mar-na-integra-no-brasil","status":"publish","type":"post","link":"https:\/\/sindaopcpb.org.br\/index.php\/2023\/10\/24\/black-flag-toca-o-classico-my-mar-na-integra-no-brasil\/","title":{"rendered":"Black Flag toca o cl\u00e1ssico My Mar na \u00edntegra no Brasil"},"content":{"rendered":"<p align=\"justify\">My War, lan\u00e7ado pelo Black Flag em 1984, \u00e9 um \u00e1lbum ic\u00f4nico, que impacta gera\u00e7\u00f5es por d\u00e9cadas e se mant\u00e9m como um s\u00f3lido pilar da m\u00fasica alternativa. \u00c9 um disco de punk rock com nuances de metal, hardcore stoner e at\u00e9 sludge, o que explica a venera\u00e7\u00e3o de tantas bandas, de distintos g\u00eaneros, por este registro. Nesta sexta-feira (27), em S\u00e3o Paulo (Carioca Club), todas as faixas &#8211; e muitas outras &#8211; ser\u00e3o tocadas ao vivo por um sempre en\u00e9rgico Black Flag!<\/p>\n<p align=\"justify\">Ingressos continuam \u00e0 venda:<br \/>\n<strong><a href=\"https:\/\/email.cloud.secureclick.net\/c\/1711?id=433113.25571.1.a5a71fa598b25bb4f3b40263e787f951\" rel=\"noopener nofollow\" data-saferedirecturl=\"https:\/\/www.google.com\/url?q=https:\/\/email.cloud.secureclick.net\/c\/1711?id%3D433113.25571.1.a5a71fa598b25bb4f3b40263e787f951&amp;source=gmail&amp;ust=1698235774059000&amp;usg=AOvVaw2FL2cUo8dtl2zeNnRwaVxe\" target=\"_blank\">https:\/\/www.clubedoingresso.<wbr \/>com\/evento\/blackflag-saopaulo<\/a><\/strong><\/p>\n<p align=\"justify\">O evento tamb\u00e9m ter\u00e1 um \u00edcone do punk rock nacional, Garotos Podres. A realiza\u00e7\u00e3o local \u00e9 da\u00a0<strong>Maraty<\/strong>, com produ\u00e7\u00e3o da\u00a0<strong>Powerline Music &amp; Books<\/strong>. A tour completa do Black Flag pela Am\u00e9rica Latina \u00e9 da\u00a0<strong>V\u00eanus Concerts<\/strong>.<\/p>\n<p align=\"justify\">Nesta nova passagem pela capital paulista, tr\u00eas anos ap\u00f3s a estreia no Brasil no mesmo Carioca Club em mar\u00e7o de 2020 (tamb\u00e9m realizado pela Powerline), o Black Flag promete duas horas de show para celebrar os quase 40 anos do segundo disco da banda, My War, al\u00e9m de tocar mais hits.<\/p>\n<p align=\"justify\">O Black Flag \u00e9 uma institui\u00e7\u00e3o do punk rock, um s\u00f3lido pilar que desde 1976 sustenta o estilo, seus cacoetes e \u00e9 influ\u00eancia para um incont\u00e1vel n\u00famero de bandas que surgiram a partir da d\u00e9cada de 1980 at\u00e9 os dias atuais, inclusive como a for\u00e7a motriz do que viria a ser e soar o hardcore.<\/p>\n<p align=\"justify\">Al\u00e9m do come\u00e7o arrebatador e marcante do punk\/hardcore com o \u00e1lbum Damaged (1981), o Black Flag se manteve impactante tr\u00eas anos depois com My War (1984). Traz seis m\u00fasicas que originalmente figuram no \u00e1lbum de estreia, o lado B do disco apresentava barulhos tensos e uma sonoridade punk obscura.<\/p>\n<p align=\"justify\">My War \u00e9 um Black Flag ainda mais r\u00e1pido e pesado, que por mais inusitado que pare\u00e7a, tem influ\u00eancia de Black Sabbath e at\u00e9 hoje \u00e9 um \u00e1lbum importante e influente para a cena sludge metal e pro grunge.<\/p>\n<p align=\"justify\">Para esta tour no Brasil, o Black Flag \u00e9 Greg Ginn (membro fundador e \u00fanico da forma\u00e7\u00e3o original), Mike Vallely, Harley Duggan e Charles Wiley.<\/p>\n<p align=\"justify\">SERVI\u00c7O<br \/>\n<strong>Black Flag em S\u00e3o Paulo<\/strong><br \/>\nData: 27 de outubro de 2023<br \/>\nHor\u00e1rio: 19h (abertura da casa)<br \/>\nLocal: Carioca Club<br \/>\nEndere\u00e7o: rua Cardeal Arcoverde, 2899 &#8211; Pinheiros, S\u00e3o Paulo\/SP<br \/>\nVenda on-line:\u00a0<a href=\"https:\/\/email.cloud.secureclick.net\/c\/1711?id=433113.25572.1.abf630e83c3776591a109eef1152abdd\" rel=\"noopener nofollow\" data-saferedirecturl=\"https:\/\/www.google.com\/url?q=https:\/\/email.cloud.secureclick.net\/c\/1711?id%3D433113.25572.1.abf630e83c3776591a109eef1152abdd&amp;source=gmail&amp;ust=1698235774059000&amp;usg=AOvVaw1QKwWJANt4OHOWNc5bG3tV\" target=\"_blank\">https:\/\/www.clubedoingresso.<wbr \/>com\/evento\/blackflag-saopaulo<\/a><br \/>\nIngresso: Meia solid\u00e1ria: R$ 210,00 (3\u00ba lote)<br \/>\nInteira: R$ 420,00 (3\u00ba lote)<br \/>\nCamarote: R$ 270 (2\u00ba lote, meia solid\u00e1ria), R$ 500 (1\u00ba lote, inteira)<br \/>\nClassifica\u00e7\u00e3o et\u00e1ria: 18 anos (menores de 18 anos, somente acompanhados de pai, m\u00e3e ou respons\u00e1vel legal)<\/p>\n<p>O post <a rel=\"nofollow noopener\" href=\"https:\/\/wscom.com.br\/black-flag-toca-o-classico-my-mar-na-integra-no-brasil\/\" target=\"_blank\">Black Flag toca o cl\u00e1ssico My Mar na \u00edntegra no Brasil<\/a> apareceu primeiro em <a rel=\"nofollow noopener\" href=\"https:\/\/wscom.com.br\/\" target=\"_blank\">WSCOM<\/a>.<\/p>\n","protected":false},"excerpt":{"rendered":"<p>My War, lan\u00e7ado pelo Black Flag em 1984, \u00e9 um \u00e1lbum ic\u00f4nico, que impacta gera\u00e7\u00f5es por d\u00e9cadas e se mant\u00e9m como um s\u00f3lido pilar da m\u00fasica alternativa. \u00c9 um disco de punk rock com nuances de metal, hardcore stoner e at\u00e9 sludge, o que explica a venera\u00e7\u00e3o de tantas bandas, de distintos g\u00eaneros, por este [\u2026]<\/p>\n<p>O post <a rel=\"nofollow\" href=\"https:\/\/wscom.com.br\/black-flag-toca-o-classico-my-mar-na-integra-no-brasil\/\">Black Flag toca o cl\u00e1ssico My Mar na \u00edntegra no Brasil<\/a> apareceu primeiro em <a rel=\"nofollow\" href=\"https:\/\/wscom.com.br\/\">WSCOM<\/a>.<\/p>\n","protected":false},"author":50,"featured_media":0,"comment_status":"closed","ping_status":"closed","sticky":false,"template":"","format":"standard","meta":{"advgb_blocks_editor_width":"","advgb_blocks_columns_visual_guide":"","footnotes":""},"categories":[10467,10468,34,302,10469,10470],"tags":[35],"class_list":["post-40122","post","type-post","status-publish","format-standard","hentry","category-black","category-flag","category-g1","category-musica","category-my","category-war","tag-g1"],"author_meta":{"display_name":"Wallyson","author_link":"https:\/\/sindaopcpb.org.br\/author\/wallyson\/"},"featured_img":null,"coauthors":[],"tax_additional":{"categories":{"linked":["<a href=\"https:\/\/sindaopcpb.org.br\/black\/\" class=\"advgb-post-tax-term\">black<\/a>","<a href=\"https:\/\/sindaopcpb.org.br\/flag\/\" class=\"advgb-post-tax-term\">flag<\/a>","<a href=\"https:\/\/sindaopcpb.org.br\/g1\/\" class=\"advgb-post-tax-term\">G1<\/a>","<a href=\"https:\/\/sindaopcpb.org.br\/musica\/\" class=\"advgb-post-tax-term\">M\u00fasica<\/a>","<a href=\"https:\/\/sindaopcpb.org.br\/my\/\" class=\"advgb-post-tax-term\">my<\/a>","<a href=\"https:\/\/sindaopcpb.org.br\/war\/\" class=\"advgb-post-tax-term\">war<\/a>"],"unlinked":["<span class=\"advgb-post-tax-term\">black<\/span>","<span class=\"advgb-post-tax-term\">flag<\/span>","<span class=\"advgb-post-tax-term\">G1<\/span>","<span class=\"advgb-post-tax-term\">M\u00fasica<\/span>","<span class=\"advgb-post-tax-term\">my<\/span>","<span class=\"advgb-post-tax-term\">war<\/span>"]},"tags":{"linked":["<a href=\"https:\/\/sindaopcpb.org.br\/war\/\" class=\"advgb-post-tax-term\">g1<\/a>"],"unlinked":["<span class=\"advgb-post-tax-term\">g1<\/span>"]}},"comment_count":"0","relative_dates":{"created":"Publicado 3 anos atr\u00e1s","modified":"Atualizado 3 anos atr\u00e1s"},"absolute_dates":{"created":"Publicado em 24 de outubro de 2023","modified":"Atualizado em 24 de outubro de 2023"},"absolute_dates_time":{"created":"Publicado em 24 de outubro de 2023 09:25","modified":"Atualizado em 24 de outubro de 2023 09:25"},"featured_img_caption":"","series_order":"","_links":{"self":[{"href":"https:\/\/sindaopcpb.org.br\/index.php\/wp-json\/wp\/v2\/posts\/40122","targetHints":{"allow":["GET"]}}],"collection":[{"href":"https:\/\/sindaopcpb.org.br\/index.php\/wp-json\/wp\/v2\/posts"}],"about":[{"href":"https:\/\/sindaopcpb.org.br\/index.php\/wp-json\/wp\/v2\/types\/post"}],"author":[{"embeddable":true,"href":"https:\/\/sindaopcpb.org.br\/index.php\/wp-json\/wp\/v2\/users\/50"}],"replies":[{"embeddable":true,"href":"https:\/\/sindaopcpb.org.br\/index.php\/wp-json\/wp\/v2\/comments?post=40122"}],"version-history":[{"count":1,"href":"https:\/\/sindaopcpb.org.br\/index.php\/wp-json\/wp\/v2\/posts\/40122\/revisions"}],"predecessor-version":[{"id":40123,"href":"https:\/\/sindaopcpb.org.br\/index.php\/wp-json\/wp\/v2\/posts\/40122\/revisions\/40123"}],"wp:attachment":[{"href":"https:\/\/sindaopcpb.org.br\/index.php\/wp-json\/wp\/v2\/media?parent=40122"}],"wp:term":[{"taxonomy":"category","embeddable":true,"href":"https:\/\/sindaopcpb.org.br\/index.php\/wp-json\/wp\/v2\/categories?post=40122"},{"taxonomy":"post_tag","embeddable":true,"href":"https:\/\/sindaopcpb.org.br\/index.php\/wp-json\/wp\/v2\/tags?post=40122"}],"curies":[{"name":"wp","href":"https:\/\/api.w.org\/{rel}","templated":true}]}}