{"id":40120,"date":"2023-10-24T09:41:39","date_gmt":"2023-10-24T12:41:39","guid":{"rendered":"https:\/\/wpa.wscom.com.br\/?p=929421"},"modified":"2023-10-24T09:41:39","modified_gmt":"2023-10-24T12:41:39","slug":"tres-foragidos-da-justica-sao-presos-em-bairros-da-orla-de-joao-pessoa","status":"publish","type":"post","link":"https:\/\/sindaopcpb.org.br\/index.php\/2023\/10\/24\/tres-foragidos-da-justica-sao-presos-em-bairros-da-orla-de-joao-pessoa\/","title":{"rendered":"Tr\u00eas foragidos da Justi\u00e7a s\u00e3o presos em bairros da Orla de Jo\u00e3o Pessoa"},"content":{"rendered":"<p style=\"font-weight: 400;\">Em menos de seis horas, a Pol\u00edcia Militar localizou e prendeu tr\u00eas foragidos da Justi\u00e7a que estavam na regi\u00e3o da Orla de Jo\u00e3o Pessoa, nesta segunda-feira (23). Juntas, as penas dos acusados somam 10 anos e seis meses de pris\u00e3o, por v\u00e1rios delitos como furto, desacato e abandono de incapaz.<\/p>\n<p style=\"font-weight: 400;\">As capturas dos foragidos foram realizadas pelos policiais do Batalh\u00e3o Especializado em Policiamento Tur\u00edstico (BEPTur), que iniciaram a semana intensificando as a\u00e7\u00f5es em pontos estrat\u00e9gicos. Duas pris\u00f5es aconteceram no bairro de Tamba\u00fa, contra acusados procurados por crimes de furtos. Em abordagens, os policiais constataram que os suspeitos possu\u00edam mandados em aberto expedidos pela Vara de Execu\u00e7\u00e3o Penal.<\/p>\n<p style=\"font-weight: 400;\">\u201cJ\u00e1 no bairro do Bessa, a pris\u00e3o foi de uma mulher, acusada de abandono de incapaz, desacato, e que teria quebrado uma medida protetiva que a pr\u00f3pria m\u00e3e tinha contra ela\u201d, explicou o major Bruno, comandante do BEPTur.<\/p>\n<p style=\"font-weight: 400;\">Todas as ocorr\u00eancias foram registradas entre a tarde e a noite de segunda-feira, e foram encaminhadas para a Pol\u00edcia Judici\u00e1ria.<\/p>\n<p>O post <a rel=\"nofollow noopener\" href=\"https:\/\/wscom.com.br\/tres-foragidos-da-justica-sao-presos-em-bairros-da-orla-de-joao-pessoa\/\" target=\"_blank\">Tr\u00eas foragidos da Justi\u00e7a s\u00e3o presos em bairros da Orla de Jo\u00e3o Pessoa<\/a> apareceu primeiro em <a rel=\"nofollow noopener\" href=\"https:\/\/wscom.com.br\/\" target=\"_blank\">WSCOM<\/a>.<\/p>\n","protected":false},"excerpt":{"rendered":"<p>Em menos de seis horas, a Pol\u00edcia Militar localizou e prendeu tr\u00eas foragidos da Justi\u00e7a que estavam na regi\u00e3o da Orla de Jo\u00e3o Pessoa, nesta segunda-feira (23). Juntas, as penas dos acusados somam 10 anos e seis meses de pris\u00e3o, por v\u00e1rios delitos como furto, desacato e abandono de incapaz. As capturas dos foragidos foram [\u2026]<\/p>\n<p>O post <a rel=\"nofollow\" href=\"https:\/\/wscom.com.br\/tres-foragidos-da-justica-sao-presos-em-bairros-da-orla-de-joao-pessoa\/\">Tr\u00eas foragidos da Justi\u00e7a s\u00e3o presos em bairros da Orla de Jo\u00e3o Pessoa<\/a> apareceu primeiro em <a rel=\"nofollow\" href=\"https:\/\/wscom.com.br\/\">WSCOM<\/a>.<\/p>\n","protected":false},"author":50,"featured_media":0,"comment_status":"closed","ping_status":"closed","sticky":false,"template":"","format":"standard","meta":{"advgb_blocks_editor_width":"","advgb_blocks_columns_visual_guide":"","footnotes":""},"categories":[1450,34,71,2789,779,66],"tags":[35],"class_list":["post-40120","post","type-post","status-publish","format-standard","hentry","category-foragidos","category-g1","category-joao-pessoa","category-orla","category-pm","category-policial","tag-g1"],"author_meta":{"display_name":"Wallyson","author_link":"https:\/\/sindaopcpb.org.br\/author\/wallyson\/"},"featured_img":null,"coauthors":[],"tax_additional":{"categories":{"linked":["<a href=\"https:\/\/sindaopcpb.org.br\/foragidos\/\" class=\"advgb-post-tax-term\">foragidos<\/a>","<a href=\"https:\/\/sindaopcpb.org.br\/g1\/\" class=\"advgb-post-tax-term\">G1<\/a>","<a href=\"https:\/\/sindaopcpb.org.br\/joao-pessoa\/\" class=\"advgb-post-tax-term\">Jo\u00e3o Pessoa<\/a>","<a href=\"https:\/\/sindaopcpb.org.br\/orla\/\" class=\"advgb-post-tax-term\">Orla<\/a>","<a href=\"https:\/\/sindaopcpb.org.br\/pm\/\" class=\"advgb-post-tax-term\">PM<\/a>","<a href=\"https:\/\/sindaopcpb.org.br\/policial\/\" class=\"advgb-post-tax-term\">Policial<\/a>"],"unlinked":["<span class=\"advgb-post-tax-term\">foragidos<\/span>","<span class=\"advgb-post-tax-term\">G1<\/span>","<span class=\"advgb-post-tax-term\">Jo\u00e3o Pessoa<\/span>","<span class=\"advgb-post-tax-term\">Orla<\/span>","<span class=\"advgb-post-tax-term\">PM<\/span>","<span class=\"advgb-post-tax-term\">Policial<\/span>"]},"tags":{"linked":["<a href=\"https:\/\/sindaopcpb.org.br\/policial\/\" class=\"advgb-post-tax-term\">g1<\/a>"],"unlinked":["<span class=\"advgb-post-tax-term\">g1<\/span>"]}},"comment_count":"0","relative_dates":{"created":"Publicado 3 anos atr\u00e1s","modified":"Atualizado 3 anos atr\u00e1s"},"absolute_dates":{"created":"Publicado em 24 de outubro de 2023","modified":"Atualizado em 24 de outubro de 2023"},"absolute_dates_time":{"created":"Publicado em 24 de outubro de 2023 09:41","modified":"Atualizado em 24 de outubro de 2023 09:41"},"featured_img_caption":"","series_order":"","_links":{"self":[{"href":"https:\/\/sindaopcpb.org.br\/index.php\/wp-json\/wp\/v2\/posts\/40120","targetHints":{"allow":["GET"]}}],"collection":[{"href":"https:\/\/sindaopcpb.org.br\/index.php\/wp-json\/wp\/v2\/posts"}],"about":[{"href":"https:\/\/sindaopcpb.org.br\/index.php\/wp-json\/wp\/v2\/types\/post"}],"author":[{"embeddable":true,"href":"https:\/\/sindaopcpb.org.br\/index.php\/wp-json\/wp\/v2\/users\/50"}],"replies":[{"embeddable":true,"href":"https:\/\/sindaopcpb.org.br\/index.php\/wp-json\/wp\/v2\/comments?post=40120"}],"version-history":[{"count":1,"href":"https:\/\/sindaopcpb.org.br\/index.php\/wp-json\/wp\/v2\/posts\/40120\/revisions"}],"predecessor-version":[{"id":40121,"href":"https:\/\/sindaopcpb.org.br\/index.php\/wp-json\/wp\/v2\/posts\/40120\/revisions\/40121"}],"wp:attachment":[{"href":"https:\/\/sindaopcpb.org.br\/index.php\/wp-json\/wp\/v2\/media?parent=40120"}],"wp:term":[{"taxonomy":"category","embeddable":true,"href":"https:\/\/sindaopcpb.org.br\/index.php\/wp-json\/wp\/v2\/categories?post=40120"},{"taxonomy":"post_tag","embeddable":true,"href":"https:\/\/sindaopcpb.org.br\/index.php\/wp-json\/wp\/v2\/tags?post=40120"}],"curies":[{"name":"wp","href":"https:\/\/api.w.org\/{rel}","templated":true}]}}