{"id":40049,"date":"2023-10-23T17:41:00","date_gmt":"2023-10-23T20:41:00","guid":{"rendered":"https:\/\/www.infomoney.com.br\/?p=2275905"},"modified":"2023-10-23T17:41:00","modified_gmt":"2023-10-23T20:41:00","slug":"alckmin-enaltece-parceria-com-china-mdic-busca-investimentos-no-pac","status":"publish","type":"post","link":"https:\/\/sindaopcpb.org.br\/index.php\/2023\/10\/23\/alckmin-enaltece-parceria-com-china-mdic-busca-investimentos-no-pac\/","title":{"rendered":"Alckmin enaltece \u2018parceria\u2019 com China; MDIC busca investimentos no PAC"},"content":{"rendered":"<p><img loading=\"lazy\" width=\"300\" height=\"225\" src=\"https:\/\/www.infomoney.com.br\/wp-content\/uploads\/2023\/07\/13072023-img_1908.jpg?fit=300%2C225&amp;quality=70&amp;strip=all\" class=\"attachment-medium size-medium wp-post-image\" alt=\"\" decoding=\"async\" style=\"float:right; margin:0 0 10px 10px;\" srcset=\"https:\/\/www.infomoney.com.br\/wp-content\/uploads\/2023\/07\/13072023-img_1908.jpg?w=1024&amp;quality=70&amp;strip=all 1024w, https:\/\/www.infomoney.com.br\/wp-content\/uploads\/2023\/07\/13072023-img_1908.jpg?w=300&amp;quality=70&amp;strip=all 300w, https:\/\/www.infomoney.com.br\/wp-content\/uploads\/2023\/07\/13072023-img_1908.jpg?w=768&amp;quality=70&amp;strip=all 768w, https:\/\/www.infomoney.com.br\/wp-content\/uploads\/2023\/07\/13072023-img_1908.jpg?w=150&amp;quality=70&amp;strip=all 150w\" sizes=\"auto, (max-width: 300px) 100vw, 300px\" data-attachment-id=\"2191140\" data-permalink=\"https:\/\/www.infomoney.com.br\/politica\/alckmin-sinaliza-ao-setor-sucroalcooleiro-aumento-da-mistura-de-etanol-na-gasolina\/attachment\/13072023-img_1908\/\" data-orig-file=\"https:\/\/www.infomoney.com.br\/wp-content\/uploads\/2023\/07\/13072023-img_1908.jpg?fit=1024%2C768&amp;quality=70&amp;strip=all\" data-orig-size=\"1024,768\" data-comments-opened=\"0\" data-image-meta=\"{&quot;aperture&quot;:&quot;2.8&quot;,&quot;credit&quot;:&quot;Foto: Fabio Rodrigues-Pozzebom\\\/ Ag\\u00eancia Brasil&quot;,&quot;camera&quot;:&quot;Canon EOS Rebel T6i&quot;,&quot;caption&quot;:&quot;Bras\\u00edlia, 13\\\/07\\\/2023  O vice-presidente da Rep\\u00fablica e ministro do Desenvolvimento, Ind\\u00fastria, Com\\u00e9rcio e Servi\\u00e7os, Geraldo Alckmin, participa do segundo dia de trabalhos do Sicom\\u00e9rcio. Ao seu lado, o presidente da CNC, Jos\\u00e9 Roberto Tadros 2023.Foto: Fabio Rodrigues-Pozzebom\\\/ Ag\\u00eancia Brasil&quot;,&quot;created_timestamp&quot;:&quot;1689242568&quot;,&quot;copyright&quot;:&quot;Ag\\u00eancia Brasil\\\/EBC&quot;,&quot;focal_length&quot;:&quot;200&quot;,&quot;iso&quot;:&quot;1600&quot;,&quot;shutter_speed&quot;:&quot;0.008&quot;,&quot;title&quot;:&quot;&quot;,&quot;orientation&quot;:&quot;0&quot;}\" data-image-title=\"Vice-presidente Geraldo Alckmin\" data-image-description=\"\" data-image-caption=\"&lt;p&gt;O vice-presidente da Rep\u00fablica e ministro do Desenvolvimento, Ind\u00fastria, Com\u00e9rcio e Servi\u00e7os, Geraldo Alckmin (Foto: Fabio Rodrigues-Pozzebom\/ Ag\u00eancia Brasil)&lt;\/p&gt;\n\" data-medium-file=\"https:\/\/www.infomoney.com.br\/wp-content\/uploads\/2023\/07\/13072023-img_1908.jpg?fit=300%2C225&amp;quality=70&amp;strip=all\" data-large-file=\"https:\/\/www.infomoney.com.br\/wp-content\/uploads\/2023\/07\/13072023-img_1908.jpg?fit=1024%2C768&amp;quality=70&amp;strip=all\" title=\"\"><\/p>\n<p>O vice-presidente da Rep&uacute;blica, Geraldo Alckmin afirmou nesta segunda-feira (23), que a mais pr&oacute;spera das parcerias &eacute; a entre o Brasil e a China, e destacou o pa&iacute;s asi&aacute;tico como o mais importante parceiro comercial brasileiro nos dias atuais. Alckmin frisou que os dois pa&iacute;ses t&ecirc;m rela&ccedil;&otilde;es comerciais nas mais diversas &aacute;reas, a exemplo de sa&uacute;de, avia&ccedil;&atilde;o, minera&ccedil;&atilde;o, financeira, energia e petr&oacute;leo.<\/p>\n<p>Ele destacou os investimentos recentes das chinesas BYD e GWM no Pa&iacute;s, no segmento de ve&iacute;culos el&eacute;tricos.<\/p>\n<p>&ldquo;Tenho certeza que vamos poder avan&ccedil;ar ainda mais em investimentos rec&iacute;procos e parcerias que s&atilde;o a melhor maneira de celebrarmos os 50 anos de amizade e de aproxima&ccedil;&atilde;o econ&ocirc;mica e cultural, e os 20 anos da Cosban Comiss&atilde;o Sino-Brasileira de Alto N&iacute;vel de Concerta&ccedil;&atilde;o e Coopera&ccedil;&atilde;o&rdquo;, declarou Alckmin.<\/p>\n<p>O vice-presidente relembrou a viagem recente do presidente da Rep&uacute;blica, Luiz In&aacute;cio Lula da Silva, &agrave; China e afirmou que foram assinados in&uacute;meros acordos que v&atilde;o facilitar ainda mais o investimento entre os pa&iacute;ses.<\/p>\n<p>Alckmin emendou que foram realizadas reuni&otilde;es com empres&aacute;rios brasileiros e chineses a fim de ouvi-los para entender como trabalhar ainda mais para avan&ccedil;ar nesse objetivo.<\/p>\n<p>&ldquo;Gilberto Freyre dizia: o Brasil &eacute; a China tropical&rdquo;, citou o vice-presidente.<\/p>\n<p>Alckmin participou do encerramento da Confer&ecirc;ncia Anual do Conselho Empresarial Brasil-China (CEBC), em S&atilde;o Paulo. No mesmo evento, a secret&aacute;ria de com&eacute;rcio exterior do Minist&eacute;rio do Desenvolvimento, Ind&uacute;stria, Com&eacute;rcio e Servi&ccedil;os (MDIC), Tatiana Prazeres afirmou que &ldquo;os chineses s&atilde;o parceiros de primeira grandeza nesse novo momento de investimento em infraestrutura no Brasil&rdquo;, em refer&ecirc;ncia ao novo PAC.<\/p>\n<p>A secret&aacute;ria reiterou que a neoindustrializa&ccedil;&atilde;o &eacute; prioridade do governo e frisou que a sustentabilidade e a tecnologia s&atilde;o pilares desse projeto, que dever&aacute; resultar em avan&ccedil;os significativos para a diversifica&ccedil;&atilde;o das exporta&ccedil;&otilde;es.<\/p>\n<p>Por outro lado, Prazeres admitiu que quando se pensa no potencial para a expans&atilde;o da exporta&ccedil;&atilde;o de alimentos processados ou mesmo de bens industriais, como m&aacute;quinas e equipamentos, &eacute; preciso ter em mente que esse movimento n&atilde;o tende a se refletir no curto prazo em uma pauta de exporta&ccedil;&atilde;o muito diferente da atual, dada a magnitude das exporta&ccedil;&otilde;es de soja.<\/p>\n<p>&ldquo;A China &eacute; o principal parceiro comercial do Brasil h&aacute; muito tempo, desde 2009, e estamos caminhando para um recorde de exporta&ccedil;&atilde;o para a China neste ano, vamos superar os US$ 90 bilh&otilde;es do ano passado&rdquo;, disse.<\/p>\n<p>&ldquo;O Brasil perdeu competitividade industrial nos &uacute;ltimos anos e &eacute; importante retom&aacute;-la para diversificar as exporta&ccedil;&otilde;es. &Eacute; importante que a neoindustrializa&ccedil;&atilde;o se refletia na nossa pauta exportadora&rdquo;, complementou.<\/p>\n<p>(Com Ag&ecirc;ncia Estado)<\/p>\n<\/p>\n<div class=\"cta-end\">\n<div class=\"im-cta\" >\n<div class=\"im-shortcode-forms bg-light bg-opacity-25 border rounded-4 p-3 p-sm-4 p-md-3 p-lg-4 px-xxl-5 my-5\" data-configuration='{\"form_name\":false,\"form_hat\":\"Newsletter\",\"form_email\":true,\"form_icon\":\"newsletter\",\"form_phone\":false,\"form_campaign\":\"NIM\",\"form_thankyou\":\"\",\"form_journey\":\"APIEvent-26a5198d-8e09-06ef-5f80-cd9127757ad1\",\"form_button\":\"Quero receber\",\"form_context\":\"newsletter\",\"form_origin\":\"https:\\\/\\\/www.infomoney.com.br\\\/politica\\\/feed\\\/?utm_medium=materia&#038;utm_source=infomoney&#038;utm_campaign=NIM&#038;utm_term=politica&#038;utm_content=newsletter\",\"form_position\":\"final\",\"form_category\":\"cta_form\"}'>\n<div class=\"d-flex flex-column align-items-center align-items-lg-start mb-4 flex-lg-row\">\n<div class=\"rounded-circle mb-2 mb-lg-0 mr-lg-4 me-lg-4 p-3 p-lg-4 bg-blue-400\"><svg width=\"40\" height=\"40\" viewBox=\"0 0 40 40\" fill=\"none\" xmlns=\"http:\/\/www.w3.org\/2000\/svg\"><path d=\"M20 20.25 6.042 11.042v19.041c0 .167.048.299.146.396a.535.535 0 0 0 .395.146h15.792V32.5H6.583a2.328 2.328 0 0 1-1.708-.708 2.328 2.328 0 0 1-.708-1.709V9.917c0-.667.236-1.236.708-1.709A2.328 2.328 0 0 1 6.583 7.5h26.834c.666 0 1.236.236 1.708.708a2.33 2.33 0 0 1 .708 1.709v12.458h-1.875V11.042L20 20.25Zm0-2 13.667-8.875H6.333L20 18.25Zm11.75 18.958-1.292-1.333 3.334-3.375h-9v-1.875h9l-3.375-3.417 1.333-1.291 5.667 5.625-5.667 5.666ZM6.042 11.042v20.791-9.458.25-13.25 1.667Z\" fill=\"#fff\"\/><\/svg><\/div>\n<div class=\"flex-fill text-center text-lg-left\">\n<div class=\"h6 small text-orange-700 lh-base mb-1\">Newsletter<\/div>\n<div class=\"text-body h4 m-0\">Infomorning<\/div>\n<div class=\"text-body small lh-base mt-2\">Receba no seu e-mail logo pela manh&atilde; as not&iacute;cias que v&atilde;o mexer com os mercados, com os seus investimentos e o seu bolso durante o dia<\/div>\n<\/div>\n<\/div>\n<\/div>\n<\/div>\n<\/div>\n<p>The post <a rel=\"nofollow noopener\" href=\"https:\/\/www.infomoney.com.br\/politica\/alckmin-enaltece-parceria-com-china-mdic-busca-investimentos-no-pac\/\" target=\"_blank\">Alckmin enaltece &#8216;parceria&#8217; com China; MDIC busca investimentos no PAC<\/a> appeared first on <a rel=\"nofollow noopener\" href=\"https:\/\/www.infomoney.com.br\/\" target=\"_blank\">InfoMoney<\/a>.<\/p>\n","protected":false},"excerpt":{"rendered":"<p><img loading=\"lazy\" decoding=\"async\" width=\"300\" height=\"225\" src=\"https:\/\/www.infomoney.com.br\/wp-content\/uploads\/2023\/07\/13072023-img_1908.jpg?fit=300%2C225&amp;quality=70&amp;strip=all\" class=\"attachment-medium size-medium wp-post-image\" alt=\"\" data-attachment-id=\"2191140\" data-permalink=\"https:\/\/www.infomoney.com.br\/politica\/alckmin-sinaliza-ao-setor-sucroalcooleiro-aumento-da-mistura-de-etanol-na-gasolina\/attachment\/13072023-img_1908\/\" data-orig-file=\"https:\/\/www.infomoney.com.br\/wp-content\/uploads\/2023\/07\/13072023-img_1908.jpg?fit=1024%2C768&amp;quality=70&amp;strip=all\" data-orig-size=\"1024,768\" data-comments-opened=\"0\" data-image-meta='{\"aperture\":\"2.8\",\"credit\":\"Foto: Fabio Rodrigues-Pozzebom\\\/ Ag\\u00eancia Brasil\",\"camera\":\"Canon EOS Rebel T6i\",\"caption\":\"Bras\\u00edlia, 13\\\/07\\\/2023  O vice-presidente da Rep\\u00fablica e ministro do Desenvolvimento, Ind\\u00fastria, Com\\u00e9rcio e Servi\\u00e7os, Geraldo Alckmin, participa do segundo dia de trabalhos do Sicom\\u00e9rcio. Ao seu lado, o presidente da CNC, Jos\\u00e9 Roberto Tadros 2023.Foto: Fabio Rodrigues-Pozzebom\\\/ Ag\\u00eancia Brasil\",\"created_timestamp\":\"1689242568\",\"copyright\":\"Ag\\u00eancia Brasil\\\/EBC\",\"focal_length\":\"200\",\"iso\":\"1600\",\"shutter_speed\":\"0.008\",\"title\":\"\",\"orientation\":\"0\"}' data-image-title=\"Vice-presidente Geraldo Alckmin\" data-image-description=\"\" data-image-caption=\"&lt;p&gt;O vice-presidente da Rep\u00fablica e ministro do Desenvolvimento, Ind\u00fastria, Com\u00e9rcio e Servi\u00e7os, Geraldo Alckmin (Foto: Fabio Rodrigues-Pozzebom\/ Ag\u00eancia Brasil)&lt;\/p&gt;\n\" data-medium-file=\"https:\/\/www.infomoney.com.br\/wp-content\/uploads\/2023\/07\/13072023-img_1908.jpg?fit=300%2C225&amp;quality=70&amp;strip=all\" data-large-file=\"https:\/\/www.infomoney.com.br\/wp-content\/uploads\/2023\/07\/13072023-img_1908.jpg?fit=1024%2C768&amp;quality=70&amp;strip=all\">Vice-presidente destacou os investimentos recentes das chinesas BYD e GWM, no segmento de ve\u00edculos el\u00e9tricos<\/p>\n<p>The post <a rel=\"nofollow\" href=\"https:\/\/www.infomoney.com.br\/politica\/alckmin-enaltece-parceria-com-china-mdic-busca-investimentos-no-pac\/\">Alckmin enaltece \u2018parceria\u2019 com China; MDIC busca investimentos no PAC<\/a> appeared first on <a rel=\"nofollow\" href=\"https:\/\/www.infomoney.com.br\/\">InfoMoney<\/a>.<\/p>\n","protected":false},"author":45,"featured_media":0,"comment_status":"closed","ping_status":"closed","sticky":false,"template":"","format":"standard","meta":{"advgb_blocks_editor_width":"","advgb_blocks_columns_visual_guide":"","footnotes":""},"categories":[132,541,34,340,398,47],"tags":[35],"class_list":["post-40049","post","type-post","status-publish","format-standard","hentry","category-china","category-comercio-exterior","category-g1","category-geraldo-alckmin","category-parceria","category-politica","tag-g1"],"author_meta":{"display_name":"Equipe InfoMoney","author_link":"https:\/\/sindaopcpb.org.br\/author\/equipe-infomoney\/"},"featured_img":null,"coauthors":[],"tax_additional":{"categories":{"linked":["<a href=\"https:\/\/sindaopcpb.org.br\/china\/\" class=\"advgb-post-tax-term\">China<\/a>","<a href=\"https:\/\/sindaopcpb.org.br\/comercio-exterior\/\" class=\"advgb-post-tax-term\">Com\u00e9rcio Exterior<\/a>","<a href=\"https:\/\/sindaopcpb.org.br\/g1\/\" class=\"advgb-post-tax-term\">G1<\/a>","<a href=\"https:\/\/sindaopcpb.org.br\/geraldo-alckmin\/\" class=\"advgb-post-tax-term\">Geraldo Alckmin<\/a>","<a href=\"https:\/\/sindaopcpb.org.br\/parceria\/\" class=\"advgb-post-tax-term\">PARCERIA<\/a>","<a href=\"https:\/\/sindaopcpb.org.br\/politica\/\" class=\"advgb-post-tax-term\">POLITICA<\/a>"],"unlinked":["<span class=\"advgb-post-tax-term\">China<\/span>","<span class=\"advgb-post-tax-term\">Com\u00e9rcio Exterior<\/span>","<span class=\"advgb-post-tax-term\">G1<\/span>","<span class=\"advgb-post-tax-term\">Geraldo Alckmin<\/span>","<span class=\"advgb-post-tax-term\">PARCERIA<\/span>","<span class=\"advgb-post-tax-term\">POLITICA<\/span>"]},"tags":{"linked":["<a href=\"https:\/\/sindaopcpb.org.br\/politica\/\" class=\"advgb-post-tax-term\">g1<\/a>"],"unlinked":["<span class=\"advgb-post-tax-term\">g1<\/span>"]}},"comment_count":"0","relative_dates":{"created":"Publicado 3 anos atr\u00e1s","modified":"Atualizado 3 anos atr\u00e1s"},"absolute_dates":{"created":"Publicado em 23 de outubro de 2023","modified":"Atualizado em 23 de outubro de 2023"},"absolute_dates_time":{"created":"Publicado em 23 de outubro de 2023 17:41","modified":"Atualizado em 23 de outubro de 2023 17:41"},"featured_img_caption":"","series_order":"","_links":{"self":[{"href":"https:\/\/sindaopcpb.org.br\/index.php\/wp-json\/wp\/v2\/posts\/40049","targetHints":{"allow":["GET"]}}],"collection":[{"href":"https:\/\/sindaopcpb.org.br\/index.php\/wp-json\/wp\/v2\/posts"}],"about":[{"href":"https:\/\/sindaopcpb.org.br\/index.php\/wp-json\/wp\/v2\/types\/post"}],"author":[{"embeddable":true,"href":"https:\/\/sindaopcpb.org.br\/index.php\/wp-json\/wp\/v2\/users\/45"}],"replies":[{"embeddable":true,"href":"https:\/\/sindaopcpb.org.br\/index.php\/wp-json\/wp\/v2\/comments?post=40049"}],"version-history":[{"count":2,"href":"https:\/\/sindaopcpb.org.br\/index.php\/wp-json\/wp\/v2\/posts\/40049\/revisions"}],"predecessor-version":[{"id":40060,"href":"https:\/\/sindaopcpb.org.br\/index.php\/wp-json\/wp\/v2\/posts\/40049\/revisions\/40060"}],"wp:attachment":[{"href":"https:\/\/sindaopcpb.org.br\/index.php\/wp-json\/wp\/v2\/media?parent=40049"}],"wp:term":[{"taxonomy":"category","embeddable":true,"href":"https:\/\/sindaopcpb.org.br\/index.php\/wp-json\/wp\/v2\/categories?post=40049"},{"taxonomy":"post_tag","embeddable":true,"href":"https:\/\/sindaopcpb.org.br\/index.php\/wp-json\/wp\/v2\/tags?post=40049"}],"curies":[{"name":"wp","href":"https:\/\/api.w.org\/{rel}","templated":true}]}}