{"id":40011,"date":"2023-10-23T13:56:19","date_gmt":"2023-10-23T16:56:19","guid":{"rendered":"https:\/\/wpa.wscom.com.br\/?p=929276"},"modified":"2023-10-23T13:56:19","modified_gmt":"2023-10-23T16:56:19","slug":"joao-azevedo-anuncia-cronograma-para-obra-de-construcao-da-ponte-entre-cabedelo-e-lucena","status":"publish","type":"post","link":"https:\/\/sindaopcpb.org.br\/index.php\/2023\/10\/23\/joao-azevedo-anuncia-cronograma-para-obra-de-construcao-da-ponte-entre-cabedelo-e-lucena\/","title":{"rendered":"Jo\u00e3o Azev\u00eado anuncia cronograma para obra de constru\u00e7\u00e3o da ponte entre Cabedelo e Lucena"},"content":{"rendered":"<p>O governador Jo\u00e3o Azev\u00eado (PSB) anunciou, nesta segunda-feira (16), durante o programa semanal Conversa com o Governador, transmitido em cadeia estadual pela R\u00e1dio Tabajara, o cronograma para o in\u00edcio efetivo da constru\u00e7\u00e3o da ponte que ligar\u00e1 Cabedelo a Lucena atrav\u00e9s do Rio Para\u00edba, na Grande Jo\u00e3o Pessoa.<\/p>\n<p>A primeira etapa, a desapropria\u00e7\u00e3o de diversas \u00e1reas no entorno da obra, ocorreu na semana passada, com o objetivo de criar condi\u00e7\u00f5es para futuras instala\u00e7\u00f5es das vias que dar\u00e3o acesso \u00e0 ponte. At\u00e9 o dia 30 de novembro, o governo planeja concluir o anteprojeto, que servir\u00e1 como base para a licita\u00e7\u00e3o. A divulga\u00e7\u00e3o do material est\u00e1 prevista para a primeira semana de dezembro.<\/p>\n<p>&#8220;Em dezembro, este projeto ser\u00e1 apresentado ao p\u00fablico da Para\u00edba. Logo em seguida, realizaremos audi\u00eancias p\u00fablicas e at\u00e9 o final de dezembro publicaremos o edital para a licita\u00e7\u00e3o da obra no Di\u00e1rio Oficial. Se tudo correr conforme o planejado, a constru\u00e7\u00e3o ser\u00e1 iniciada nos primeiros meses do pr\u00f3ximo ano&#8221;, disse Jo\u00e3o Azev\u00eado.<\/p>\n<p>A previs\u00e3o \u00e9 que a constru\u00e7\u00e3o seja conclu\u00edda at\u00e9 2026, com um investimento de R$ 500 milh\u00f5es. O projeto da ponte inclui a liga\u00e7\u00e3o da Praia do Jacar\u00e9 at\u00e9 Lucena e, em seguida, \u00e0 BR-101 em Santa Rita. A obra beneficiar\u00e1 caminhoneiros que necessitam se deslocar do Porto de Cabedelo at\u00e9 a rodovia, evitando a passagem pela \u00e1rea urbana de Jo\u00e3o Pessoa.<\/p>\n<p>Atualmente, o deslocamento de Cabedelo a Lucena requer o uso de balsas, enquanto caminh\u00f5es que saem do Porto de Cabedelo precisam atravessar Cabedelo, passar por Jo\u00e3o Pessoa e seguir em dire\u00e7\u00e3o a Recife ou Natal, passando por Bayeux e Santa Rita.<\/p>\n<p>O post <a rel=\"nofollow noopener\" href=\"https:\/\/wscom.com.br\/joao-azevedo-anuncia-cronograma-para-obra-de-construcao-da-ponte-entre-cabedelo-e-lucena\/\" target=\"_blank\">Jo\u00e3o Azev\u00eado anuncia cronograma para obra de constru\u00e7\u00e3o da ponte entre Cabedelo e Lucena<\/a> apareceu primeiro em <a rel=\"nofollow noopener\" href=\"https:\/\/wscom.com.br\/\" target=\"_blank\">WSCOM<\/a>.<\/p>\n","protected":false},"excerpt":{"rendered":"<p>O governador Jo\u00e3o Azev\u00eado (PSB) anunciou, nesta segunda-feira (16), durante o programa semanal Conversa com o Governador, transmitido em cadeia estadual pela R\u00e1dio Tabajara, o cronograma para o in\u00edcio efetivo da constru\u00e7\u00e3o da ponte que ligar\u00e1 Cabedelo a Lucena atrav\u00e9s do Rio Para\u00edba, na Grande Jo\u00e3o Pessoa. A primeira etapa, a desapropria\u00e7\u00e3o de diversas \u00e1reas [\u2026]<\/p>\n<p>O post <a rel=\"nofollow\" href=\"https:\/\/wscom.com.br\/joao-azevedo-anuncia-cronograma-para-obra-de-construcao-da-ponte-entre-cabedelo-e-lucena\/\">Jo\u00e3o Azev\u00eado anuncia cronograma para obra de constru\u00e7\u00e3o da ponte entre Cabedelo e Lucena<\/a> apareceu primeiro em <a rel=\"nofollow\" href=\"https:\/\/wscom.com.br\/\">WSCOM<\/a>.<\/p>\n","protected":false},"author":49,"featured_media":0,"comment_status":"closed","ping_status":"closed","sticky":false,"template":"","format":"standard","meta":{"advgb_blocks_editor_width":"","advgb_blocks_columns_visual_guide":"","footnotes":""},"categories":[34,440,54,47,10444],"tags":[35],"class_list":["post-40011","post","type-post","status-publish","format-standard","hentry","category-g1","category-joao-azevedo","category-paraiba","category-politica","category-ponte-de-lucena","tag-g1"],"author_meta":{"display_name":"Cristiane Cavalcante","author_link":"https:\/\/sindaopcpb.org.br\/author\/cristiane-cavalcante\/"},"featured_img":null,"coauthors":[],"tax_additional":{"categories":{"linked":["<a href=\"https:\/\/sindaopcpb.org.br\/g1\/\" class=\"advgb-post-tax-term\">G1<\/a>","<a href=\"https:\/\/sindaopcpb.org.br\/joao-azevedo\/\" class=\"advgb-post-tax-term\">jo\u00e3o azevedo<\/a>","<a href=\"https:\/\/sindaopcpb.org.br\/paraiba\/\" class=\"advgb-post-tax-term\">Para\u00edba<\/a>","<a href=\"https:\/\/sindaopcpb.org.br\/politica\/\" class=\"advgb-post-tax-term\">POLITICA<\/a>","<a href=\"https:\/\/sindaopcpb.org.br\/ponte-de-lucena\/\" class=\"advgb-post-tax-term\">ponte de lucena<\/a>"],"unlinked":["<span class=\"advgb-post-tax-term\">G1<\/span>","<span class=\"advgb-post-tax-term\">jo\u00e3o azevedo<\/span>","<span class=\"advgb-post-tax-term\">Para\u00edba<\/span>","<span class=\"advgb-post-tax-term\">POLITICA<\/span>","<span class=\"advgb-post-tax-term\">ponte de lucena<\/span>"]},"tags":{"linked":["<a href=\"https:\/\/sindaopcpb.org.br\/ponte-de-lucena\/\" class=\"advgb-post-tax-term\">g1<\/a>"],"unlinked":["<span class=\"advgb-post-tax-term\">g1<\/span>"]}},"comment_count":"0","relative_dates":{"created":"Publicado 3 anos atr\u00e1s","modified":"Atualizado 3 anos atr\u00e1s"},"absolute_dates":{"created":"Publicado em 23 de outubro de 2023","modified":"Atualizado em 23 de outubro de 2023"},"absolute_dates_time":{"created":"Publicado em 23 de outubro de 2023 13:56","modified":"Atualizado em 23 de outubro de 2023 13:56"},"featured_img_caption":"","series_order":"","_links":{"self":[{"href":"https:\/\/sindaopcpb.org.br\/index.php\/wp-json\/wp\/v2\/posts\/40011","targetHints":{"allow":["GET"]}}],"collection":[{"href":"https:\/\/sindaopcpb.org.br\/index.php\/wp-json\/wp\/v2\/posts"}],"about":[{"href":"https:\/\/sindaopcpb.org.br\/index.php\/wp-json\/wp\/v2\/types\/post"}],"author":[{"embeddable":true,"href":"https:\/\/sindaopcpb.org.br\/index.php\/wp-json\/wp\/v2\/users\/49"}],"replies":[{"embeddable":true,"href":"https:\/\/sindaopcpb.org.br\/index.php\/wp-json\/wp\/v2\/comments?post=40011"}],"version-history":[{"count":2,"href":"https:\/\/sindaopcpb.org.br\/index.php\/wp-json\/wp\/v2\/posts\/40011\/revisions"}],"predecessor-version":[{"id":40048,"href":"https:\/\/sindaopcpb.org.br\/index.php\/wp-json\/wp\/v2\/posts\/40011\/revisions\/40048"}],"wp:attachment":[{"href":"https:\/\/sindaopcpb.org.br\/index.php\/wp-json\/wp\/v2\/media?parent=40011"}],"wp:term":[{"taxonomy":"category","embeddable":true,"href":"https:\/\/sindaopcpb.org.br\/index.php\/wp-json\/wp\/v2\/categories?post=40011"},{"taxonomy":"post_tag","embeddable":true,"href":"https:\/\/sindaopcpb.org.br\/index.php\/wp-json\/wp\/v2\/tags?post=40011"}],"curies":[{"name":"wp","href":"https:\/\/api.w.org\/{rel}","templated":true}]}}