{"id":39943,"date":"2023-10-23T08:56:44","date_gmt":"2023-10-23T11:56:44","guid":{"rendered":"https:\/\/wpa.wscom.com.br\/?p=929220"},"modified":"2023-10-23T08:56:44","modified_gmt":"2023-10-23T11:56:44","slug":"homem-e-atropelado-por-trem-ao-permanacer-sentado-em-linha-ferrea-na-grande-joao-pessoa","status":"publish","type":"post","link":"https:\/\/sindaopcpb.org.br\/index.php\/2023\/10\/23\/homem-e-atropelado-por-trem-ao-permanacer-sentado-em-linha-ferrea-na-grande-joao-pessoa\/","title":{"rendered":"Homem \u00e9 atropelado por trem ao permanacer sentado em linha f\u00e9rrea, na Grande Jo\u00e3o Pessoa"},"content":{"rendered":"<p>Um homem ficou ferido na manh\u00e3 desta segunda-feira (23) ap\u00f3s ser atingido por um Ve\u00edculo Leve sobre Trilhos (VLT) pr\u00f3ximo \u00e0 comunidade de Jardim Manguinhos, em Cabedelo.<\/p>\n<p>De acordo com informa\u00e7\u00f5es, a v\u00edtima estava sentada na linha de tr\u00e1fego do trem e pode n\u00e3o ter ouvido o apito de alerta.<\/p>\n<p>As equipes do Servi\u00e7o de Atendimento M\u00f3vel de Urg\u00eancia (SAMU) foram acionadas e prestaram os primeiros socorros ao ferido, que foi socorrido em estado grave ao Hospital de Trauma de Jo\u00e3o Pessoa.<\/p>\n<p>As circunst\u00e2ncias do incidente ainda est\u00e3o sendo investigadas.<\/p>\n<p>O post <a rel=\"nofollow noopener\" href=\"https:\/\/wscom.com.br\/homem-e-atropelado-por-trem-ao-permanacer-sentado-em-linha-ferrea-na-grande-joao-pessoa\/\" target=\"_blank\">Homem \u00e9 atropelado por trem ao permanacer sentado em linha f\u00e9rrea, na Grande Jo\u00e3o Pessoa<\/a> apareceu primeiro em <a rel=\"nofollow noopener\" href=\"https:\/\/wscom.com.br\/\" target=\"_blank\">WSCOM<\/a>.<\/p>\n","protected":false},"excerpt":{"rendered":"<p>Um homem ficou ferido na manh\u00e3 desta segunda-feira (23) ap\u00f3s ser atingido por um Ve\u00edculo Leve sobre Trilhos (VLT) pr\u00f3ximo \u00e0 comunidade de Jardim Manguinhos, em Cabedelo. De acordo com informa\u00e7\u00f5es, a v\u00edtima estava sentada na linha de tr\u00e1fego do trem e pode n\u00e3o ter ouvido o apito de alerta. As equipes do Servi\u00e7o de [\u2026]<\/p>\n<p>O post <a rel=\"nofollow\" href=\"https:\/\/wscom.com.br\/homem-e-atropelado-por-trem-ao-permanacer-sentado-em-linha-ferrea-na-grande-joao-pessoa\/\">Homem \u00e9 atropelado por trem ao permanacer sentado em linha f\u00e9rrea, na Grande Jo\u00e3o Pessoa<\/a> apareceu primeiro em <a rel=\"nofollow\" href=\"https:\/\/wscom.com.br\/\">WSCOM<\/a>.<\/p>\n","protected":false},"author":50,"featured_media":0,"comment_status":"closed","ping_status":"closed","sticky":false,"template":"","format":"standard","meta":{"advgb_blocks_editor_width":"","advgb_blocks_columns_visual_guide":"","footnotes":""},"categories":[10431,471,34,249,66,4849],"tags":[35],"class_list":["post-39943","post","type-post","status-publish","format-standard","hentry","category-atropelado","category-cabedelo","category-g1","category-homem","category-policial","category-trem","tag-g1"],"author_meta":{"display_name":"Wallyson","author_link":"https:\/\/sindaopcpb.org.br\/author\/wallyson\/"},"featured_img":null,"coauthors":[],"tax_additional":{"categories":{"linked":["<a href=\"https:\/\/sindaopcpb.org.br\/atropelado\/\" class=\"advgb-post-tax-term\">atropelado<\/a>","<a href=\"https:\/\/sindaopcpb.org.br\/cabedelo\/\" class=\"advgb-post-tax-term\">cabedelo<\/a>","<a href=\"https:\/\/sindaopcpb.org.br\/g1\/\" class=\"advgb-post-tax-term\">G1<\/a>","<a href=\"https:\/\/sindaopcpb.org.br\/homem\/\" class=\"advgb-post-tax-term\">Homem<\/a>","<a href=\"https:\/\/sindaopcpb.org.br\/policial\/\" class=\"advgb-post-tax-term\">Policial<\/a>","<a href=\"https:\/\/sindaopcpb.org.br\/trem\/\" class=\"advgb-post-tax-term\">trem<\/a>"],"unlinked":["<span class=\"advgb-post-tax-term\">atropelado<\/span>","<span class=\"advgb-post-tax-term\">cabedelo<\/span>","<span class=\"advgb-post-tax-term\">G1<\/span>","<span class=\"advgb-post-tax-term\">Homem<\/span>","<span class=\"advgb-post-tax-term\">Policial<\/span>","<span class=\"advgb-post-tax-term\">trem<\/span>"]},"tags":{"linked":["<a href=\"https:\/\/sindaopcpb.org.br\/trem\/\" class=\"advgb-post-tax-term\">g1<\/a>"],"unlinked":["<span class=\"advgb-post-tax-term\">g1<\/span>"]}},"comment_count":"0","relative_dates":{"created":"Publicado 3 anos atr\u00e1s","modified":"Atualizado 3 anos atr\u00e1s"},"absolute_dates":{"created":"Publicado em 23 de outubro de 2023","modified":"Atualizado em 23 de outubro de 2023"},"absolute_dates_time":{"created":"Publicado em 23 de outubro de 2023 08:56","modified":"Atualizado em 23 de outubro de 2023 08:56"},"featured_img_caption":"","series_order":"","_links":{"self":[{"href":"https:\/\/sindaopcpb.org.br\/index.php\/wp-json\/wp\/v2\/posts\/39943","targetHints":{"allow":["GET"]}}],"collection":[{"href":"https:\/\/sindaopcpb.org.br\/index.php\/wp-json\/wp\/v2\/posts"}],"about":[{"href":"https:\/\/sindaopcpb.org.br\/index.php\/wp-json\/wp\/v2\/types\/post"}],"author":[{"embeddable":true,"href":"https:\/\/sindaopcpb.org.br\/index.php\/wp-json\/wp\/v2\/users\/50"}],"replies":[{"embeddable":true,"href":"https:\/\/sindaopcpb.org.br\/index.php\/wp-json\/wp\/v2\/comments?post=39943"}],"version-history":[{"count":2,"href":"https:\/\/sindaopcpb.org.br\/index.php\/wp-json\/wp\/v2\/posts\/39943\/revisions"}],"predecessor-version":[{"id":39983,"href":"https:\/\/sindaopcpb.org.br\/index.php\/wp-json\/wp\/v2\/posts\/39943\/revisions\/39983"}],"wp:attachment":[{"href":"https:\/\/sindaopcpb.org.br\/index.php\/wp-json\/wp\/v2\/media?parent=39943"}],"wp:term":[{"taxonomy":"category","embeddable":true,"href":"https:\/\/sindaopcpb.org.br\/index.php\/wp-json\/wp\/v2\/categories?post=39943"},{"taxonomy":"post_tag","embeddable":true,"href":"https:\/\/sindaopcpb.org.br\/index.php\/wp-json\/wp\/v2\/tags?post=39943"}],"curies":[{"name":"wp","href":"https:\/\/api.w.org\/{rel}","templated":true}]}}