{"id":39904,"date":"2023-10-22T18:24:38","date_gmt":"2023-10-22T21:24:38","guid":{"rendered":"https:\/\/wpa.wscom.com.br\/?p=929143"},"modified":"2023-10-22T18:24:38","modified_gmt":"2023-10-22T21:24:38","slug":"agressor-da-irma-de-zanin-e-indiciado-por-dois-crimes","status":"publish","type":"post","link":"https:\/\/sindaopcpb.org.br\/index.php\/2023\/10\/22\/agressor-da-irma-de-zanin-e-indiciado-por-dois-crimes\/","title":{"rendered":"Agressor da irm\u00e3 de Zanin \u00e9 indiciado por dois crimes"},"content":{"rendered":"<p>O indiv\u00edduo que agrediu a advogada Caroline Zanin Martins, irm\u00e3 do ministro do Supremo Tribunal Federal (STF) Cristiano Zanin, na Zona Oeste de S\u00e3o Paulo, foi formalmente acusado pela Pol\u00edcia Civil dos delitos de agress\u00e3o intencional com les\u00f5es corporais e crueldade contra animais.<\/p>\n<p>Um sistema de vigil\u00e2ncia registrou o momento da agress\u00e3o, que ocorreu na \u00faltima segunda-feira (16) em Perdizes. Nas grava\u00e7\u00f5es, \u00e9 poss\u00edvel observar a advogada parada na frente de um edif\u00edcio, acompanhada por seus dois c\u00e3es, quando um indiv\u00edduo passa e lhe desfere chutes, bem como aos animais (veja acima).<\/p>\n<p>De acordo com informa\u00e7\u00f5es obtidas pela reportagem<a href=\"https:\/\/g1.globo.com\/sp\/sao-paulo\/noticia\/2023\/10\/22\/agressor-da-irma-de-zanin-ministro-do-stf-e-indiciado-por-maus-tratos-a-animais-e-lesao-corporal-dolosa.ghtml\" rel=\"noopener nofollow\" target=\"_blank\">\u00a0do G1,<\/a>\u00a0Rog\u00e9rio Cardoso J\u00fanior, de 64 anos, prestou depoimento na \u00faltima sexta-feira (20) no 23\u00ba Distrito Policial. Ele afirmou \u00e0s autoridades policiais que chutou em leg\u00edtima defesa, alegando que foi atacado pelos cachorros de Caroline.<\/p>\n<p>O post <a rel=\"nofollow noopener\" href=\"https:\/\/wscom.com.br\/agressor-da-irma-de-zanin-e-indiciado-por-dois-crimes\/\" target=\"_blank\">Agressor da irm\u00e3 de Zanin \u00e9 indiciado por dois crimes<\/a> apareceu primeiro em <a rel=\"nofollow noopener\" href=\"https:\/\/wscom.com.br\/\" target=\"_blank\">WSCOM<\/a>.<\/p>\n","protected":false},"excerpt":{"rendered":"<p>O indiv\u00edduo que agrediu a advogada Caroline Zanin Martins, irm\u00e3 do ministro do Supremo Tribunal Federal (STF) Cristiano Zanin, na Zona Oeste de S\u00e3o Paulo, foi formalmente acusado pela Pol\u00edcia Civil dos delitos de agress\u00e3o intencional com les\u00f5es corporais e crueldade contra animais. Um sistema de vigil\u00e2ncia registrou o momento da agress\u00e3o, que ocorreu na [\u2026]<\/p>\n<p>O post <a rel=\"nofollow\" href=\"https:\/\/wscom.com.br\/agressor-da-irma-de-zanin-e-indiciado-por-dois-crimes\/\">Agressor da irm\u00e3 de Zanin \u00e9 indiciado por dois crimes<\/a> apareceu primeiro em <a rel=\"nofollow\" href=\"https:\/\/wscom.com.br\/\">WSCOM<\/a>.<\/p>\n","protected":false},"author":58,"featured_media":0,"comment_status":"closed","ping_status":"closed","sticky":false,"template":"","format":"standard","meta":{"advgb_blocks_editor_width":"","advgb_blocks_columns_visual_guide":"","footnotes":""},"categories":[115,640,34],"tags":[35],"class_list":["post-39904","post","type-post","status-publish","format-standard","hentry","category-brasil","category-crime","category-g1","tag-g1"],"author_meta":{"display_name":"Juliana Terra","author_link":"https:\/\/sindaopcpb.org.br\/author\/juliana-terra\/"},"featured_img":null,"coauthors":[],"tax_additional":{"categories":{"linked":["<a href=\"https:\/\/sindaopcpb.org.br\/brasil\/\" class=\"advgb-post-tax-term\">Brasil<\/a>","<a href=\"https:\/\/sindaopcpb.org.br\/crime\/\" class=\"advgb-post-tax-term\">crime<\/a>","<a href=\"https:\/\/sindaopcpb.org.br\/g1\/\" class=\"advgb-post-tax-term\">G1<\/a>"],"unlinked":["<span class=\"advgb-post-tax-term\">Brasil<\/span>","<span class=\"advgb-post-tax-term\">crime<\/span>","<span class=\"advgb-post-tax-term\">G1<\/span>"]},"tags":{"linked":["<a href=\"https:\/\/sindaopcpb.org.br\/g1\/\" class=\"advgb-post-tax-term\">g1<\/a>"],"unlinked":["<span class=\"advgb-post-tax-term\">g1<\/span>"]}},"comment_count":"0","relative_dates":{"created":"Publicado 3 anos atr\u00e1s","modified":"Atualizado 3 anos atr\u00e1s"},"absolute_dates":{"created":"Publicado em 22 de outubro de 2023","modified":"Atualizado em 22 de outubro de 2023"},"absolute_dates_time":{"created":"Publicado em 22 de outubro de 2023 18:24","modified":"Atualizado em 22 de outubro de 2023 18:24"},"featured_img_caption":"","series_order":"","_links":{"self":[{"href":"https:\/\/sindaopcpb.org.br\/index.php\/wp-json\/wp\/v2\/posts\/39904","targetHints":{"allow":["GET"]}}],"collection":[{"href":"https:\/\/sindaopcpb.org.br\/index.php\/wp-json\/wp\/v2\/posts"}],"about":[{"href":"https:\/\/sindaopcpb.org.br\/index.php\/wp-json\/wp\/v2\/types\/post"}],"author":[{"embeddable":true,"href":"https:\/\/sindaopcpb.org.br\/index.php\/wp-json\/wp\/v2\/users\/58"}],"replies":[{"embeddable":true,"href":"https:\/\/sindaopcpb.org.br\/index.php\/wp-json\/wp\/v2\/comments?post=39904"}],"version-history":[{"count":1,"href":"https:\/\/sindaopcpb.org.br\/index.php\/wp-json\/wp\/v2\/posts\/39904\/revisions"}],"predecessor-version":[{"id":39905,"href":"https:\/\/sindaopcpb.org.br\/index.php\/wp-json\/wp\/v2\/posts\/39904\/revisions\/39905"}],"wp:attachment":[{"href":"https:\/\/sindaopcpb.org.br\/index.php\/wp-json\/wp\/v2\/media?parent=39904"}],"wp:term":[{"taxonomy":"category","embeddable":true,"href":"https:\/\/sindaopcpb.org.br\/index.php\/wp-json\/wp\/v2\/categories?post=39904"},{"taxonomy":"post_tag","embeddable":true,"href":"https:\/\/sindaopcpb.org.br\/index.php\/wp-json\/wp\/v2\/tags?post=39904"}],"curies":[{"name":"wp","href":"https:\/\/api.w.org\/{rel}","templated":true}]}}