{"id":39896,"date":"2023-10-22T17:11:20","date_gmt":"2023-10-22T20:11:20","guid":{"rendered":"https:\/\/wpa.wscom.com.br\/?p=929038"},"modified":"2023-10-22T17:11:20","modified_gmt":"2023-10-22T20:11:20","slug":"mais-de-300-criancas-e-jovens-recebem-medalhas-em-brasilia","status":"publish","type":"post","link":"https:\/\/sindaopcpb.org.br\/index.php\/2023\/10\/22\/mais-de-300-criancas-e-jovens-recebem-medalhas-em-brasilia\/","title":{"rendered":"Mais de 300 crian\u00e7as e jovens recebem medalhas em Bras\u00edlia"},"content":{"rendered":"<p>Mais de 300 crian\u00e7as e jovens receberam medalhas, men\u00e7\u00f5es honrosas e certificados como reconhecimento pelo\u00a0desempenho\u00a0obtido\u00a0no programa Ca\u00e7a Asteroides, na Ol\u00edmpiada Nacional de Ci\u00eancia (ONC), os\u00a0dois do Minist\u00e9rio da Ci\u00eancia, Tecnologia e Inova\u00e7\u00e3o (MCTI), e na Olimp\u00edada de Matem\u00e1tica do Distrito Federal.\u00a0<img decoding=\"async\" src=\"https:\/\/agenciabrasil.ebc.com.br\/ebc.png?id=1562090&amp;o=node\" alt=\"\" title=\"\"><img decoding=\"async\" src=\"https:\/\/agenciabrasil.ebc.com.br\/ebc.gif?id=1562090&amp;o=node\" alt=\"\" title=\"\"><\/p>\n<p>A premia\u00e7\u00e3o ocorreu nessa sexta-feira (20) durante a 20\u00aa Semana Nacional de Ci\u00eancia e Tecnologia, em Bras\u00edlia, que vai at\u00e9\u00a0domingo (22).<\/p>\n<p>Para a populariza\u00e7\u00e3o da ci\u00eancia, o MCTI investir\u00e1, durante todo o ano de 2023, cerca de R$ 100 milh\u00f5es em espa\u00e7os como centros, museus de ci\u00eancia, planet\u00e1rios, zool\u00f3gicos,\u00a0na promo\u00e7\u00e3o de feiras de ci\u00eancia\u00a0e tamb\u00e9m na realiza\u00e7\u00e3o de olimp\u00edadas cient\u00edficas, como as de Hist\u00f3ria do Brasil, Nacional de Ci\u00eancia, Brasileira de Sat\u00e9lites, de Astronomia, F\u00edsica, a AstroNasa. O objetivo \u00e9 incentivar a educa\u00e7\u00e3o cient\u00edfica desde a primeira inf\u00e2ncia.<\/p>\n<p>Em entrevista \u00e0\u00a0<strong>Ag\u00eancia Brasil<\/strong>, a diretora do Departamento de Populariza\u00e7\u00e3o da Ci\u00eancia, Tecnologia e Educa\u00e7\u00e3o Cient\u00edfica do MCTI, Juana Nunes, explica o retorno desses investimentos.<\/p>\n<div class=\"dnd-widget-wrapper context-cheio_8colunas type-image\">\n<div class=\"dnd-atom-rendered\">\n<div class=\"shadow overflow-hidden rounded-lg d-block w-100\"><img decoding=\"async\" class=\"flex-fill img-cover\" title=\"Rodrigo Cabral\/ASCOM\/MCTI\" src=\"https:\/\/imagens.ebc.com.br\/PUQL2EJ-DGWvGgtUmmSkOPGLa88=\/\/d3rf2zoedgusog.cloudfront.net\/754x0\/smart\/https:\/\/agenciabrasil.ebc.com.br\/sites\/default\/files\/thumbnails\/image\/53273136550_be9d2ef56c_o.jpg?itok=neigBakN\" alt=\"Bras\u00edlia (DF) 20\/10\/2023 \u2013 A diretora do Departamento de Populariza\u00e7\u00e3o da Ci\u00eancia, Tecnologia e Educa\u00e7\u00e3o Cient\u00edfica do MCTI, Juana Nunes durante premia\u00e7\u00e3o da Olimp\u00edada de Matem\u00e1tica do Distrito Federal-DF, Ca\u00e7a Asteroides e Olimp\u00edada Nacional de Ci\u00eancia-ONC Foto: Rodrigo Cabral\/ASCOM\/MCTI\" \/><\/div>\n<\/div>\n<div class=\"dnd-caption-wrapper\">\n<div class=\"meta\">Bras\u00edlia\u00a0\u2013 A diretora do Departamento de Populariza\u00e7\u00e3o da Ci\u00eancia, Tecnologia e Educa\u00e7\u00e3o Cient\u00edfica do MCTI, Juana Nunes durante premia\u00e7\u00e3o da Olimp\u00edada Nacional de Ci\u00eancia &#8211; Foto\u00a0<strong>Rodrigo Cabral\/ASCOM\/MCTI<\/strong><\/div>\n<\/div>\n<\/div>\n<p>\u201cAs olimp\u00edadas cient\u00edficas s\u00e3o instrumentos importantes\u00a0de est\u00edmulo \u00e0s crian\u00e7as, aos jovens, para que busquem conhecimento cient\u00edfico e se aprimorem em uma disciplina. Por isso, temos uma diversidade imensa de olimp\u00edadas cient\u00edficas no Brasil. A partir da\u00ed, h\u00e1 um movimento que vai para a feira, vai para o espa\u00e7o f\u00edsico. Ent\u00e3o, \u00e9 um ecossistema de populariza\u00e7\u00e3o da ci\u00eancia, para aproximar o professor, a sociedade do conhecimento cient\u00edfico que ocorre\u00a0nos laborat\u00f3rios.\u201d<\/p>\n<p>\u201cA ci\u00eancia \u00e9 para todo mundo e est\u00e1 em todo lugar. Voc\u00eas podem ocupar esse espa\u00e7o nas escolas e, depois, indo para as universidades, se tornando pesquisadores, mostrando o talento de voc\u00eas para ajudar a melhorar o Brasil e resolver problemas. Porque a ci\u00eancia serve para isso, para ajudar as pessoas, melhorar o planeta, resolver os problemas de sa\u00fade, educa\u00e7\u00e3o, seguran\u00e7a,\u201d\u00a0afirmou a diretora.<\/p>\n<h2>Ca\u00e7a Asteroides<\/h2>\n<p>No audit\u00f3rio do Centro de Conven\u00e7\u00f5es Ulysses Guimar\u00e3es, em Bras\u00edlia, nessa sexta-feira, o p\u00fablico mais movimentado foi o dos participantes do programa Ca\u00e7a Asteroides MCTI, fruto de\u00a0parceria entre o minist\u00e9rio, o\u00a0International Astronomical Search Collaboration\u00a0(IASC) e a Ag\u00eancia Espacial Americana (Nasa, sigla de\u00a0The National Aeronautics and Space Administration).<\/p>\n<p>O\u00a0Ca\u00e7a Asteroides MCTI\u00a0tem\u00a0abrang\u00eancia nacional e internacional\u00a0e promove a populariza\u00e7\u00e3o da ci\u00eancia e da astronomia entre cidad\u00e3os volunt\u00e1rios. A ideia \u00e9 que esses cientistas amadores sejam capazes de fazer descobertas astron\u00f4micas (algumas delas\u00a0originais), a partir da observa\u00e7\u00e3o de imagens espaciais captadas por um telesc\u00f3pio de 1.8 metro, pertencente \u00e0 Universidade do Hava\u00ed (EUA).<\/p>\n<div class=\"dnd-widget-wrapper context-cheio_8colunas type-image\">\n<div class=\"dnd-atom-rendered\">\n<div class=\"shadow overflow-hidden rounded-lg d-block w-100\"><img decoding=\"async\" class=\"flex-fill img-cover\" title=\"Rodrigo Cabral\/ASCOM\/MCTI\" src=\"https:\/\/imagens.ebc.com.br\/fOgxOZ24QT-fT8T3KbRF4L-Btfs=\/\/d3rf2zoedgusog.cloudfront.net\/754x0\/smart\/https:\/\/agenciabrasil.ebc.com.br\/sites\/default\/files\/thumbnails\/image\/53272684421_ddc987fa9b_o.jpg?itok=GHUhz2BE\" alt=\"Bras\u00edlia (DF) 20\/10\/2023 \u2013 Astr\u00f4noma Josina Oliveira do Nascimento durante premia\u00e7\u00e3o da Olimp\u00edada de Matem\u00e1tica do Distrito Federal-DF, Ca\u00e7a Asteroides e Olimp\u00edada Nacional de Ci\u00eancia-ONC Foto: Rodrigo Cabral\/ASCOM\/MCTI\" \/><\/div>\n<\/div>\n<div class=\"dnd-caption-wrapper\">\n<div class=\"meta\">Bras\u00edlia &#8211; Astr\u00f4noma Josina Oliveira do Nascimento durante premia\u00e7\u00e3o da\u00a0Ca\u00e7a Asteroides &#8211;\u00a0Foto\u00a0<strong>Rodrigo Cabral\/ASCOM\/MCTI<\/strong><\/div>\n<\/div>\n<\/div>\n<p>Os chamados cientistas cidad\u00e3os buscam corpos celestes, como asteroides, cometas, estrelas, meteoros, meteoritos e planetas, a partir de um computador pessoal. A astr\u00f4noma do Observat\u00f3rio Nacional\/MCTI e coordenadora cient\u00edfica do programa AstroNasa Brasil, Josina Oliveira do Nascimento, valorizou o trabalho desse p\u00fablico. \u201c\u00c9 mais do que divulgar ci\u00eancia,\u00a0mais do que popularizar essa \u00e1rea, \u00e9 fazer parte da ci\u00eancia nacional e internacional. Os cientistas cidad\u00e3os\u00a0est\u00e3o doando horas dos seus dias e de suas noites, em geral, para contribuir com a ci\u00eancia nacional e internacional. Este \u00e9 o maior programa de ci\u00eancia cidad\u00e3o do pa\u00eds. E no ano que vem, ser\u00e1 maior ainda\u201d, acrescenta.<\/p>\n<p>O professor da Universidade Federal de Mato Grosso do Sul\u00a0Ivo Leite Filho,\u00a0participante do programa AstroNasa Brasil, comenta que o cientista deve ser encarado como um cidad\u00e3o como tantos outros, sem estere\u00f3tipos. \u201cSe a gente quer ter um cientista em um laborat\u00f3rio, ele precisa come\u00e7ar de algum lugar. Os jovens e crian\u00e7as precisam acreditar que a ci\u00eancia abre caminhos, que a ci\u00eancia \u00e9 legal. Mas, se ele n\u00e3o fizer esse movimento que a gente est\u00e1 fazendo hoje, vai sempre encarar o cientista fechado, com cara brava. Mas, o cientista \u00e9 gente.<\/p>\n<p>\u201cQuando eu percebo crian\u00e7as de seis, sete anos, at\u00e9 os jovens e adultos entendendo que podem ser premiados e ser reconhecidos por minist\u00e9rios, por secretarias de Educa\u00e7\u00e3o, significa que vale a\u00a0pena\u201d,\u00a0diz o professor.<\/p>\n<p>Um dos\u00a0talentos descobertos pelo\u00a0programa Ca\u00e7a Asteroides MCTI \u00e9 Miguel Rosa dos Santos (8 anos). Da casa dele, em Mirante do Paranapanema (SP), este medalhista de ouro perdeu as contas de quantos asteroides achou. Na \u00faltima contagem da fam\u00edlia do Miguel, eram 44. \u201cEu comecei a gostar [de astronomia] quando assisti ao filme\u00a0<em>C\u00edrculo de Fogo<\/em>,\u00a0com a invas\u00e3o de alien\u00edgenas. E vou querer ser um engenheiro espacial\u201d, sonha Miguel.<\/p>\n<p>M\u00e3e e companheira de\u00a0Miguel nas madrugadas de observa\u00e7\u00e3o dos astros, a professora Josiane Luzia Mendon\u00e7a dos Santos explica que o filho tem o diagn\u00f3stico do Transtorno do Espectro Autista e altas habilidades na \u00e1rea aeroespacial. \u201cNa realidade, foi o Miguel quem me incentivou a participar do Ca\u00e7a Asteroides. Desde pequenininho, tudo o que \u00e9 relacionado ao espa\u00e7o, ele\u00a0quer estar no meio.\u201d<\/p>\n<h2>Participa\u00e7\u00e3o<\/h2>\n<p>Qualquer pessoa pode participar\u00a0das edi\u00e7\u00f5es, apelidadas de \u201cmiss\u00f5es\u201d, dos programas Ca\u00e7a Asteroides MCTI e Detetives da Gal\u00e1xia, independentemente da forma\u00e7\u00e3o profissional ou de ter conhecimento pr\u00e9vio. Basta que o interessado em\u00a0conhecer a astronomia na pr\u00e1tica\u00a0tenha um computador e se inscreva gratuitamente, dentro do per\u00edodo determinado nos editais, conforme a campanha divulgada mensalmente no<em>\u00a0<a href=\"https:\/\/www.gov.br\/observatorio\/pt-br%C2%A0\" rel=\"nofollow noopener\" target=\"_blank\">site<\/a><\/em><a href=\"https:\/\/www.gov.br\/observatorio\/pt-br%C2%A0\" rel=\"nofollow noopener\" target=\"_blank\">\u00a0do\u00a0Observat\u00f3rio Nacional<\/a>\u00a0e na\u00a0<a href=\"https:\/\/www.instagram.com\/cacaasteroidemcti\" rel=\"noopener nofollow\" target=\"_blank\">rede social do Ca\u00e7a<\/a>. Al\u00e9m dos astr\u00f4nomos amadores, podem participar escolas, institui\u00e7\u00f5es, clubes de ci\u00eancia,\u00a0mas\u00a0as vagas s\u00e3o limitadas.<\/p>\n<p>Ao preencher o formul\u00e1rio espec\u00edfico com os dados do l\u00edder da equipe daquela miss\u00e3o\/edi\u00e7\u00e3o, com pelo menos 18 anos, as orienta\u00e7\u00f5es\u00a0ser\u00e3o recebidas por\u00a0<em>e-mail<\/em>. Entre elas, a necessidade de baixar o<em>\u00a0software<\/em>\u00a0<a href=\"http:\/\/iasc.cosmosearch.org\/Home\/Astrometrica\" rel=\"noopener nofollow\" target=\"_blank\">Astrometrica<\/a>, da Nasa.\u00a0\u00a0Ap\u00f3s um treinamento espec\u00edfico para desvendar o universo e\u00a0aprendem a reconhecer as imagens nos seus computadores, os internautas inscritos recebem as imagens que\u00a0ser\u00e3o\u00a0analisadas e assim\u00a0poder\u00e3o encontrar um ou mais asteroides.\u00a0A astr\u00f4noma Josina Oliveira do Nascimento\u00a0explica os pr\u00f3ximos passos. \u201cQuando dizem que h\u00e1 uma imagem que corresponde a um asteroide, aquilo ser\u00e1 analisado por outros cientistas cidad\u00e3os. Em caso positivo, depois\u00a0a detec\u00e7\u00e3o segue para a fase de an\u00e1lise dos pesquisadores profissionais. Temos que aguardar a an\u00e1lise. S\u00f3 ali\u00a0vai ser confirmado se realmente o ponto indicado \u00e9 um novo asteroide.\u201d<\/p>\n<p>Na astronomia \u00e9 assim: quem descobriu o asteroide\u00a0pode nome\u00e1-lo, inclusive com o pr\u00f3prio nome, se quiser, como forma de reconhecimento.<\/p>\n<p>Em 2017, a diretora das buscas de asteroides do\u00a0International Astronomical Search Collaboration\u00a0(IASC)\u00a0no Brasil\u00a0e coordenadora de Populariza\u00e7\u00e3o da Ci\u00eancia, Tecnologia e Educa\u00e7\u00e3o Cient\u00edfica do MCTI, a professora Silvana Copceski, detectou o asteroide n\u00famero 550832, que ganhou o nome da pesquisadora, concedido pela Nasa. Da sala de aula em Cuiab\u00e1 (MT)\u00a0para o universo.<\/p>\n<h2>Olimp\u00edada Nacional de Ci\u00eancia<\/h2>\n<p>A\u00a0<a href=\"http:\/\/%20https\/\/www.onciencias.org\" rel=\"noopener nofollow\">Olimp\u00edada Nacional de Ci\u00eancia<\/a>\u00a0(ONC) \u00e9 promovida e financiada pelo Minist\u00e9rio da Ci\u00eancia, Tecnologia e Inova\u00e7\u00e3o e organizada pela Universidade Federal do Piau\u00ed (UFPI), com patroc\u00ednio da Petrobras. S\u00e3o parceiras a Universidade Federal do Maranh\u00e3o (UFMA), UNFPA Brasil, Funda\u00e7\u00e3o Cultural e de Fomento \u00e0 Pesquisa, Ensino, Extens\u00e3o e Inova\u00e7\u00e3o (Fadex) e outras institui\u00e7\u00f5es.<\/p>\n<p>Neste ano, a competi\u00e7\u00e3o teve n\u00famero recorde de mais de 4 milh\u00f5es de estudantes da educa\u00e7\u00e3o b\u00e1sica inscritos, de 4.989 munic\u00edpios\u00a0de todos os estados do pa\u00eds. Os desafios desta edi\u00e7\u00e3o ocorreram de forma h\u00edbrida, com provas<em>\u00a0online<\/em>\u00a0e impressas.<\/p>\n<div class=\"dnd-widget-wrapper context-cheio_8colunas type-image\">\n<div class=\"dnd-atom-rendered\">\n<div class=\"shadow overflow-hidden rounded-lg d-block w-100\"><img decoding=\"async\" class=\"flex-fill img-cover\" title=\"Rodrigo Cabral\/ASCOM\/MCTI\" src=\"https:\/\/imagens.ebc.com.br\/w4yhcKMW10zKr49RyEJ7U8VMtnE=\/\/d3rf2zoedgusog.cloudfront.net\/754x0\/smart\/https:\/\/agenciabrasil.ebc.com.br\/sites\/default\/files\/thumbnails\/image\/53272964743_b5c4118547_o.jpg?itok=IV1dWRfE\" alt=\"Bras\u00edlia (DF) 20\/10\/2023 \u2013 Premia\u00e7\u00e3o da Olimp\u00edada de Matem\u00e1tica do Distrito Federal-DF, Ca\u00e7a Asteroides e Olimp\u00edada Nacional de Ci\u00eancia-ONC Foto: Rodrigo Cabral\/ASCOM\/MCTI\" \/><\/div>\n<\/div>\n<div class=\"dnd-caption-wrapper\">\n<div class=\"meta\">Bras\u00edlia &#8211; Premia\u00e7\u00e3o da Olimp\u00edada de Matem\u00e1tica do Distrito Federal, do Ca\u00e7a Asteroides e da Olimp\u00edada Nacional de Ci\u00eancia &#8211; Foto\u00a0<strong>Rodrigo Cabral\/ASCOM\/MCTI<\/strong><\/div>\n<\/div>\n<\/div>\n<p>O coordenador-geral da ONC, professor Jean Catapreta, comentou a import\u00e2ncia\u00a0do evento. \u201cA maior parte dos premiados da ONC, que \u00e9 financiada com recursos p\u00fablicos, \u00e9 formada por\u00a0estudantes de escolas p\u00fablicas. Inclusive, a Organiza\u00e7\u00e3o das Na\u00e7\u00f5es Unidas\u00a0reconheceu a Ol\u00edmpica Nacional de Ci\u00eancias como uma das que mais premiam meninas no planeta\u201d.<\/p>\n<p>Um das premiadas com a medalha de ouro \u00e9\u00a0a estudante do oitavo ano de uma escola particular do Distrito Federal, Alana Cristina Gomes. \u201cFoi uma experi\u00eancia\u00a0realmente\u00a0nova porque eu nunca tinha feito a prova e eu acabei ganhando o ouro. O que foi totalmente surpreendente, mas me esforcei muito! Foi diferente\u201d.<\/p>\n<p>A m\u00e3e dela, a servidora p\u00fablica, Silvia Rodrigues, sempre incentiva a filha a fazer descobertas. \u201cQuando a gente viaja, passeia, sempre mostra a ela coisas e tenta trazer a pr\u00e1tica da ci\u00eancia. Para ela, acho que a\u00a0Olimp\u00edada\u00a0foi descoberta mesmo, um desafio. Ent\u00e3o, o m\u00e9rito \u00e9 todo da Alana, em rela\u00e7\u00e3o \u00e0 prova\u201d.<\/p>\n<h2>Olimp\u00edada de Matem\u00e1tica do Distrito Federal<\/h2>\n<p>Nesta sexta-feira, foram premiados os estudantes participantes da Olimp\u00edada de Matem\u00e1tica do Distrito Federal\u00a0que, neste ano,\u00a0reuniu alunos dos ensinos fundamental e m\u00e9dio, de escolas p\u00fablicas e privadas.<\/p>\n<p>A estudante do 7\u00ba ano do Col\u00e9gio Militar de Bras\u00edlia, Maria Tereza Pedrosa Portela, foi um das chamadas ao palco para receber a honraria pelo despenho que teve na competi\u00e7\u00e3o. \u201cPassei um ano inteiro estudando, ent\u00e3o\u00a0estou muito grata e feliz. A\u00a0professora de matem\u00e1tica do Centro de Ensino Fundamental Polivalente, Evelyn Gabrielle Monteiro Gomes da Silva\u00a0ganhou men\u00e7\u00e3o honrosa por ter levado o maior n\u00famero de medalhistas de uma escola da capital federal. Foram 22 premiados\u00a0nessa escola p\u00fablica. \u201cA gente consegue fazer um trabalho paralelo, mostrando quest\u00f5es de olimp\u00edadas passadas, para poder incentiv\u00e1-los. \u00c9 um trabalho dif\u00edcil,\u00a0mas bem gratificante, porque eles ficam felizes quando s\u00e3o premiados e a gente mais ainda por ver os nossos alunos crescerem\u201d, diz Evelyn Gabrielle, que decidiu ser professora aos quatro anos de idade.<\/p>\n<div class=\"dnd-widget-wrapper context-cheio_8colunas type-image\">\n<div class=\"dnd-atom-rendered\">\n<div class=\"shadow overflow-hidden rounded-lg d-block w-100\"><img decoding=\"async\" class=\"flex-fill img-cover\" title=\"Rodrigo Cabral\/ASCOM\/MCTI\" src=\"https:\/\/imagens.ebc.com.br\/cDvv6cRMoJV71u37dLMz0hvdujI=\/\/d3rf2zoedgusog.cloudfront.net\/754x0\/smart\/https:\/\/agenciabrasil.ebc.com.br\/sites\/default\/files\/thumbnails\/image\/53272962093_a646a4a65e_o.jpg?itok=RC_hFc9c\" alt=\"Bras\u00edlia (DF) 20\/10\/2023 \u2013 Premia\u00e7\u00e3o da Olimp\u00edada de Matem\u00e1tica do Distrito Federal-DF, Ca\u00e7a Asteroides e Olimp\u00edada Nacional de Ci\u00eancia-ONC Foto: Rodrigo Cabral\/ASCOM\/MCTI\" \/><\/div>\n<\/div>\n<div class=\"dnd-caption-wrapper\">\n<div class=\"meta\">Bras\u00edlia &#8211; Premia\u00e7\u00e3o da Olimp\u00edada de Matem\u00e1tica do Distrito Federal-DF &#8211;\u00a0Foto\u00a0<strong>Rodrigo Cabral\/ASCOM\/MCTI<\/strong><\/div>\n<\/div>\n<\/div>\n<p>Um dos alunos da docente \u00e9 o estudante Alessandro Silva Oliveira, de 14 anos, que no ano passado conquistou a medalha de prata e\u00a0levou o ouro. N\u00e3o foi f\u00e1cil, ele diz. \u201cMe preparei muito.\u00a0Mas, estudando n\u00e3o fica t\u00e3o dif\u00edcil quanto\u00a0parece\u201d.<\/p>\n<p>O post <a rel=\"nofollow noopener\" href=\"https:\/\/wscom.com.br\/mais-de-300-criancas-e-jovens-recebem-medalhas-em-brasilia\/\" target=\"_blank\">Mais de 300 crian\u00e7as e jovens recebem medalhas em Bras\u00edlia<\/a> apareceu primeiro em <a rel=\"nofollow noopener\" href=\"https:\/\/wscom.com.br\/\" target=\"_blank\">WSCOM<\/a>.<\/p>\n","protected":false},"excerpt":{"rendered":"<p>Mais de 300 crian\u00e7as e jovens receberam medalhas, men\u00e7\u00f5es honrosas e certificados como reconhecimento pelo\u00a0desempenho\u00a0obtido\u00a0no programa Ca\u00e7a Asteroides, na Ol\u00edmpiada Nacional de Ci\u00eancia (ONC), os\u00a0dois do Minist\u00e9rio da Ci\u00eancia, Tecnologia e Inova\u00e7\u00e3o (MCTI), e na Olimp\u00edada de Matem\u00e1tica do Distrito Federal.\u00a0 A premia\u00e7\u00e3o ocorreu nessa sexta-feira (20) durante a 20\u00aa Semana Nacional de Ci\u00eancia e [\u2026]<\/p>\n<p>O post <a rel=\"nofollow\" href=\"https:\/\/wscom.com.br\/mais-de-300-criancas-e-jovens-recebem-medalhas-em-brasilia\/\">Mais de 300 crian\u00e7as e jovens recebem medalhas em Bras\u00edlia<\/a> apareceu primeiro em <a rel=\"nofollow\" href=\"https:\/\/wscom.com.br\/\">WSCOM<\/a>.<\/p>\n","protected":false},"author":58,"featured_media":0,"comment_status":"closed","ping_status":"closed","sticky":false,"template":"","format":"standard","meta":{"advgb_blocks_editor_width":"","advgb_blocks_columns_visual_guide":"","footnotes":""},"categories":[115,134,2886,34,3754,1161],"tags":[35],"class_list":["post-39896","post","type-post","status-publish","format-standard","hentry","category-brasil","category-brasilia","category-ciencia","category-g1","category-medalhas","category-tecnologia","tag-g1"],"author_meta":{"display_name":"Juliana Terra","author_link":"https:\/\/sindaopcpb.org.br\/author\/juliana-terra\/"},"featured_img":null,"coauthors":[],"tax_additional":{"categories":{"linked":["<a href=\"https:\/\/sindaopcpb.org.br\/brasil\/\" class=\"advgb-post-tax-term\">Brasil<\/a>","<a href=\"https:\/\/sindaopcpb.org.br\/brasilia\/\" class=\"advgb-post-tax-term\">Bras\u00edlia<\/a>","<a href=\"https:\/\/sindaopcpb.org.br\/ciencia\/\" class=\"advgb-post-tax-term\">Ci\u00eancia<\/a>","<a href=\"https:\/\/sindaopcpb.org.br\/g1\/\" class=\"advgb-post-tax-term\">G1<\/a>","<a href=\"https:\/\/sindaopcpb.org.br\/medalhas\/\" class=\"advgb-post-tax-term\">medalhas<\/a>","<a href=\"https:\/\/sindaopcpb.org.br\/tecnologia\/\" class=\"advgb-post-tax-term\">Tecnologia<\/a>"],"unlinked":["<span class=\"advgb-post-tax-term\">Brasil<\/span>","<span class=\"advgb-post-tax-term\">Bras\u00edlia<\/span>","<span class=\"advgb-post-tax-term\">Ci\u00eancia<\/span>","<span class=\"advgb-post-tax-term\">G1<\/span>","<span class=\"advgb-post-tax-term\">medalhas<\/span>","<span class=\"advgb-post-tax-term\">Tecnologia<\/span>"]},"tags":{"linked":["<a href=\"https:\/\/sindaopcpb.org.br\/tecnologia\/\" class=\"advgb-post-tax-term\">g1<\/a>"],"unlinked":["<span class=\"advgb-post-tax-term\">g1<\/span>"]}},"comment_count":"0","relative_dates":{"created":"Publicado 3 anos atr\u00e1s","modified":"Atualizado 3 anos atr\u00e1s"},"absolute_dates":{"created":"Publicado em 22 de outubro de 2023","modified":"Atualizado em 22 de outubro de 2023"},"absolute_dates_time":{"created":"Publicado em 22 de outubro de 2023 17:11","modified":"Atualizado em 22 de outubro de 2023 17:11"},"featured_img_caption":"","series_order":"","_links":{"self":[{"href":"https:\/\/sindaopcpb.org.br\/index.php\/wp-json\/wp\/v2\/posts\/39896","targetHints":{"allow":["GET"]}}],"collection":[{"href":"https:\/\/sindaopcpb.org.br\/index.php\/wp-json\/wp\/v2\/posts"}],"about":[{"href":"https:\/\/sindaopcpb.org.br\/index.php\/wp-json\/wp\/v2\/types\/post"}],"author":[{"embeddable":true,"href":"https:\/\/sindaopcpb.org.br\/index.php\/wp-json\/wp\/v2\/users\/58"}],"replies":[{"embeddable":true,"href":"https:\/\/sindaopcpb.org.br\/index.php\/wp-json\/wp\/v2\/comments?post=39896"}],"version-history":[{"count":1,"href":"https:\/\/sindaopcpb.org.br\/index.php\/wp-json\/wp\/v2\/posts\/39896\/revisions"}],"predecessor-version":[{"id":39897,"href":"https:\/\/sindaopcpb.org.br\/index.php\/wp-json\/wp\/v2\/posts\/39896\/revisions\/39897"}],"wp:attachment":[{"href":"https:\/\/sindaopcpb.org.br\/index.php\/wp-json\/wp\/v2\/media?parent=39896"}],"wp:term":[{"taxonomy":"category","embeddable":true,"href":"https:\/\/sindaopcpb.org.br\/index.php\/wp-json\/wp\/v2\/categories?post=39896"},{"taxonomy":"post_tag","embeddable":true,"href":"https:\/\/sindaopcpb.org.br\/index.php\/wp-json\/wp\/v2\/tags?post=39896"}],"curies":[{"name":"wp","href":"https:\/\/api.w.org\/{rel}","templated":true}]}}