{"id":39863,"date":"2023-10-22T11:59:28","date_gmt":"2023-10-22T14:59:28","guid":{"rendered":"https:\/\/wpa.wscom.com.br\/?p=929036"},"modified":"2023-10-22T11:59:28","modified_gmt":"2023-10-22T14:59:28","slug":"homem-e-detido-sob-suspeita-de-envolvimento-com-o-trafico-de-drogas-em-santa-rita","status":"publish","type":"post","link":"https:\/\/sindaopcpb.org.br\/index.php\/2023\/10\/22\/homem-e-detido-sob-suspeita-de-envolvimento-com-o-trafico-de-drogas-em-santa-rita\/","title":{"rendered":"Homem \u00e9 detido sob suspeita de envolvimento com o tr\u00e1fico de drogas em Santa Rita."},"content":{"rendered":"<div class=\"flex-1 overflow-hidden\">\n<div class=\"react-scroll-to-bottom--css-qzfvh-79elbk h-full dark:bg-gray-800\">\n<div class=\"react-scroll-to-bottom--css-qzfvh-1n7m0yu\">\n<div class=\"flex flex-col text-sm dark:bg-gray-800\">\n<div class=\"group final-completion w-full text-token-text-primary border-b border-black\/10 gizmo:border-0 dark:border-gray-900\/50 gizmo:dark:border-0 bg-gray-50 gizmo:bg-transparent dark:bg-[#444654] gizmo:dark:bg-transparent\" data-testid=\"conversation-turn-5\">\n<div class=\"p-4 justify-center text-base md:gap-6 md:py-6 m-auto\">\n<div class=\"flex flex-1 gap-4 text-base mx-auto md:gap-6 gizmo:gap-3 gizmo:md:px-5 gizmo:lg:px-1 gizmo:xl:px-5 md:max-w-2xl lg:max-w-[38rem] gizmo:md:max-w-3xl gizmo:lg:max-w-[40rem] gizmo:xl:max-w-[48rem] xl:max-w-3xl }\">\n<div class=\"relative flex w-[calc(100%-50px)] flex-col gizmo:w-full lg:w-[calc(100%-115px)] agent-turn\">\n<div class=\"flex-col gap-1 md:gap-3\">\n<div class=\"flex flex-grow flex-col gap-3 max-w-full\">\n<div class=\"min-h-[20px] flex flex-col items-start gap-3 whitespace-pre-wrap break-words overflow-x-auto\">\n<div class=\"markdown prose w-full break-words dark:prose-invert light\">\n<p>Um individuo foi detido neste s\u00e1bado (21) durante uma opera\u00e7\u00e3o realizada pela For\u00e7a T\u00e1tica do 7\u00ba Batalh\u00e3o,\u00a0 sob a acusa\u00e7\u00e3o de tr\u00e1fico de entorpecentes no bairro Alto das Populares, situado em Santa Rita.<\/p>\n<p>A captura ocorreu enquanto a equipe policial patrulhava a \u00e1rea e, ao realizar uma abordagem seguida de revista pessoal, descobriu em posse do suspeito aproximadamente vinte e cinco por\u00e7\u00f5es de cannabis, al\u00e9m de tr\u00eas dispositivos m\u00f3veis.<\/p>\n<p>O material apreendido juntamente com o indiv\u00edduo foram encaminhados para a Delegacia local para os procedimentos legais.<\/p>\n<\/div>\n<\/div>\n<\/div>\n<div class=\"flex justify-between empty:hidden gizmo:justify-start gizmo:gap-3 lg:block\">\n<div class=\"text-gray-400 flex self-end lg:self-center justify-center gizmo:lg:justify-start mt-2 gizmo:mt-0 visible lg:gap-1 lg:absolute lg:top-0 lg:translate-x-full lg:right-0 lg:mt-0 lg:pl-2 gap-2 md:gap-3\">\n<p>&nbsp;<\/p>\n<div class=\"flex gap-1 gizmo:gap-3\"><\/div>\n<\/div>\n<\/div>\n<\/div>\n<\/div>\n<\/div>\n<\/div>\n<\/div>\n<div class=\"h-36 md:h-48 flex-shrink-0\"><\/div>\n<p>&nbsp;<\/p>\n<\/div>\n<\/div>\n<\/div>\n<\/div>\n<div class=\"w-full pt-2 md:pt-0 border-t md:border-t-0 dark:border-white\/20 md:border-transparent md:dark:border-transparent md:pl-2 md:w-[calc(100%-.5rem)] absolute bottom-0 left-0 md:bg-vert-light-gradient bg-white dark:bg-gray-800 md:!bg-transparent dark:md:bg-vert-dark-gradient\">\n<form class=\"stretch mx-2 flex flex-row gap-3 last:mb-2 md:mx-4 md:last:mb-6 lg:mx-auto lg:max-w-2xl xl:max-w-3xl\">\n<div class=\"relative flex h-full flex-1 items-stretch md:flex-col\">\n<div>\n<div class=\"h-full flex ml-1 md:w-full md:m-auto md:mb-4 gap-0 md:gap-2 justify-center\"><\/div>\n<\/div>\n<\/div>\n<\/form>\n<\/div>\n<p>O post <a rel=\"nofollow noopener\" href=\"https:\/\/wscom.com.br\/homem-e-detido-sob-suspeita-de-envolvimento-com-o-trafico-de-drogas-em-santa-rita\/\" target=\"_blank\">Homem \u00e9 detido sob suspeita de envolvimento com o tr\u00e1fico de drogas em Santa Rita.<\/a> apareceu primeiro em <a rel=\"nofollow noopener\" href=\"https:\/\/wscom.com.br\/\" target=\"_blank\">WSCOM<\/a>.<\/p>\n","protected":false},"excerpt":{"rendered":"<p>Um individuo foi detido neste s\u00e1bado (21) durante uma opera\u00e7\u00e3o realizada pela For\u00e7a T\u00e1tica do 7\u00ba Batalh\u00e3o,\u00a0 sob a acusa\u00e7\u00e3o de tr\u00e1fico de entorpecentes no bairro Alto das Populares, situado em Santa Rita. A captura ocorreu enquanto a equipe policial patrulhava a \u00e1rea e, ao realizar uma abordagem seguida de revista pessoal, descobriu em posse [\u2026]<\/p>\n<p>O post <a rel=\"nofollow\" href=\"https:\/\/wscom.com.br\/homem-e-detido-sob-suspeita-de-envolvimento-com-o-trafico-de-drogas-em-santa-rita\/\">Homem \u00e9 detido sob suspeita de envolvimento com o tr\u00e1fico de drogas em Santa Rita.<\/a> apareceu primeiro em <a rel=\"nofollow\" href=\"https:\/\/wscom.com.br\/\">WSCOM<\/a>.<\/p>\n","protected":false},"author":58,"featured_media":0,"comment_status":"closed","ping_status":"closed","sticky":false,"template":"","format":"standard","meta":{"advgb_blocks_editor_width":"","advgb_blocks_columns_visual_guide":"","footnotes":""},"categories":[640,1151,34,54,66,384],"tags":[35],"class_list":["post-39863","post","type-post","status-publish","format-standard","hentry","category-crime","category-drogas","category-g1","category-paraiba","category-policial","category-santa-rita","tag-g1"],"author_meta":{"display_name":"Juliana Terra","author_link":"https:\/\/sindaopcpb.org.br\/author\/juliana-terra\/"},"featured_img":null,"coauthors":[],"tax_additional":{"categories":{"linked":["<a href=\"https:\/\/sindaopcpb.org.br\/crime\/\" class=\"advgb-post-tax-term\">crime<\/a>","<a href=\"https:\/\/sindaopcpb.org.br\/drogas\/\" class=\"advgb-post-tax-term\">drogas<\/a>","<a href=\"https:\/\/sindaopcpb.org.br\/g1\/\" class=\"advgb-post-tax-term\">G1<\/a>","<a href=\"https:\/\/sindaopcpb.org.br\/paraiba\/\" class=\"advgb-post-tax-term\">Para\u00edba<\/a>","<a href=\"https:\/\/sindaopcpb.org.br\/policial\/\" class=\"advgb-post-tax-term\">Policial<\/a>","<a href=\"https:\/\/sindaopcpb.org.br\/santa-rita\/\" class=\"advgb-post-tax-term\">santa rita<\/a>"],"unlinked":["<span class=\"advgb-post-tax-term\">crime<\/span>","<span class=\"advgb-post-tax-term\">drogas<\/span>","<span class=\"advgb-post-tax-term\">G1<\/span>","<span class=\"advgb-post-tax-term\">Para\u00edba<\/span>","<span class=\"advgb-post-tax-term\">Policial<\/span>","<span class=\"advgb-post-tax-term\">santa rita<\/span>"]},"tags":{"linked":["<a href=\"https:\/\/sindaopcpb.org.br\/santa-rita\/\" class=\"advgb-post-tax-term\">g1<\/a>"],"unlinked":["<span class=\"advgb-post-tax-term\">g1<\/span>"]}},"comment_count":"0","relative_dates":{"created":"Publicado 3 anos atr\u00e1s","modified":"Atualizado 3 anos atr\u00e1s"},"absolute_dates":{"created":"Publicado em 22 de outubro de 2023","modified":"Atualizado em 22 de outubro de 2023"},"absolute_dates_time":{"created":"Publicado em 22 de outubro de 2023 11:59","modified":"Atualizado em 22 de outubro de 2023 11:59"},"featured_img_caption":"","series_order":"","_links":{"self":[{"href":"https:\/\/sindaopcpb.org.br\/index.php\/wp-json\/wp\/v2\/posts\/39863","targetHints":{"allow":["GET"]}}],"collection":[{"href":"https:\/\/sindaopcpb.org.br\/index.php\/wp-json\/wp\/v2\/posts"}],"about":[{"href":"https:\/\/sindaopcpb.org.br\/index.php\/wp-json\/wp\/v2\/types\/post"}],"author":[{"embeddable":true,"href":"https:\/\/sindaopcpb.org.br\/index.php\/wp-json\/wp\/v2\/users\/58"}],"replies":[{"embeddable":true,"href":"https:\/\/sindaopcpb.org.br\/index.php\/wp-json\/wp\/v2\/comments?post=39863"}],"version-history":[{"count":1,"href":"https:\/\/sindaopcpb.org.br\/index.php\/wp-json\/wp\/v2\/posts\/39863\/revisions"}],"predecessor-version":[{"id":39864,"href":"https:\/\/sindaopcpb.org.br\/index.php\/wp-json\/wp\/v2\/posts\/39863\/revisions\/39864"}],"wp:attachment":[{"href":"https:\/\/sindaopcpb.org.br\/index.php\/wp-json\/wp\/v2\/media?parent=39863"}],"wp:term":[{"taxonomy":"category","embeddable":true,"href":"https:\/\/sindaopcpb.org.br\/index.php\/wp-json\/wp\/v2\/categories?post=39863"},{"taxonomy":"post_tag","embeddable":true,"href":"https:\/\/sindaopcpb.org.br\/index.php\/wp-json\/wp\/v2\/tags?post=39863"}],"curies":[{"name":"wp","href":"https:\/\/api.w.org\/{rel}","templated":true}]}}