{"id":39853,"date":"2023-10-22T12:13:30","date_gmt":"2023-10-22T15:13:30","guid":{"rendered":"https:\/\/wpa.wscom.com.br\/?p=929022"},"modified":"2023-10-22T12:13:30","modified_gmt":"2023-10-22T15:13:30","slug":"defesa-afirma-que-suspeito-de-feminicidio-de-ianny-marry-possui-alibi","status":"publish","type":"post","link":"https:\/\/sindaopcpb.org.br\/index.php\/2023\/10\/22\/defesa-afirma-que-suspeito-de-feminicidio-de-ianny-marry-possui-alibi\/","title":{"rendered":"Defesa afirma que suspeito de feminic\u00eddio de Ianny Marry possui \u00e1libi"},"content":{"rendered":"<p>Foi detido neste s\u00e1bado (21) o parceiro de Ianny Marry Barreto,\u00a0 na cidade de Cajazeiras, no interior da Para\u00edba, como principal suspeito do assassinato da v\u00edtima, com base no mandado de pris\u00e3o tempor\u00e1ria cumprido pelo Grupo T\u00e1tico Especial (GTE), sob a supervis\u00e3o da delegada Ana Valdenice. A equipe de defesa, no entanto, anunciou sua inten\u00e7\u00e3o de solicitar a revoga\u00e7\u00e3o da pris\u00e3o com base em um \u00e1libi. Ianny, 28 anos,\u00a0 foi encontrada morta em sua resid\u00eancia no domingo (15), apresentando sinais evidentes de viol\u00eancia.<\/p>\n<p>Segundo o advogado de defesa, Claudenildo Pereira, existem evid\u00eancias em v\u00eddeo que comprovam a presen\u00e7a de seu cliente na cidade de Fortaleza na manh\u00e3 de 14 de outubro. Ele sustenta que a pris\u00e3o tempor\u00e1ria carece de fundamenta\u00e7\u00e3o legal e \u00e9 arbitr\u00e1ria em sua natureza e pontua que a pris\u00e3o do seu cliente foi baseada unicamente no depoimento de uma testemunha que alegou t\u00ea-lo visto deixando a resid\u00eancia da v\u00edtima um dia antes do tr\u00e1gico descobrimento do corpo.<\/p>\n<p>&#8220;Deve ter havido alguma defici\u00eancia na condu\u00e7\u00e3o das investiga\u00e7\u00f5es, talvez devido \u00e0 alta demanda de casos ou \u00e0 complexidade deste, que n\u00e3o tenha permitido uma verifica\u00e7\u00e3o adequada. Temos \u00e0 nossa disposi\u00e7\u00e3o um v\u00eddeo que consta nos autos, no qual se v\u00ea claramente a presen\u00e7a do meu cliente na cidade de Fortaleza na manh\u00e3 de 14 de outubro. Estamos dispostos a colaborar plenamente com o trabalho da Pol\u00edcia Civil, por\u00e9m, buscaremos de maneira ineg\u00e1vel a revoga\u00e7\u00e3o desta pris\u00e3o, que consideramos ilegal e, em certa medida, arbitr\u00e1ria&#8221;, declarou o advogado.<\/p>\n<p><strong>Relembre o caso<\/strong><\/p>\n<p>&nbsp;<\/p>\n<p>A jovem Ianny Marry Barreto Lira, 28 anos, foi encontrada sem vida dentro de sua resid\u00eancia no domingo (15), em Cajazeiras, no Alto Sert\u00e3o da Para\u00edba. O corpo apresentava sinais de viol\u00eancia, incluindo marcas de esganadura, as m\u00e3os amarradas e a boca coberta por um len\u00e7ol. Peritos indicaram que as les\u00f5es eram consistentes com ferimentos causados por objeto perfuro cortante, possivelmente uma faca. A pol\u00edcia n\u00e3o descarta a possibilidade de viol\u00eancia sexual.<\/p>\n<p>Ianny foi vista pela \u00faltima vez na sexta-feira (13) por vizinhos. Uma conhecida tentou contat\u00e1-la no domingo, sem sucesso, o que a levou a visitar a casa da v\u00edtima. Ao chegar, encontrou a porta aberta e Ianny j\u00e1 sem vida, prontamente acionando a pol\u00edcia. N\u00e3o foram encontrados sinais de arrombamento no local.<\/p>\n<p>Natural do Recife, a jovem trabalhava em um restaurante no bairro Jardim O\u00e1sis, em Cajazeiras, e residia no Conjunto Ipep com seu companheiro. Segundo informa\u00e7\u00f5es de um vizinhos, o parceiro de Ianny estava em uma viagem a trabalho no momento do ocorrido.<\/p>\n<p>A fam\u00edlia da v\u00edtima relatou que Ianny tinha planos de se mudar para Portugal e j\u00e1 havia adiantado os preparativos, incluindo a compra da passagem.<\/p>\n<p>A pol\u00edcia ouviu o ex-namorado da v\u00edtima, que foi liberado ap\u00f3s o depoimento. A m\u00e3e do ex-companheiro, de quem Ianny havia se separado h\u00e1 quatro meses, foi quem chamou as autoridades ao local. Os ind\u00edcios apontam para um crime cometido por algu\u00e9m pr\u00f3ximo \u00e0 v\u00edtima, dada a aus\u00eancia de arrombamento na resid\u00eancia.<\/p>\n<p>&nbsp;<\/p>\n<p>O post <a rel=\"nofollow noopener\" href=\"https:\/\/wscom.com.br\/defesa-afirma-que-suspeito-de-feminicidio-de-ianny-marry-possui-alibi\/\" target=\"_blank\">Defesa afirma que suspeito de feminic\u00eddio de Ianny Marry possui \u00e1libi<\/a> apareceu primeiro em <a rel=\"nofollow noopener\" href=\"https:\/\/wscom.com.br\/\" target=\"_blank\">WSCOM<\/a>.<\/p>\n","protected":false},"excerpt":{"rendered":"<p>Foi detido neste s\u00e1bado (21) o parceiro de Ianny Marry Barreto,\u00a0 na cidade de Cajazeiras, no interior da Para\u00edba, como principal suspeito do assassinato da v\u00edtima, com base no mandado de pris\u00e3o tempor\u00e1ria cumprido pelo Grupo T\u00e1tico Especial (GTE), sob a supervis\u00e3o da delegada Ana Valdenice. A equipe de defesa, no entanto, anunciou sua inten\u00e7\u00e3o [\u2026]<\/p>\n<p>O post <a rel=\"nofollow\" href=\"https:\/\/wscom.com.br\/defesa-afirma-que-suspeito-de-feminicidio-de-ianny-marry-possui-alibi\/\">Defesa afirma que suspeito de feminic\u00eddio de Ianny Marry possui \u00e1libi<\/a> apareceu primeiro em <a rel=\"nofollow\" href=\"https:\/\/wscom.com.br\/\">WSCOM<\/a>.<\/p>\n","protected":false},"author":58,"featured_media":0,"comment_status":"closed","ping_status":"closed","sticky":false,"template":"","format":"standard","meta":{"advgb_blocks_editor_width":"","advgb_blocks_columns_visual_guide":"","footnotes":""},"categories":[640,1857,34,54,66],"tags":[35],"class_list":["post-39853","post","type-post","status-publish","format-standard","hentry","category-crime","category-feminicidio","category-g1","category-paraiba","category-policial","tag-g1"],"author_meta":{"display_name":"Juliana Terra","author_link":"https:\/\/sindaopcpb.org.br\/author\/juliana-terra\/"},"featured_img":null,"coauthors":[],"tax_additional":{"categories":{"linked":["<a href=\"https:\/\/sindaopcpb.org.br\/crime\/\" class=\"advgb-post-tax-term\">crime<\/a>","<a href=\"https:\/\/sindaopcpb.org.br\/feminicidio\/\" class=\"advgb-post-tax-term\">FEMINICIDIO<\/a>","<a href=\"https:\/\/sindaopcpb.org.br\/g1\/\" class=\"advgb-post-tax-term\">G1<\/a>","<a href=\"https:\/\/sindaopcpb.org.br\/paraiba\/\" class=\"advgb-post-tax-term\">Para\u00edba<\/a>","<a href=\"https:\/\/sindaopcpb.org.br\/policial\/\" class=\"advgb-post-tax-term\">Policial<\/a>"],"unlinked":["<span class=\"advgb-post-tax-term\">crime<\/span>","<span class=\"advgb-post-tax-term\">FEMINICIDIO<\/span>","<span class=\"advgb-post-tax-term\">G1<\/span>","<span class=\"advgb-post-tax-term\">Para\u00edba<\/span>","<span class=\"advgb-post-tax-term\">Policial<\/span>"]},"tags":{"linked":["<a href=\"https:\/\/sindaopcpb.org.br\/policial\/\" class=\"advgb-post-tax-term\">g1<\/a>"],"unlinked":["<span class=\"advgb-post-tax-term\">g1<\/span>"]}},"comment_count":"0","relative_dates":{"created":"Publicado 3 anos atr\u00e1s","modified":"Atualizado 3 anos atr\u00e1s"},"absolute_dates":{"created":"Publicado em 22 de outubro de 2023","modified":"Atualizado em 22 de outubro de 2023"},"absolute_dates_time":{"created":"Publicado em 22 de outubro de 2023 12:13","modified":"Atualizado em 22 de outubro de 2023 12:13"},"featured_img_caption":"","series_order":"","_links":{"self":[{"href":"https:\/\/sindaopcpb.org.br\/index.php\/wp-json\/wp\/v2\/posts\/39853","targetHints":{"allow":["GET"]}}],"collection":[{"href":"https:\/\/sindaopcpb.org.br\/index.php\/wp-json\/wp\/v2\/posts"}],"about":[{"href":"https:\/\/sindaopcpb.org.br\/index.php\/wp-json\/wp\/v2\/types\/post"}],"author":[{"embeddable":true,"href":"https:\/\/sindaopcpb.org.br\/index.php\/wp-json\/wp\/v2\/users\/58"}],"replies":[{"embeddable":true,"href":"https:\/\/sindaopcpb.org.br\/index.php\/wp-json\/wp\/v2\/comments?post=39853"}],"version-history":[{"count":1,"href":"https:\/\/sindaopcpb.org.br\/index.php\/wp-json\/wp\/v2\/posts\/39853\/revisions"}],"predecessor-version":[{"id":39854,"href":"https:\/\/sindaopcpb.org.br\/index.php\/wp-json\/wp\/v2\/posts\/39853\/revisions\/39854"}],"wp:attachment":[{"href":"https:\/\/sindaopcpb.org.br\/index.php\/wp-json\/wp\/v2\/media?parent=39853"}],"wp:term":[{"taxonomy":"category","embeddable":true,"href":"https:\/\/sindaopcpb.org.br\/index.php\/wp-json\/wp\/v2\/categories?post=39853"},{"taxonomy":"post_tag","embeddable":true,"href":"https:\/\/sindaopcpb.org.br\/index.php\/wp-json\/wp\/v2\/tags?post=39853"}],"curies":[{"name":"wp","href":"https:\/\/api.w.org\/{rel}","templated":true}]}}