{"id":39811,"date":"2023-10-21T17:01:58","date_gmt":"2023-10-21T20:01:58","guid":{"rendered":"https:\/\/wpa.wscom.com.br\/?p=928950"},"modified":"2023-10-21T17:01:58","modified_gmt":"2023-10-21T20:01:58","slug":"defesa-de-padre-egidio-diz-que-nao-vai-se-manifestar-apos-acusacoes-de-ter-autorizado-venda-de-celulares","status":"publish","type":"post","link":"https:\/\/sindaopcpb.org.br\/index.php\/2023\/10\/21\/defesa-de-padre-egidio-diz-que-nao-vai-se-manifestar-apos-acusacoes-de-ter-autorizado-venda-de-celulares\/","title":{"rendered":"Defesa de Padre Eg\u00eddio diz que n\u00e3o vai se manifestar ap\u00f3s acusa\u00e7\u00f5es de ter autorizado venda de celulares"},"content":{"rendered":"<p>&nbsp;<\/p>\n<p>&nbsp;<\/p>\n<p>A defesa do padre Eg\u00eddio de Carvalho Neto, ex-diretor presidente do Hospital Padre Z\u00e9, emitiu uma nota oficial no \u00faltimo s\u00e1bado (21), em resposta \u00e0s acusa\u00e7\u00f5es feitas por Samuel Segundo, ex-funcion\u00e1rio da institui\u00e7\u00e3o. Segundo a defesa, liderada pelo advogado Sheyner Asfora, n\u00e3o ser\u00e3o feitos coment\u00e1rios sobre as alega\u00e7\u00f5es veiculadas pela imprensa.<\/p>\n<p>Samuel, que trabalhava no setor de Tecnologia da Informa\u00e7\u00e3o do hospital, alega que n\u00e3o houve furto e afirma que o padre Eg\u00eddio teria autorizado a venda dos 270 aparelhos eletr\u00f4nicos que estavam sob sua guarda. Segundo o ex-funcion\u00e1rio, o padre teria recebido em esp\u00e9cie cerca de R$ 200 mil provenientes da venda, enquanto ele pr\u00f3prio teria recebido aproximadamente R$ 20 mil. A transa\u00e7\u00e3o teria ocorrido no apartamento \u00e0 beira-mar do Cabo Branco, em Jo\u00e3o Pessoa, do padre Eg\u00eddio.<\/p>\n<p>O advogado Asfora destacou que o padre Eg\u00eddio, desde o momento em que tomou conhecimento da investiga\u00e7\u00e3o em curso, colocou-se \u00e0 disposi\u00e7\u00e3o para colaborar com as autoridades. Ele compareceu pessoalmente \u00e0 sede do GAECO e permanece aguardando a oportunidade para prestar esclarecimentos oficiais perante a autoridade competente encarregada do processo, o qual se encontra sob sigilo de justi\u00e7a.<\/p>\n<p>A defesa ressaltou ainda que n\u00e3o teve acesso \u00e0 totalidade dos elementos da investiga\u00e7\u00e3o, tampouco aos depoimentos colhidos pelo Minist\u00e9rio P\u00fablico no \u00e2mbito do caso.<\/p>\n<p><strong>Confira abaixo a nota na \u00edntegra:<\/strong><\/p>\n<p><em>NOTA \u00c0 IMPRENSA PARAIBANA<\/em><\/p>\n<p><em>Diante das \u00faltimas declara\u00e7\u00f5es \u00e0 imprensa do sr. Samuel Segundo, informo que &#8211; na defesa dos interesses do padre Eg\u00eddio de Carvalho Neto &#8211; n\u00e3o irei me pronunciar, por ora, sobre o teor das declara\u00e7\u00f5es que est\u00e3o sendo veiculadas pelos meios de comunica\u00e7\u00e3o.<\/em><\/p>\n<p><em>Esclare\u00e7o, ainda, que o padre Eg\u00eddio de Carvalho Neto, desde o primeiro momento que soube que est\u00e1 sendo investigado, se colocou \u00e0 disposi\u00e7\u00e3o para colaborar com as investiga\u00e7\u00f5es tendo, inclusive, comparecido pessoalmente na sede do GAECO e assim segue no aguardo da oportunidade para prestar suas declara\u00e7\u00f5es de forma oficial perante a autoridade competente que preside o procedimento investigat\u00f3rio criminal que se encontra em segredo de justi\u00e7a.\u00a0<\/em><\/p>\n<p><em>Destaco que a defesa t\u00e9cnica ainda n\u00e3o teve acesso \u00e0 \u00edntegra dos elementos da investiga\u00e7\u00e3o e nem aos depoimentos que est\u00e3o sendo colhidos no \u00e2mbito do Minist\u00e9rio P\u00fablico.\u00a0<\/em><\/p>\n<p><em>Seguimos \u00e0 disposi\u00e7\u00e3o do Minist\u00e9rio P\u00fablico para contribuir com a investiga\u00e7\u00e3o e atuando com muita responsabilidade e zelo com estrita observ\u00e2ncia aos princ\u00edpios que regem a advocacia criminal.\u00a0<\/em><\/p>\n<p>O post <a rel=\"nofollow noopener\" href=\"https:\/\/wscom.com.br\/defesa-de-padre-egidio-diz-que-nao-vai-se-manifestar-apos-acusacoes-de-ter-autorizado-venda-de-celulares\/\" target=\"_blank\">Defesa de Padre Eg\u00eddio diz que n\u00e3o vai se manifestar ap\u00f3s acusa\u00e7\u00f5es de ter autorizado venda de celulares<\/a> apareceu primeiro em <a rel=\"nofollow noopener\" href=\"https:\/\/wscom.com.br\/\" target=\"_blank\">WSCOM<\/a>.<\/p>\n","protected":false},"excerpt":{"rendered":"<p>\u00a0 \u00a0 A defesa do padre Eg\u00eddio de Carvalho Neto, ex-diretor presidente do Hospital Padre Z\u00e9, emitiu uma nota oficial no \u00faltimo s\u00e1bado (21), em resposta \u00e0s acusa\u00e7\u00f5es feitas por Samuel Segundo, ex-funcion\u00e1rio da institui\u00e7\u00e3o. Segundo a defesa, liderada pelo advogado Sheyner Asfora, n\u00e3o ser\u00e3o feitos coment\u00e1rios sobre as alega\u00e7\u00f5es veiculadas pela imprensa. Samuel, que [\u2026]<\/p>\n<p>O post <a rel=\"nofollow\" href=\"https:\/\/wscom.com.br\/defesa-de-padre-egidio-diz-que-nao-vai-se-manifestar-apos-acusacoes-de-ter-autorizado-venda-de-celulares\/\">Defesa de Padre Eg\u00eddio diz que n\u00e3o vai se manifestar ap\u00f3s acusa\u00e7\u00f5es de ter autorizado venda de celulares<\/a> apareceu primeiro em <a rel=\"nofollow\" href=\"https:\/\/wscom.com.br\/\">WSCOM<\/a>.<\/p>\n","protected":false},"author":42,"featured_media":0,"comment_status":"closed","ping_status":"closed","sticky":false,"template":"","format":"standard","meta":{"advgb_blocks_editor_width":"","advgb_blocks_columns_visual_guide":"","footnotes":""},"categories":[5569,2571,1501,34,6242,9296,66,10414,10409],"tags":[35],"class_list":["post-39811","post","type-post","status-publish","format-standard","hentry","category-celulares","category-defesa","category-furto","category-g1","category-hospital-padre-ze","category-padre-egidio","category-policial","category-posicionamento","category-samuel-segundo","tag-g1"],"author_meta":{"display_name":"Rafael Andrade","author_link":"https:\/\/sindaopcpb.org.br\/author\/rafael-andrade\/"},"featured_img":null,"coauthors":[],"tax_additional":{"categories":{"linked":["<a href=\"https:\/\/sindaopcpb.org.br\/celulares\/\" class=\"advgb-post-tax-term\">Celulares<\/a>","<a href=\"https:\/\/sindaopcpb.org.br\/defesa\/\" class=\"advgb-post-tax-term\">Defesa<\/a>","<a href=\"https:\/\/sindaopcpb.org.br\/furto\/\" class=\"advgb-post-tax-term\">FURTO<\/a>","<a href=\"https:\/\/sindaopcpb.org.br\/g1\/\" class=\"advgb-post-tax-term\">G1<\/a>","<a href=\"https:\/\/sindaopcpb.org.br\/hospital-padre-ze\/\" class=\"advgb-post-tax-term\">hospital padre z\u00e9<\/a>","<a href=\"https:\/\/sindaopcpb.org.br\/padre-egidio\/\" class=\"advgb-post-tax-term\">Padre Eg\u00eddio<\/a>","<a href=\"https:\/\/sindaopcpb.org.br\/policial\/\" class=\"advgb-post-tax-term\">Policial<\/a>","<a href=\"https:\/\/sindaopcpb.org.br\/posicionamento\/\" class=\"advgb-post-tax-term\">posicionamento<\/a>","<a href=\"https:\/\/sindaopcpb.org.br\/samuel-segundo\/\" class=\"advgb-post-tax-term\">Samuel Segundo<\/a>"],"unlinked":["<span class=\"advgb-post-tax-term\">Celulares<\/span>","<span class=\"advgb-post-tax-term\">Defesa<\/span>","<span class=\"advgb-post-tax-term\">FURTO<\/span>","<span class=\"advgb-post-tax-term\">G1<\/span>","<span class=\"advgb-post-tax-term\">hospital padre z\u00e9<\/span>","<span class=\"advgb-post-tax-term\">Padre Eg\u00eddio<\/span>","<span class=\"advgb-post-tax-term\">Policial<\/span>","<span class=\"advgb-post-tax-term\">posicionamento<\/span>","<span class=\"advgb-post-tax-term\">Samuel Segundo<\/span>"]},"tags":{"linked":["<a href=\"https:\/\/sindaopcpb.org.br\/samuel-segundo\/\" class=\"advgb-post-tax-term\">g1<\/a>"],"unlinked":["<span class=\"advgb-post-tax-term\">g1<\/span>"]}},"comment_count":"0","relative_dates":{"created":"Publicado 3 anos atr\u00e1s","modified":"Atualizado 3 anos atr\u00e1s"},"absolute_dates":{"created":"Publicado em 21 de outubro de 2023","modified":"Atualizado em 21 de outubro de 2023"},"absolute_dates_time":{"created":"Publicado em 21 de outubro de 2023 17:01","modified":"Atualizado em 21 de outubro de 2023 17:01"},"featured_img_caption":"","series_order":"","_links":{"self":[{"href":"https:\/\/sindaopcpb.org.br\/index.php\/wp-json\/wp\/v2\/posts\/39811","targetHints":{"allow":["GET"]}}],"collection":[{"href":"https:\/\/sindaopcpb.org.br\/index.php\/wp-json\/wp\/v2\/posts"}],"about":[{"href":"https:\/\/sindaopcpb.org.br\/index.php\/wp-json\/wp\/v2\/types\/post"}],"author":[{"embeddable":true,"href":"https:\/\/sindaopcpb.org.br\/index.php\/wp-json\/wp\/v2\/users\/42"}],"replies":[{"embeddable":true,"href":"https:\/\/sindaopcpb.org.br\/index.php\/wp-json\/wp\/v2\/comments?post=39811"}],"version-history":[{"count":1,"href":"https:\/\/sindaopcpb.org.br\/index.php\/wp-json\/wp\/v2\/posts\/39811\/revisions"}],"predecessor-version":[{"id":39812,"href":"https:\/\/sindaopcpb.org.br\/index.php\/wp-json\/wp\/v2\/posts\/39811\/revisions\/39812"}],"wp:attachment":[{"href":"https:\/\/sindaopcpb.org.br\/index.php\/wp-json\/wp\/v2\/media?parent=39811"}],"wp:term":[{"taxonomy":"category","embeddable":true,"href":"https:\/\/sindaopcpb.org.br\/index.php\/wp-json\/wp\/v2\/categories?post=39811"},{"taxonomy":"post_tag","embeddable":true,"href":"https:\/\/sindaopcpb.org.br\/index.php\/wp-json\/wp\/v2\/tags?post=39811"}],"curies":[{"name":"wp","href":"https:\/\/api.w.org\/{rel}","templated":true}]}}