{"id":39772,"date":"2023-10-21T09:16:27","date_gmt":"2023-10-21T12:16:27","guid":{"rendered":"https:\/\/wpa.wscom.com.br\/?p=928876"},"modified":"2023-10-21T09:16:27","modified_gmt":"2023-10-21T12:16:27","slug":"egito-realiza-neste-sabado-cupula-sobre-conflito-entre-israel-e-hamas","status":"publish","type":"post","link":"https:\/\/sindaopcpb.org.br\/index.php\/2023\/10\/21\/egito-realiza-neste-sabado-cupula-sobre-conflito-entre-israel-e-hamas\/","title":{"rendered":"Egito realiza neste s\u00e1bado c\u00fapula sobre conflito entre Israel e Hamas"},"content":{"rendered":"<p>&nbsp;<\/p>\n<p>&nbsp;<\/p>\n<p>O governo do Egito realiza neste s\u00e1bado (21) uma reuni\u00e3o com representantes de v\u00e1rios pa\u00edses para debater os desdobramentos do conflito entre Israel e o Hamas, na Faixa de Gaza, e a escalada da viol\u00eancia no Oriente M\u00e9dio.<img decoding=\"async\" src=\"https:\/\/agenciabrasil.ebc.com.br\/ebc.png?id=1562079&amp;o=node\" alt=\"\" title=\"\"><img decoding=\"async\" src=\"https:\/\/agenciabrasil.ebc.com.br\/ebc.gif?id=1562079&amp;o=node\" alt=\"\" title=\"\"><\/p>\n<p>O\u00a0Brasil ser\u00e1 representado pelo ministro das Rela\u00e7\u00f5es Exteriores, Mauro Vieira. O principal tema do encontro \u00e9 a crise humanit\u00e1ria na Faixa de Gaza. Tamb\u00e9m participam do encontro Jord\u00e2nia, Catar e Turquia.<\/p>\n<p>Na quarta-feira (18), o Conselho de Seguran\u00e7a da Organiza\u00e7\u00e3o das Na\u00e7\u00f5es Unidas (ONU)\u00a0rejeitou a proposta apresentada pelo governo brasileiro\u00a0sobre o conflito. O texto pedia pausas humanit\u00e1rias aos ataques entre Israel e o Hamas para permitir o acesso de ajuda \u00e0 Faixa de Gaza.<\/p>\n<p>O post <a rel=\"nofollow noopener\" href=\"https:\/\/wscom.com.br\/egito-realiza-neste-sabado-cupula-sobre-conflito-entre-israel-e-hamas\/\" target=\"_blank\">Egito realiza neste s\u00e1bado c\u00fapula sobre conflito entre Israel e Hamas<\/a> apareceu primeiro em <a rel=\"nofollow noopener\" href=\"https:\/\/wscom.com.br\/\" target=\"_blank\">WSCOM<\/a>.<\/p>\n","protected":false},"excerpt":{"rendered":"<p>\u00a0 \u00a0 O governo do Egito realiza neste s\u00e1bado (21) uma reuni\u00e3o com representantes de v\u00e1rios pa\u00edses para debater os desdobramentos do conflito entre Israel e o Hamas, na Faixa de Gaza, e a escalada da viol\u00eancia no Oriente M\u00e9dio. O\u00a0Brasil ser\u00e1 representado pelo ministro das Rela\u00e7\u00f5es Exteriores, Mauro Vieira. O principal tema do encontro [\u2026]<\/p>\n<p>O post <a rel=\"nofollow\" href=\"https:\/\/wscom.com.br\/egito-realiza-neste-sabado-cupula-sobre-conflito-entre-israel-e-hamas\/\">Egito realiza neste s\u00e1bado c\u00fapula sobre conflito entre Israel e Hamas<\/a> apareceu primeiro em <a rel=\"nofollow\" href=\"https:\/\/wscom.com.br\/\">WSCOM<\/a>.<\/p>\n","protected":false},"author":42,"featured_media":0,"comment_status":"closed","ping_status":"closed","sticky":false,"template":"","format":"standard","meta":{"advgb_blocks_editor_width":"","advgb_blocks_columns_visual_guide":"","footnotes":""},"categories":[10030,10397,34,433,9892,111,9893,3514,9900],"tags":[35],"class_list":["post-39772","post","type-post","status-publish","format-standard","hentry","category-conflito-no-oriente-medio","category-crise-humanitaria","category-g1","category-guerra","category-hamas","category-internacional","category-israel","category-onu","category-palestina","tag-g1"],"author_meta":{"display_name":"Rafael Andrade","author_link":"https:\/\/sindaopcpb.org.br\/author\/rafael-andrade\/"},"featured_img":null,"coauthors":[],"tax_additional":{"categories":{"linked":["<a href=\"https:\/\/sindaopcpb.org.br\/conflito-no-oriente-medio\/\" class=\"advgb-post-tax-term\">Conflito no Oriente M\u00e9dio<\/a>","<a href=\"https:\/\/sindaopcpb.org.br\/crise-humanitaria\/\" class=\"advgb-post-tax-term\">crise humanit\u00e1ria<\/a>","<a href=\"https:\/\/sindaopcpb.org.br\/g1\/\" class=\"advgb-post-tax-term\">G1<\/a>","<a href=\"https:\/\/sindaopcpb.org.br\/guerra\/\" class=\"advgb-post-tax-term\">Guerra<\/a>","<a href=\"https:\/\/sindaopcpb.org.br\/hamas\/\" class=\"advgb-post-tax-term\">HAMAS<\/a>","<a href=\"https:\/\/sindaopcpb.org.br\/internacional\/\" class=\"advgb-post-tax-term\">Internacional<\/a>","<a href=\"https:\/\/sindaopcpb.org.br\/israel\/\" class=\"advgb-post-tax-term\">israel<\/a>","<a href=\"https:\/\/sindaopcpb.org.br\/onu\/\" class=\"advgb-post-tax-term\">ONU<\/a>","<a href=\"https:\/\/sindaopcpb.org.br\/palestina\/\" class=\"advgb-post-tax-term\">Palestina<\/a>"],"unlinked":["<span class=\"advgb-post-tax-term\">Conflito no Oriente M\u00e9dio<\/span>","<span class=\"advgb-post-tax-term\">crise humanit\u00e1ria<\/span>","<span class=\"advgb-post-tax-term\">G1<\/span>","<span class=\"advgb-post-tax-term\">Guerra<\/span>","<span class=\"advgb-post-tax-term\">HAMAS<\/span>","<span class=\"advgb-post-tax-term\">Internacional<\/span>","<span class=\"advgb-post-tax-term\">israel<\/span>","<span class=\"advgb-post-tax-term\">ONU<\/span>","<span class=\"advgb-post-tax-term\">Palestina<\/span>"]},"tags":{"linked":["<a href=\"https:\/\/sindaopcpb.org.br\/palestina\/\" class=\"advgb-post-tax-term\">g1<\/a>"],"unlinked":["<span class=\"advgb-post-tax-term\">g1<\/span>"]}},"comment_count":"0","relative_dates":{"created":"Publicado 3 anos atr\u00e1s","modified":"Atualizado 3 anos atr\u00e1s"},"absolute_dates":{"created":"Publicado em 21 de outubro de 2023","modified":"Atualizado em 21 de outubro de 2023"},"absolute_dates_time":{"created":"Publicado em 21 de outubro de 2023 09:16","modified":"Atualizado em 21 de outubro de 2023 09:16"},"featured_img_caption":"","series_order":"","_links":{"self":[{"href":"https:\/\/sindaopcpb.org.br\/index.php\/wp-json\/wp\/v2\/posts\/39772","targetHints":{"allow":["GET"]}}],"collection":[{"href":"https:\/\/sindaopcpb.org.br\/index.php\/wp-json\/wp\/v2\/posts"}],"about":[{"href":"https:\/\/sindaopcpb.org.br\/index.php\/wp-json\/wp\/v2\/types\/post"}],"author":[{"embeddable":true,"href":"https:\/\/sindaopcpb.org.br\/index.php\/wp-json\/wp\/v2\/users\/42"}],"replies":[{"embeddable":true,"href":"https:\/\/sindaopcpb.org.br\/index.php\/wp-json\/wp\/v2\/comments?post=39772"}],"version-history":[{"count":1,"href":"https:\/\/sindaopcpb.org.br\/index.php\/wp-json\/wp\/v2\/posts\/39772\/revisions"}],"predecessor-version":[{"id":39773,"href":"https:\/\/sindaopcpb.org.br\/index.php\/wp-json\/wp\/v2\/posts\/39772\/revisions\/39773"}],"wp:attachment":[{"href":"https:\/\/sindaopcpb.org.br\/index.php\/wp-json\/wp\/v2\/media?parent=39772"}],"wp:term":[{"taxonomy":"category","embeddable":true,"href":"https:\/\/sindaopcpb.org.br\/index.php\/wp-json\/wp\/v2\/categories?post=39772"},{"taxonomy":"post_tag","embeddable":true,"href":"https:\/\/sindaopcpb.org.br\/index.php\/wp-json\/wp\/v2\/tags?post=39772"}],"curies":[{"name":"wp","href":"https:\/\/api.w.org\/{rel}","templated":true}]}}