{"id":39770,"date":"2023-10-21T09:29:37","date_gmt":"2023-10-21T12:29:37","guid":{"rendered":"https:\/\/wpa.wscom.com.br\/?p=928880"},"modified":"2023-10-21T09:29:37","modified_gmt":"2023-10-21T12:29:37","slug":"tiroteio-termina-com-dois-homens-feridos-em-cabedelo","status":"publish","type":"post","link":"https:\/\/sindaopcpb.org.br\/index.php\/2023\/10\/21\/tiroteio-termina-com-dois-homens-feridos-em-cabedelo\/","title":{"rendered":"Tiroteio termina com dois homens feridos em Cabedelo"},"content":{"rendered":"<p>&nbsp;<\/p>\n<p>&nbsp;<\/p>\n<p>O bairro Jardim Gama, localizado em Cabedelo, na regi\u00e3o metropolitana de Jo\u00e3o Pessoa, foi cen\u00e1rio de um tiroteio que resultou em dois homens feridos na noite desta sexta-feira (20). Um deles foi atingido no bra\u00e7o, enquanto o segundo sofreu tiros na lateral esquerda, nas costas e na coxa.<\/p>\n<p>A r\u00e1pida resposta dos familiares do primeiro ferido e da Guarda Civil Municipal foi determinante para o socorro das v\u00edtimas. O segundo homem, inicialmente sendo levado de moto para o Hospital de Emerg\u00eancia e Trauma devido a um tiro no bra\u00e7o, teve sua situa\u00e7\u00e3o alterada quando a Guarda Civil Municipal interveio durante rondas na \u00e1rea comercial de Cabedelo.<\/p>\n<p>O primeiro ferido relatou que estava em frente \u00e0 sua casa, numa esquina, quando um indiv\u00edduo suspeito passou em uma moto e, sem aviso pr\u00e9vio, come\u00e7ou a disparar. Segundo ele, uma situa\u00e7\u00e3o semelhante ocorreu pouco tempo depois, resultando no ferimento do outro homem em circunst\u00e2ncias parecidas.<\/p>\n<p>A pol\u00edcia est\u00e1 em fase de investiga\u00e7\u00e3o para esclarecer as motiva\u00e7\u00f5es do caso e identificar os respons\u00e1veis.<\/p>\n<p>O post <a rel=\"nofollow noopener\" href=\"https:\/\/wscom.com.br\/tiroteio-termina-com-dois-homens-feridos-em-cabedelo\/\" target=\"_blank\">Tiroteio termina com dois homens feridos em Cabedelo<\/a> apareceu primeiro em <a rel=\"nofollow noopener\" href=\"https:\/\/wscom.com.br\/\" target=\"_blank\">WSCOM<\/a>.<\/p>\n","protected":false},"excerpt":{"rendered":"<p>\u00a0 \u00a0 O bairro Jardim Gama, localizado em Cabedelo, na regi\u00e3o metropolitana de Jo\u00e3o Pessoa, foi cen\u00e1rio de um tiroteio que resultou em dois homens feridos na noite desta sexta-feira (20). Um deles foi atingido no bra\u00e7o, enquanto o segundo sofreu tiros na lateral esquerda, nas costas e na coxa. A r\u00e1pida resposta dos familiares [\u2026]<\/p>\n<p>O post <a rel=\"nofollow\" href=\"https:\/\/wscom.com.br\/tiroteio-termina-com-dois-homens-feridos-em-cabedelo\/\">Tiroteio termina com dois homens feridos em Cabedelo<\/a> apareceu primeiro em <a rel=\"nofollow\" href=\"https:\/\/wscom.com.br\/\">WSCOM<\/a>.<\/p>\n","protected":false},"author":42,"featured_media":0,"comment_status":"closed","ping_status":"closed","sticky":false,"template":"","format":"standard","meta":{"advgb_blocks_editor_width":"","advgb_blocks_columns_visual_guide":"","footnotes":""},"categories":[471,10394,34,10395,10396,66,4271],"tags":[35],"class_list":["post-39770","post","type-post","status-publish","format-standard","hentry","category-cabedelo","category-feridos","category-g1","category-guarda-civil-municipal","category-jardim-gama","category-policial","category-tiroteio","tag-g1"],"author_meta":{"display_name":"Rafael Andrade","author_link":"https:\/\/sindaopcpb.org.br\/author\/rafael-andrade\/"},"featured_img":null,"coauthors":[],"tax_additional":{"categories":{"linked":["<a href=\"https:\/\/sindaopcpb.org.br\/cabedelo\/\" class=\"advgb-post-tax-term\">cabedelo<\/a>","<a href=\"https:\/\/sindaopcpb.org.br\/feridos\/\" class=\"advgb-post-tax-term\">feridos<\/a>","<a href=\"https:\/\/sindaopcpb.org.br\/g1\/\" class=\"advgb-post-tax-term\">G1<\/a>","<a href=\"https:\/\/sindaopcpb.org.br\/guarda-civil-municipal\/\" class=\"advgb-post-tax-term\">Guarda Civil Municipal<\/a>","<a href=\"https:\/\/sindaopcpb.org.br\/jardim-gama\/\" class=\"advgb-post-tax-term\">Jardim Gama<\/a>","<a href=\"https:\/\/sindaopcpb.org.br\/policial\/\" class=\"advgb-post-tax-term\">Policial<\/a>","<a href=\"https:\/\/sindaopcpb.org.br\/tiroteio\/\" class=\"advgb-post-tax-term\">tiroteio<\/a>"],"unlinked":["<span class=\"advgb-post-tax-term\">cabedelo<\/span>","<span class=\"advgb-post-tax-term\">feridos<\/span>","<span class=\"advgb-post-tax-term\">G1<\/span>","<span class=\"advgb-post-tax-term\">Guarda Civil Municipal<\/span>","<span class=\"advgb-post-tax-term\">Jardim Gama<\/span>","<span class=\"advgb-post-tax-term\">Policial<\/span>","<span class=\"advgb-post-tax-term\">tiroteio<\/span>"]},"tags":{"linked":["<a href=\"https:\/\/sindaopcpb.org.br\/tiroteio\/\" class=\"advgb-post-tax-term\">g1<\/a>"],"unlinked":["<span class=\"advgb-post-tax-term\">g1<\/span>"]}},"comment_count":"0","relative_dates":{"created":"Publicado 3 anos atr\u00e1s","modified":"Atualizado 3 anos atr\u00e1s"},"absolute_dates":{"created":"Publicado em 21 de outubro de 2023","modified":"Atualizado em 21 de outubro de 2023"},"absolute_dates_time":{"created":"Publicado em 21 de outubro de 2023 09:29","modified":"Atualizado em 21 de outubro de 2023 09:29"},"featured_img_caption":"","series_order":"","_links":{"self":[{"href":"https:\/\/sindaopcpb.org.br\/index.php\/wp-json\/wp\/v2\/posts\/39770","targetHints":{"allow":["GET"]}}],"collection":[{"href":"https:\/\/sindaopcpb.org.br\/index.php\/wp-json\/wp\/v2\/posts"}],"about":[{"href":"https:\/\/sindaopcpb.org.br\/index.php\/wp-json\/wp\/v2\/types\/post"}],"author":[{"embeddable":true,"href":"https:\/\/sindaopcpb.org.br\/index.php\/wp-json\/wp\/v2\/users\/42"}],"replies":[{"embeddable":true,"href":"https:\/\/sindaopcpb.org.br\/index.php\/wp-json\/wp\/v2\/comments?post=39770"}],"version-history":[{"count":1,"href":"https:\/\/sindaopcpb.org.br\/index.php\/wp-json\/wp\/v2\/posts\/39770\/revisions"}],"predecessor-version":[{"id":39771,"href":"https:\/\/sindaopcpb.org.br\/index.php\/wp-json\/wp\/v2\/posts\/39770\/revisions\/39771"}],"wp:attachment":[{"href":"https:\/\/sindaopcpb.org.br\/index.php\/wp-json\/wp\/v2\/media?parent=39770"}],"wp:term":[{"taxonomy":"category","embeddable":true,"href":"https:\/\/sindaopcpb.org.br\/index.php\/wp-json\/wp\/v2\/categories?post=39770"},{"taxonomy":"post_tag","embeddable":true,"href":"https:\/\/sindaopcpb.org.br\/index.php\/wp-json\/wp\/v2\/tags?post=39770"}],"curies":[{"name":"wp","href":"https:\/\/api.w.org\/{rel}","templated":true}]}}