{"id":39758,"date":"2023-10-21T08:46:30","date_gmt":"2023-10-21T11:46:30","guid":{"rendered":"https:\/\/wpa.wscom.com.br\/?p=928866"},"modified":"2023-10-21T08:46:30","modified_gmt":"2023-10-21T11:46:30","slug":"governo-demite-servidores-da-abin-presos-por-envolvimento-em-espionagem-ilegal","status":"publish","type":"post","link":"https:\/\/sindaopcpb.org.br\/index.php\/2023\/10\/21\/governo-demite-servidores-da-abin-presos-por-envolvimento-em-espionagem-ilegal\/","title":{"rendered":"Governo demite servidores da Abin presos por envolvimento em espionagem ilegal"},"content":{"rendered":"<p>&nbsp;<\/p>\n<p>&nbsp;<\/p>\n<p>O governo federal anunciou a demiss\u00e3o dos servidores Eduardo Izycki e Rodrigo Colli, que pertenciam \u00e0 Ag\u00eancia Brasileira de Intelig\u00eancia (Abin)\u00a0e foram presos pela Pol\u00edcia Federal (PF) na manh\u00e3 desta sexta-feira (20), no \u00e2mbito da Opera\u00e7\u00e3o \u00daltima Milha, que apura casos de espionagem ilegal na ag\u00eancia durante o governo Jair Bolsonaro (PL).<\/p>\n<p>O an\u00fancio da demiss\u00e3o ocorreu por meio de uma publica\u00e7\u00e3o da Casa Civil da Presid\u00eancia em edi\u00e7\u00e3o extra do Di\u00e1rio Oficial da Uni\u00e3o na noite desta sexta-feira (20). A informa\u00e7\u00e3o foi\u00a0noticiada\u00a0pelo jornalista Guilherme Amado, do portal Metr\u00f3poles.<\/p>\n<p>A Casa Civil afirmou que a demiss\u00e3o ocorreu \u201cap\u00f3s constatada a participa\u00e7\u00e3o, na condi\u00e7\u00e3o de s\u00f3cios representantes da empresa ICCIBER\/CERBERO, de preg\u00e3o aberto pelo Comando de Defesa Cibern\u00e9tica do Ex\u00e9rcito Brasileiro [&#8230;] O preg\u00e3o tinha por objeto a aquisi\u00e7\u00e3o de solu\u00e7\u00e3o de explora\u00e7\u00e3o cibern\u00e9tica e web intelligence capaz de realizar coleta de dados e diversas fontes da internet\u201d.<\/p>\n<p>As infra\u00e7\u00f5es administrativas dos servidores envolvem: viola\u00e7\u00e3o de proibi\u00e7\u00e3o em atua\u00e7\u00e3o em ger\u00eancia e administra\u00e7\u00e3o de sociedade empres\u00e1ria; improbidade administrativa por viola\u00e7\u00e3o de dever mediante conduta tipificada em lei como conflito de interesse; e viola\u00e7\u00e3o do regime de dedica\u00e7\u00e3o exclusiva a que se submetem todos os ocupantes do cargo de oficial de intelig\u00eancia da Abin.<\/p>\n<p>O post <a rel=\"nofollow noopener\" href=\"https:\/\/wscom.com.br\/governo-demite-servidores-da-abin-presos-por-envolvimento-em-espionagem-ilegal\/\" target=\"_blank\">Governo demite servidores da Abin presos por envolvimento em espionagem ilegal<\/a> apareceu primeiro em <a rel=\"nofollow noopener\" href=\"https:\/\/wscom.com.br\/\" target=\"_blank\">WSCOM<\/a>.<\/p>\n","protected":false},"excerpt":{"rendered":"<p>\u00a0 \u00a0 O governo federal anunciou a demiss\u00e3o dos servidores Eduardo Izycki e Rodrigo Colli, que pertenciam \u00e0 Ag\u00eancia Brasileira de Intelig\u00eancia (Abin)\u00a0e foram presos pela Pol\u00edcia Federal (PF) na manh\u00e3 desta sexta-feira (20), no \u00e2mbito da Opera\u00e7\u00e3o \u00daltima Milha, que apura casos de espionagem ilegal na ag\u00eancia durante o governo Jair Bolsonaro (PL). O [\u2026]<\/p>\n<p>O post <a rel=\"nofollow\" href=\"https:\/\/wscom.com.br\/governo-demite-servidores-da-abin-presos-por-envolvimento-em-espionagem-ilegal\/\">Governo demite servidores da Abin presos por envolvimento em espionagem ilegal<\/a> apareceu primeiro em <a rel=\"nofollow\" href=\"https:\/\/wscom.com.br\/\">WSCOM<\/a>.<\/p>\n","protected":false},"author":42,"featured_media":0,"comment_status":"closed","ping_status":"closed","sticky":false,"template":"","format":"standard","meta":{"advgb_blocks_editor_width":"","advgb_blocks_columns_visual_guide":"","footnotes":""},"categories":[115,87,10345,34,187,1843],"tags":[35],"class_list":["post-39758","post","type-post","status-publish","format-standard","hentry","category-brasil","category-demissao","category-espionagem","category-g1","category-governo-federal","category-servidores","tag-g1"],"author_meta":{"display_name":"Rafael Andrade","author_link":"https:\/\/sindaopcpb.org.br\/author\/rafael-andrade\/"},"featured_img":null,"coauthors":[],"tax_additional":{"categories":{"linked":["<a href=\"https:\/\/sindaopcpb.org.br\/brasil\/\" class=\"advgb-post-tax-term\">Brasil<\/a>","<a href=\"https:\/\/sindaopcpb.org.br\/demissao\/\" class=\"advgb-post-tax-term\">demiss\u00e3o<\/a>","<a href=\"https:\/\/sindaopcpb.org.br\/espionagem\/\" class=\"advgb-post-tax-term\">espionagem<\/a>","<a href=\"https:\/\/sindaopcpb.org.br\/g1\/\" class=\"advgb-post-tax-term\">G1<\/a>","<a href=\"https:\/\/sindaopcpb.org.br\/governo-federal\/\" class=\"advgb-post-tax-term\">Governo Federal<\/a>","<a href=\"https:\/\/sindaopcpb.org.br\/servidores\/\" class=\"advgb-post-tax-term\">Servidores<\/a>"],"unlinked":["<span class=\"advgb-post-tax-term\">Brasil<\/span>","<span class=\"advgb-post-tax-term\">demiss\u00e3o<\/span>","<span class=\"advgb-post-tax-term\">espionagem<\/span>","<span class=\"advgb-post-tax-term\">G1<\/span>","<span class=\"advgb-post-tax-term\">Governo Federal<\/span>","<span class=\"advgb-post-tax-term\">Servidores<\/span>"]},"tags":{"linked":["<a href=\"https:\/\/sindaopcpb.org.br\/servidores\/\" class=\"advgb-post-tax-term\">g1<\/a>"],"unlinked":["<span class=\"advgb-post-tax-term\">g1<\/span>"]}},"comment_count":"0","relative_dates":{"created":"Publicado 3 anos atr\u00e1s","modified":"Atualizado 3 anos atr\u00e1s"},"absolute_dates":{"created":"Publicado em 21 de outubro de 2023","modified":"Atualizado em 21 de outubro de 2023"},"absolute_dates_time":{"created":"Publicado em 21 de outubro de 2023 08:46","modified":"Atualizado em 21 de outubro de 2023 08:46"},"featured_img_caption":"","series_order":"","_links":{"self":[{"href":"https:\/\/sindaopcpb.org.br\/index.php\/wp-json\/wp\/v2\/posts\/39758","targetHints":{"allow":["GET"]}}],"collection":[{"href":"https:\/\/sindaopcpb.org.br\/index.php\/wp-json\/wp\/v2\/posts"}],"about":[{"href":"https:\/\/sindaopcpb.org.br\/index.php\/wp-json\/wp\/v2\/types\/post"}],"author":[{"embeddable":true,"href":"https:\/\/sindaopcpb.org.br\/index.php\/wp-json\/wp\/v2\/users\/42"}],"replies":[{"embeddable":true,"href":"https:\/\/sindaopcpb.org.br\/index.php\/wp-json\/wp\/v2\/comments?post=39758"}],"version-history":[{"count":1,"href":"https:\/\/sindaopcpb.org.br\/index.php\/wp-json\/wp\/v2\/posts\/39758\/revisions"}],"predecessor-version":[{"id":39759,"href":"https:\/\/sindaopcpb.org.br\/index.php\/wp-json\/wp\/v2\/posts\/39758\/revisions\/39759"}],"wp:attachment":[{"href":"https:\/\/sindaopcpb.org.br\/index.php\/wp-json\/wp\/v2\/media?parent=39758"}],"wp:term":[{"taxonomy":"category","embeddable":true,"href":"https:\/\/sindaopcpb.org.br\/index.php\/wp-json\/wp\/v2\/categories?post=39758"},{"taxonomy":"post_tag","embeddable":true,"href":"https:\/\/sindaopcpb.org.br\/index.php\/wp-json\/wp\/v2\/tags?post=39758"}],"curies":[{"name":"wp","href":"https:\/\/api.w.org\/{rel}","templated":true}]}}