{"id":39689,"date":"2023-10-20T15:32:39","date_gmt":"2023-10-20T18:32:39","guid":{"rendered":"https:\/\/wpa.wscom.com.br\/?p=928764"},"modified":"2023-10-20T15:32:39","modified_gmt":"2023-10-20T18:32:39","slug":"revista-nordeste-expoe-salto-global-do-br-no-trato-da-guerra-no-oriente-medio-ucrania-e-efeito-positivo-sobre-margem-equatorial","status":"publish","type":"post","link":"https:\/\/sindaopcpb.org.br\/index.php\/2023\/10\/20\/revista-nordeste-expoe-salto-global-do-br-no-trato-da-guerra-no-oriente-medio-ucrania-e-efeito-positivo-sobre-margem-equatorial\/","title":{"rendered":"Revista NORDESTE exp\u00f5e salto global do BR no trato da Guerra no Oriente M\u00e9dio, Ucr\u00e2nia, e efeito positivo sobre Margem Equatorial"},"content":{"rendered":"<p>O Brasil atua na atual conjuntura internacional sobre diversos graves problemas como as Guerras no oriente M\u00e9dio e Ucr\u00e2nia, bem como na media\u00e7\u00e3o da ONU como presidente da Seguran\u00e7a sem abdicar de sua condi\u00e7\u00e3o fundamenta no trato das\u00a0Pol\u00edticas ambientais a partir da Amaz\u00f4nia diante da decis\u00e3o de explorar a Margem Equatorial iniciando pela Bacia Potiguar no Rio Grande do Norte.<\/p>\n<p>&nbsp;<\/p>\n<p>Esta \u00e9 a s\u00edntese da nova edi\u00e7\u00e3o da\u00a0<strong>Revista NORDESTE<\/strong>\u00a0trazendo entrevistas\u00a0<strong>EXCLUSIVAS<\/strong>\u00a0com o presidente da PETROBRAS, Jean Paul Prates e a governadora Fatima Bezerra, do Rio Grande do Norte, expondo detalhes de todo o mega projeto energ\u00e9tico \u00e0 base de matrizes tradicionais mas com zelo absoluto da empresa em n\u00e3o gerar problemas ambientais.<\/p>\n<p>&nbsp;<\/p>\n<p>A nova edi\u00e7\u00e3o devendo circular a partir do pr\u00f3ximo fim de semana traz a mais completa cobertura sobre a Margem Equatorial, ainda detalhes sobre a participa\u00e7\u00e3o do Brasil na reparti\u00e7\u00e3o de brasileiros e sua posi\u00e7\u00e3o hist\u00f3rica defendendo pol\u00edticas humanit\u00e1rias com fortes efeitos na ONU. \u00c9 s\u00f3 aguardar.<\/p>\n<p>O post <a rel=\"nofollow noopener\" href=\"https:\/\/wscom.com.br\/revista-nordeste-expoe-salto-global-do-br-no-trato-da-guerra-no-oriente-medio-ucrania-e-efeito-positivo-sobre-margem-equatorial\/\" target=\"_blank\">Revista NORDESTE exp\u00f5e salto global do BR no trato da Guerra no Oriente M\u00e9dio, Ucr\u00e2nia, e efeito positivo sobre Margem Equatorial<\/a> apareceu primeiro em <a rel=\"nofollow noopener\" href=\"https:\/\/wscom.com.br\/\" target=\"_blank\">WSCOM<\/a>.<\/p>\n","protected":false},"excerpt":{"rendered":"<p>O Brasil atua na atual conjuntura internacional sobre diversos graves problemas como as Guerras no oriente M\u00e9dio e Ucr\u00e2nia, bem como na media\u00e7\u00e3o da ONU como presidente da Seguran\u00e7a sem abdicar de sua condi\u00e7\u00e3o fundamenta no trato das\u00a0Pol\u00edticas ambientais a partir da Amaz\u00f4nia diante da decis\u00e3o de explorar a Margem Equatorial iniciando pela Bacia Potiguar [\u2026]<\/p>\n<p>O post <a rel=\"nofollow\" href=\"https:\/\/wscom.com.br\/revista-nordeste-expoe-salto-global-do-br-no-trato-da-guerra-no-oriente-medio-ucrania-e-efeito-positivo-sobre-margem-equatorial\/\">Revista NORDESTE exp\u00f5e salto global do BR no trato da Guerra no Oriente M\u00e9dio, Ucr\u00e2nia, e efeito positivo sobre Margem Equatorial<\/a> apareceu primeiro em <a rel=\"nofollow\" href=\"https:\/\/wscom.com.br\/\">WSCOM<\/a>.<\/p>\n","protected":false},"author":49,"featured_media":0,"comment_status":"closed","ping_status":"closed","sticky":false,"template":"","format":"standard","meta":{"advgb_blocks_editor_width":"","advgb_blocks_columns_visual_guide":"","footnotes":""},"categories":[115,60,34,335,2326,9971,2064],"tags":[35],"class_list":["post-39689","post","type-post","status-publish","format-standard","hentry","category-brasil","category-brasil-mundo","category-g1","category-governo-lula","category-guerra-na-ucrancia","category-guerra-no-oriente-medio","category-revista-nordeste","tag-g1"],"author_meta":{"display_name":"Cristiane Cavalcante","author_link":"https:\/\/sindaopcpb.org.br\/author\/cristiane-cavalcante\/"},"featured_img":null,"coauthors":[],"tax_additional":{"categories":{"linked":["<a href=\"https:\/\/sindaopcpb.org.br\/brasil\/\" class=\"advgb-post-tax-term\">Brasil<\/a>","<a href=\"https:\/\/sindaopcpb.org.br\/brasil-mundo\/\" class=\"advgb-post-tax-term\">Brasil \/ Mundo<\/a>","<a href=\"https:\/\/sindaopcpb.org.br\/g1\/\" class=\"advgb-post-tax-term\">G1<\/a>","<a href=\"https:\/\/sindaopcpb.org.br\/governo-lula\/\" class=\"advgb-post-tax-term\">Governo Lula<\/a>","<a href=\"https:\/\/sindaopcpb.org.br\/guerra-na-ucrancia\/\" class=\"advgb-post-tax-term\">Guerra na Ucr\u00e2ncia<\/a>","<a href=\"https:\/\/sindaopcpb.org.br\/guerra-no-oriente-medio\/\" class=\"advgb-post-tax-term\">Guerra no Oriente M\u00e9dio<\/a>","<a href=\"https:\/\/sindaopcpb.org.br\/revista-nordeste\/\" class=\"advgb-post-tax-term\">revista nordeste<\/a>"],"unlinked":["<span class=\"advgb-post-tax-term\">Brasil<\/span>","<span class=\"advgb-post-tax-term\">Brasil \/ Mundo<\/span>","<span class=\"advgb-post-tax-term\">G1<\/span>","<span class=\"advgb-post-tax-term\">Governo Lula<\/span>","<span class=\"advgb-post-tax-term\">Guerra na Ucr\u00e2ncia<\/span>","<span class=\"advgb-post-tax-term\">Guerra no Oriente M\u00e9dio<\/span>","<span class=\"advgb-post-tax-term\">revista nordeste<\/span>"]},"tags":{"linked":["<a href=\"https:\/\/sindaopcpb.org.br\/revista-nordeste\/\" class=\"advgb-post-tax-term\">g1<\/a>"],"unlinked":["<span class=\"advgb-post-tax-term\">g1<\/span>"]}},"comment_count":"0","relative_dates":{"created":"Publicado 3 anos atr\u00e1s","modified":"Atualizado 3 anos atr\u00e1s"},"absolute_dates":{"created":"Publicado em 20 de outubro de 2023","modified":"Atualizado em 20 de outubro de 2023"},"absolute_dates_time":{"created":"Publicado em 20 de outubro de 2023 15:32","modified":"Atualizado em 20 de outubro de 2023 15:32"},"featured_img_caption":"","series_order":"","_links":{"self":[{"href":"https:\/\/sindaopcpb.org.br\/index.php\/wp-json\/wp\/v2\/posts\/39689","targetHints":{"allow":["GET"]}}],"collection":[{"href":"https:\/\/sindaopcpb.org.br\/index.php\/wp-json\/wp\/v2\/posts"}],"about":[{"href":"https:\/\/sindaopcpb.org.br\/index.php\/wp-json\/wp\/v2\/types\/post"}],"author":[{"embeddable":true,"href":"https:\/\/sindaopcpb.org.br\/index.php\/wp-json\/wp\/v2\/users\/49"}],"replies":[{"embeddable":true,"href":"https:\/\/sindaopcpb.org.br\/index.php\/wp-json\/wp\/v2\/comments?post=39689"}],"version-history":[{"count":1,"href":"https:\/\/sindaopcpb.org.br\/index.php\/wp-json\/wp\/v2\/posts\/39689\/revisions"}],"predecessor-version":[{"id":39690,"href":"https:\/\/sindaopcpb.org.br\/index.php\/wp-json\/wp\/v2\/posts\/39689\/revisions\/39690"}],"wp:attachment":[{"href":"https:\/\/sindaopcpb.org.br\/index.php\/wp-json\/wp\/v2\/media?parent=39689"}],"wp:term":[{"taxonomy":"category","embeddable":true,"href":"https:\/\/sindaopcpb.org.br\/index.php\/wp-json\/wp\/v2\/categories?post=39689"},{"taxonomy":"post_tag","embeddable":true,"href":"https:\/\/sindaopcpb.org.br\/index.php\/wp-json\/wp\/v2\/tags?post=39689"}],"curies":[{"name":"wp","href":"https:\/\/api.w.org\/{rel}","templated":true}]}}