{"id":39672,"date":"2023-10-20T14:38:04","date_gmt":"2023-10-20T17:38:04","guid":{"rendered":"https:\/\/wpa.wscom.com.br\/?p=928746"},"modified":"2023-10-20T14:38:04","modified_gmt":"2023-10-20T17:38:04","slug":"mais-de-50-paises-se-unem-contra-veto-dos-eua-a-resolucao-do-brasil-e-onu-convoca-reuniao-de-emergencia","status":"publish","type":"post","link":"https:\/\/sindaopcpb.org.br\/index.php\/2023\/10\/20\/mais-de-50-paises-se-unem-contra-veto-dos-eua-a-resolucao-do-brasil-e-onu-convoca-reuniao-de-emergencia\/","title":{"rendered":"Mais de 50 pa\u00edses se unem contra veto dos EUA \u00e0 resolu\u00e7\u00e3o do Brasil e ONU convoca reuni\u00e3o de emerg\u00eancia"},"content":{"rendered":"<p>Mais de 50 pa\u00edses se uniram para convocar uma reuni\u00e3o de emerg\u00eancia da Assembleia Geral da Organiza\u00e7\u00e3o das Na\u00e7\u00f5es Unidas (ONU) com o objetivo de mobilizar apoio pol\u00edtico para a prote\u00e7\u00e3o do povo palestino diante dos ataques de Israel a Gaza, diz o jornaista\u00a0<a href=\"https:\/\/noticias.uol.com.br\/colunas\/jamil-chade\/2023\/10\/20\/50-paises-se-unem-contra-veto-dos-eua-e-pedem-reuniao-de-emergencia-da-onu.htm?cmpid=copiaecola\" rel=\"noopener nofollow\" target=\"_blank\">Jamil Chade<\/a>\u00a0em sua coluna no UOL. No in\u00edcio da tarde desta sexta-feira (20), o governo do Brasil confirmou a reuni\u00e3o extraordin\u00e1ria: &#8220;foi informado \u00e0 Presid\u00eancia do Conselho de Seguran\u00e7a das Na\u00e7\u00f5es Unidas (CSNU) [exercida pelo Brasil] que o Presidente da Assembleia Geral tem a inten\u00e7\u00e3o de convocar uma reuni\u00e3o formal do d\u00e9cimo per\u00edodo extraordin\u00e1rio de sess\u00f5es de emerg\u00eancia da Assembleia Geral. Este an\u00fancio se produz ap\u00f3s o uso de um veto sobre o projeto de resolu\u00e7\u00e3o sobre a situa\u00e7\u00e3o no M\u00e9dio Oriente, incluindo a quest\u00e3o Palestina&#8221;.<\/p>\n<p>A iniciativa conjunta, considerada algo raro na diplomacia internacional, ocorreu ap\u00f3s o governo dos Estados Unidos vetar um projeto apresentado pelo Brasil no Conselho de Seguran\u00e7a da ONU, que buscava uma &#8220;pausa humanit\u00e1ria&#8221; nos combates entre as For\u00e7as de Defesa de Israel (IDF) e grupo palestino Hamas, al\u00e9m da evacua\u00e7\u00e3o de estrangeiros daquele territ\u00f3rio. O veto foi explicado pela Casa Branca devido \u00e0 insist\u00eancia na autodefesa de Israel, aspecto n\u00e3o abordado na resolu\u00e7\u00e3o de car\u00e1ter humanit\u00e1rio.<\/p>\n<p>O custo pol\u00edtico para os EUA tem sido elevado. \u201cA iniciativa [de levar a quest\u00e3o \u00e0 Assembleia Geral] ganhou o apoio de mais de 50 pa\u00edses, entre eles Arg\u00e9lia, Indon\u00e9sia, Ar\u00e1bia Saudita, Marrocos, Turquia, Mo\u00e7ambique, Nig\u00e9ria, Camar\u00f5es e Paquist\u00e3o. No Conselho de Seguran\u00e7a, uma aprova\u00e7\u00e3o de uma condena\u00e7\u00e3o apenas pode ocorrer se n\u00e3o houver o veto de todos os cinco membros permanentes da entidade. Mas, na Assembleia Geral, a regra \u00e9 outra: basta que uma resolu\u00e7\u00e3o tenha a maioria dos 192 votos\u201d, destaca Chade.<\/p>\n<p>Ainda segundo a reportagem, os govenos envolvidos na iniciativa enviaram uma carta para a presid\u00eancia da Assembleia Geral, o Grupo \u00c1rabe e o Grupo da Organiza\u00e7\u00e3o para a Coopera\u00e7\u00e3o Isl\u00e2mica (OCI) nas Na\u00e7\u00f5es Unidas, em Nova York, em que \u201csolicitam a retomada da d\u00e9cima sess\u00e3o especial de emerg\u00eancia da Assembleia Geral ap\u00f3s o veto lan\u00e7ado em 18 de outubro de 2023 por um Membro Permanente do Conselho de Seguran\u00e7a sobre um projeto de resolu\u00e7\u00e3o que aborda a grave situa\u00e7\u00e3o do Territ\u00f3rio Palestino Ocupado, incluindo Jerusal\u00e9m Oriental&#8221;.<\/p>\n<p>A Casa Branca, ao vetar o projeto brasileiro, enfrenta cr\u00edticas, e a situa\u00e7\u00e3o lembra a estrat\u00e9gia usada anteriormente pelos EUA contra os russos. No epis\u00f3dio envolvendo a guerra na Ucr\u00e2nia, a Assembleia Geral foi acionada para aprovar uma resolu\u00e7\u00e3o condenando a R\u00fassia.<\/p>\n<p>O post <a rel=\"nofollow noopener\" href=\"https:\/\/wscom.com.br\/mais-de-50-paises-se-unem-contra-veto-dos-eua-a-resolucao-do-brasil-e-onu-convoca-reuniao-de-emergencia\/\" target=\"_blank\">Mais de 50 pa\u00edses se unem contra veto dos EUA \u00e0 resolu\u00e7\u00e3o do Brasil e ONU convoca reuni\u00e3o de emerg\u00eancia<\/a> apareceu primeiro em <a rel=\"nofollow noopener\" href=\"https:\/\/wscom.com.br\/\" target=\"_blank\">WSCOM<\/a>.<\/p>\n","protected":false},"excerpt":{"rendered":"<p>Mais de 50 pa\u00edses se uniram para convocar uma reuni\u00e3o de emerg\u00eancia da Assembleia Geral da Organiza\u00e7\u00e3o das Na\u00e7\u00f5es Unidas (ONU) com o objetivo de mobilizar apoio pol\u00edtico para a prote\u00e7\u00e3o do povo palestino diante dos ataques de Israel a Gaza, diz o jornaista\u00a0Jamil Chade\u00a0em sua coluna no UOL. No in\u00edcio da tarde desta sexta-feira [\u2026]<\/p>\n<p>O post <a rel=\"nofollow\" href=\"https:\/\/wscom.com.br\/mais-de-50-paises-se-unem-contra-veto-dos-eua-a-resolucao-do-brasil-e-onu-convoca-reuniao-de-emergencia\/\">Mais de 50 pa\u00edses se unem contra veto dos EUA \u00e0 resolu\u00e7\u00e3o do Brasil e ONU convoca reuni\u00e3o de emerg\u00eancia<\/a> apareceu primeiro em <a rel=\"nofollow\" href=\"https:\/\/wscom.com.br\/\">WSCOM<\/a>.<\/p>\n","protected":false},"author":49,"featured_media":0,"comment_status":"closed","ping_status":"closed","sticky":false,"template":"","format":"standard","meta":{"advgb_blocks_editor_width":"","advgb_blocks_columns_visual_guide":"","footnotes":""},"categories":[115,60,10356,1254,34,9971,3514],"tags":[35],"class_list":["post-39672","post","type-post","status-publish","format-standard","hentry","category-brasil","category-brasil-mundo","category-conflito-em-gaza","category-eua","category-g1","category-guerra-no-oriente-medio","category-onu","tag-g1"],"author_meta":{"display_name":"Cristiane Cavalcante","author_link":"https:\/\/sindaopcpb.org.br\/author\/cristiane-cavalcante\/"},"featured_img":null,"coauthors":[],"tax_additional":{"categories":{"linked":["<a href=\"https:\/\/sindaopcpb.org.br\/brasil\/\" class=\"advgb-post-tax-term\">Brasil<\/a>","<a href=\"https:\/\/sindaopcpb.org.br\/brasil-mundo\/\" class=\"advgb-post-tax-term\">Brasil \/ Mundo<\/a>","<a href=\"https:\/\/sindaopcpb.org.br\/conflito-em-gaza\/\" class=\"advgb-post-tax-term\">conflito em Gaza<\/a>","<a href=\"https:\/\/sindaopcpb.org.br\/eua\/\" class=\"advgb-post-tax-term\">EUA<\/a>","<a href=\"https:\/\/sindaopcpb.org.br\/g1\/\" class=\"advgb-post-tax-term\">G1<\/a>","<a href=\"https:\/\/sindaopcpb.org.br\/guerra-no-oriente-medio\/\" class=\"advgb-post-tax-term\">Guerra no Oriente M\u00e9dio<\/a>","<a href=\"https:\/\/sindaopcpb.org.br\/onu\/\" class=\"advgb-post-tax-term\">ONU<\/a>"],"unlinked":["<span class=\"advgb-post-tax-term\">Brasil<\/span>","<span class=\"advgb-post-tax-term\">Brasil \/ Mundo<\/span>","<span class=\"advgb-post-tax-term\">conflito em Gaza<\/span>","<span class=\"advgb-post-tax-term\">EUA<\/span>","<span class=\"advgb-post-tax-term\">G1<\/span>","<span class=\"advgb-post-tax-term\">Guerra no Oriente M\u00e9dio<\/span>","<span class=\"advgb-post-tax-term\">ONU<\/span>"]},"tags":{"linked":["<a href=\"https:\/\/sindaopcpb.org.br\/onu\/\" class=\"advgb-post-tax-term\">g1<\/a>"],"unlinked":["<span class=\"advgb-post-tax-term\">g1<\/span>"]}},"comment_count":"0","relative_dates":{"created":"Publicado 3 anos atr\u00e1s","modified":"Atualizado 3 anos atr\u00e1s"},"absolute_dates":{"created":"Publicado em 20 de outubro de 2023","modified":"Atualizado em 20 de outubro de 2023"},"absolute_dates_time":{"created":"Publicado em 20 de outubro de 2023 14:38","modified":"Atualizado em 20 de outubro de 2023 14:38"},"featured_img_caption":"","series_order":"","_links":{"self":[{"href":"https:\/\/sindaopcpb.org.br\/index.php\/wp-json\/wp\/v2\/posts\/39672","targetHints":{"allow":["GET"]}}],"collection":[{"href":"https:\/\/sindaopcpb.org.br\/index.php\/wp-json\/wp\/v2\/posts"}],"about":[{"href":"https:\/\/sindaopcpb.org.br\/index.php\/wp-json\/wp\/v2\/types\/post"}],"author":[{"embeddable":true,"href":"https:\/\/sindaopcpb.org.br\/index.php\/wp-json\/wp\/v2\/users\/49"}],"replies":[{"embeddable":true,"href":"https:\/\/sindaopcpb.org.br\/index.php\/wp-json\/wp\/v2\/comments?post=39672"}],"version-history":[{"count":1,"href":"https:\/\/sindaopcpb.org.br\/index.php\/wp-json\/wp\/v2\/posts\/39672\/revisions"}],"predecessor-version":[{"id":39673,"href":"https:\/\/sindaopcpb.org.br\/index.php\/wp-json\/wp\/v2\/posts\/39672\/revisions\/39673"}],"wp:attachment":[{"href":"https:\/\/sindaopcpb.org.br\/index.php\/wp-json\/wp\/v2\/media?parent=39672"}],"wp:term":[{"taxonomy":"category","embeddable":true,"href":"https:\/\/sindaopcpb.org.br\/index.php\/wp-json\/wp\/v2\/categories?post=39672"},{"taxonomy":"post_tag","embeddable":true,"href":"https:\/\/sindaopcpb.org.br\/index.php\/wp-json\/wp\/v2\/tags?post=39672"}],"curies":[{"name":"wp","href":"https:\/\/api.w.org\/{rel}","templated":true}]}}