{"id":39622,"date":"2023-10-20T07:35:19","date_gmt":"2023-10-20T10:35:19","guid":{"rendered":"https:\/\/wpa.wscom.com.br\/?p=928697"},"modified":"2023-10-20T07:35:19","modified_gmt":"2023-10-20T10:35:19","slug":"sesi-promove-evento-sobre-formacao-e-valorizacao-dos-professores","status":"publish","type":"post","link":"https:\/\/sindaopcpb.org.br\/index.php\/2023\/10\/20\/sesi-promove-evento-sobre-formacao-e-valorizacao-dos-professores\/","title":{"rendered":"SESI promove evento sobre forma\u00e7\u00e3o e valoriza\u00e7\u00e3o dos professores"},"content":{"rendered":"<p>Internacional de Educa\u00e7\u00e3o com o tema \u201cForma\u00e7\u00e3o de Professores e valoriza\u00e7\u00e3o da carreira docente\u201d. O evento ser\u00e1 presencial no Est\u00fadio da Confedera\u00e7\u00e3o Nacional da Ind\u00fastria (CNI) com transmiss\u00e3o ao vivo no YouTube do SESI, das 14h30 \u00e0s 17h30.<\/p>\n<ul>\n<li><a href=\"https:\/\/www.youtube.com\/watch?v=QkaLXNkb8-0\" rel=\"nofollow noopener\" target=\"_blank\">Clique aqui para conferir a transmiss\u00e3o ao vivo!<\/a><\/li>\n<\/ul>\n<p>Se voc\u00ea \u00e9 professor, educador, gestor, pesquisador e se interessa pelo tema, participe desse encontro, que \u00e9 uma parceria com o\u00a0<a href=\"http:\/\/futura.frm.org.br\/\" rel=\"nofollow noopener\" target=\"_blank\">Canal Futura<\/a>\u00a0para apoiar a implementa\u00e7\u00e3o de pol\u00edticas visando a forma\u00e7\u00e3o de professores. A proposta \u00e9 debater sobre a pr\u00e1tica docente como profiss\u00e3o e os desafios da forma\u00e7\u00e3o inicial e continuada de professores.<\/p>\n<p>A programa\u00e7\u00e3o conta com nomes como Ant\u00f3nio Sampaio da N\u00f3voa, reitor honor\u00e1rio da\u00a0<a href=\"https:\/\/www.ulisboa.pt\/\" rel=\"nofollow noopener\" target=\"_blank\">Universidade de Lisboa<\/a>; Lourival Jose Martins Filho, diretor de Forma\u00e7\u00e3o Docente e Valoriza\u00e7\u00e3o de Profissionais da Educa\u00e7\u00e3o da Secretaria de Educa\u00e7\u00e3o B\u00e1sica do Minist\u00e9rio da Educa\u00e7\u00e3o (<a href=\"http:\/\/portal.mec.gov.br\/secretaria-de-educacao-basica\" rel=\"nofollow noopener\" target=\"_blank\">SEB\/MEC<\/a>); Mozart Ramos, professor em\u00e9rito da\u00a0<a href=\"https:\/\/www.ufpe.br\/\" rel=\"nofollow noopener\" target=\"_blank\">Universidade Federal de Pernambuco<\/a>; e K\u00e1tia Marangon, gerente do\u00a0<a href=\"https:\/\/noticias.portaldaindustria.com.br\/noticias\/educacao\/sesi-investe-em-centro-para-formacao-continuada-de-professores\/\" rel=\"nofollow noopener\" target=\"_blank\">Centro SESI de Forma\u00e7\u00e3o em Educa\u00e7\u00e3o<\/a>.<\/p>\n<p>Ao final da transmiss\u00e3o, os participantes presenciais se direcionar\u00e3o para o Instituto SESI SENAI de Tecnologias Educacionais, onde far\u00e3o uma visita guiada no Centro SESI de Forma\u00e7\u00e3o em Educa\u00e7\u00e3o, com um coquetel de encerramento.<\/p>\n<h2>Formar professores \u00e9 a base para a educa\u00e7\u00e3o<\/h2>\n<p>Desde 2014, o Brasil tem o Plano Nacional da Educa\u00e7\u00e3o (<a href=\"https:\/\/pne.mec.gov.br\/\" rel=\"nofollow noopener\" target=\"_blank\">PNE<\/a>) \u2013 instrumento legal que estabelece orienta\u00e7\u00f5es para o ensino fundamental e m\u00e9dio por 10 anos. Uma das metas \u00e9 o fortalecimento da forma\u00e7\u00e3o inicial e continuada de professores.<\/p>\n<p>No pr\u00f3ximo ano, o prazo de 10 anos chega ao fim, e o\u00a0<a href=\"https:\/\/www.observatoriodopne.org.br\/\" rel=\"nofollow noopener\" target=\"_blank\">Observat\u00f3rio PNE<\/a>, coordenado pelo\u00a0<a href=\"https:\/\/todospelaeducacao.org.br\/\" rel=\"nofollow noopener\" target=\"_blank\">Todos Pela Educa\u00e7\u00e3o<\/a>, indica que os objetivos est\u00e3o longe de serem alcan\u00e7ados. Atualmente somente 40% dos professores fizeram cursos de capacita\u00e7\u00e3o, por exemplo.<\/p>\n<h2>Veja quem vai participar<\/h2>\n<p>Confira abaixo os convidados do semin\u00e1rio que debater\u00e3o sobre o tema \u201cForma\u00e7\u00e3o de professores e valoriza\u00e7\u00e3o da carreira docente\u201d:<\/p>\n<h3>Palestrante:<\/h3>\n<p><strong><img decoding=\"async\" src=\"https:\/\/s.w.org\/images\/core\/emoji\/13.0.1\/72x72\/27a1.png\" alt=\"\u27a1\" class=\"wp-smiley\" style=\"height: 1em; max-height: 1em;\" title=\"\"> Ant\u00f3nio Sampaio da N\u00f3voa\u00a0<\/strong><\/p>\n<figure class=\"image image-style-align-center image_resized\"><img decoding=\"async\" src=\"https:\/\/fiepb.sfo2.cdn.digitaloceanspaces.com\/posts\/8606\/20231019182149_3a3e3a6768faef6b0677af33d3b1d22a.jpg\" alt=\"\" title=\"\"><figcaption><strong>Ant\u00f3nio da N\u00f3voa \u00e9 educador portugu\u00eas e reitor honor\u00e1rio da Universidade de Lisboa &#8211; Foto: Marina Piedade<\/strong><\/figcaption><\/figure>\n<p>Professor universit\u00e1rio portugu\u00eas, doutor em Ci\u00eancias da Educa\u00e7\u00e3o e Hist\u00f3ria Moderna e Contempor\u00e2nea. Atualmente, \u00e9 professor catedr\u00e1tico do Instituto de Educa\u00e7\u00e3o da Universidade de Lisboa e reitor honor\u00e1rio da mesma universidade.<\/p>\n<h3>Painelistas:<\/h3>\n<p><strong><img decoding=\"async\" src=\"https:\/\/s.w.org\/images\/core\/emoji\/13.0.1\/72x72\/27a1.png\" alt=\"\u27a1\" class=\"wp-smiley\" style=\"height: 1em; max-height: 1em;\" title=\"\"> Lourival Jose Martins Filho<\/strong><\/p>\n<figure class=\"image image-style-align-center image_resized\"><img decoding=\"async\" src=\"https:\/\/fiepb.sfo2.cdn.digitaloceanspaces.com\/posts\/8606\/20231019182204_a78a887a7b5a0e21826ba32ef18233db.jpg\" alt=\"\" title=\"\"><figcaption><strong>Lourival Jose Martins Filho faz parte da Secretaria de Educa\u00e7\u00e3o B\u00e1sica do MEC<\/strong><\/figcaption><\/figure>\n<p>Diretor de Forma\u00e7\u00e3o Docente e Valoriza\u00e7\u00e3o de Profissionais da Educa\u00e7\u00e3o da Secretaria de Educa\u00e7\u00e3o B\u00e1sica do Minist\u00e9rio da Educa\u00e7\u00e3o (SEB\/MEC). Tem experi\u00eancia na doc\u00eancia, coordena\u00e7\u00e3o pedag\u00f3gica e gest\u00e3o escolar da Educa\u00e7\u00e3o B\u00e1sica.<\/p>\n<p><strong><img decoding=\"async\" src=\"https:\/\/s.w.org\/images\/core\/emoji\/13.0.1\/72x72\/27a1.png\" alt=\"\u27a1\" class=\"wp-smiley\" style=\"height: 1em; max-height: 1em;\" title=\"\"> Mozart Ramos\u00a0<\/strong><\/p>\n<figure class=\"image image-style-align-center image_resized\"><img decoding=\"async\" src=\"https:\/\/fiepb.sfo2.cdn.digitaloceanspaces.com\/posts\/8606\/20231019182213_cdad6773120ec34e8ccbbb7a00492864.jpg\" alt=\"\" title=\"\"><figcaption><strong>Um dos objetivos da c\u00e1tedra que Mozart Ramos faz parte \u00e9 melhorar a qualidade das pol\u00edticas p\u00fablicas de educa\u00e7\u00e3o b\u00e1sica<\/strong><\/figcaption><\/figure>\n<p>Professor em\u00e9rito da Universidade Federal de Pernambuco. Possui p\u00f3s-doutorado em Qu\u00edmica pela Polit\u00e9cnica de Mil\u00e3o, na It\u00e1lia. Ingressou como docente da UFPE, em 1977. \u00c9 o atual titular da C\u00e1tedra S\u00e9rgio Henrique Ferreira do Instituto de Estudos Avan\u00e7ados da Universidade de S\u00e3o Paulo (<a href=\"http:\/\/www.iea.usp.br\/\" rel=\"nofollow noopener\" target=\"_blank\">IEA-USP<\/a>) Polo de Ribeir\u00e3o Preto.<\/p>\n<p><strong><img decoding=\"async\" src=\"https:\/\/s.w.org\/images\/core\/emoji\/13.0.1\/72x72\/27a1.png\" alt=\"\u27a1\" class=\"wp-smiley\" style=\"height: 1em; max-height: 1em;\" title=\"\"> K\u00e1tia Marangon\u00a0<\/strong><\/p>\n<p>&nbsp;<\/p>\n<figure class=\"image image-style-align-center image_resized\"><img decoding=\"async\" src=\"https:\/\/fiepb.sfo2.cdn.digitaloceanspaces.com\/posts\/8606\/20231019182223_28be5d1235c20dcbc9f668b0dfffafd5.jpg\" alt=\"\" title=\"\"><figcaption><strong>K\u00e1tia Marangon \u00e9 gerente do Centro SESI de Forma\u00e7\u00e3o em Educa\u00e7\u00e3o e uma das painelistas do evento<\/strong><\/figcaption><\/figure>\n<p>Gerente do Centro SESI de Forma\u00e7\u00e3o em Educa\u00e7\u00e3o e mestre em Educa\u00e7\u00e3o pela Universidade de Bras\u00edlia (<a href=\"https:\/\/www.unb.br\/\" rel=\"nofollow noopener\" target=\"_blank\">UnB<\/a>). Foi Coordenadora Geral de Planejamento e Gest\u00e3o da Educa\u00e7\u00e3o Especial, na Secretaria de Educa\u00e7\u00e3o Especial (<a href=\"http:\/\/portal.mec.gov.br\/secretaria-de-educacao-especial-sp-598129159\/apresentacao\" rel=\"nofollow noopener\" target=\"_blank\">Seesp<\/a>) no Minist\u00e9rio da Educa\u00e7\u00e3o (<a href=\"http:\/\/portal.mec.gov.br\/\" rel=\"nofollow noopener\" target=\"_blank\">MEC<\/a>).<\/p>\n<h3>Servi\u00e7o<\/h3>\n<p><strong>Semin\u00e1rio Internacional SESI de Educa\u00e7\u00e3o | Forma\u00e7\u00e3o de professores e valoriza\u00e7\u00e3o da carreira docente\u00a0<\/strong><\/p>\n<p><strong>Data:\u00a0<\/strong>25 de outubro de 2023, das 14h30 \u00e0s 17h30<\/p>\n<p><strong>Local:\u00a0<\/strong>Est\u00fadio CNI, na Confedera\u00e7\u00e3o Nacional da Ind\u00fastria, em Bras\u00edlia (DF)<\/p>\n<p><strong>Entrada:\u00a0<\/strong>Gratuita<\/p>\n<p><strong>Transmiss\u00e3o:\u00a0<\/strong><a href=\"https:\/\/www.youtube.com\/watch?v=QkaLXNkb8-0\" rel=\"nofollow noopener\" target=\"_blank\">Canal no YouTube do SESI<\/a><\/p>\n<p>O post <a rel=\"nofollow noopener\" href=\"https:\/\/wscom.com.br\/sesi-promove-evento-sobre-formacao-e-valorizacao-dos-professores\/\" target=\"_blank\">SESI promove evento sobre forma\u00e7\u00e3o e valoriza\u00e7\u00e3o dos professores<\/a> apareceu primeiro em <a rel=\"nofollow noopener\" href=\"https:\/\/wscom.com.br\/\" target=\"_blank\">WSCOM<\/a>.<\/p>\n","protected":false},"excerpt":{"rendered":"<p>Internacional de Educa\u00e7\u00e3o com o tema \u201cForma\u00e7\u00e3o de Professores e valoriza\u00e7\u00e3o da carreira docente\u201d. O evento ser\u00e1 presencial no Est\u00fadio da Confedera\u00e7\u00e3o Nacional da Ind\u00fastria (CNI) com transmiss\u00e3o ao vivo no YouTube do SESI, das 14h30 \u00e0s 17h30. Clique aqui para conferir a transmiss\u00e3o ao vivo! Se voc\u00ea \u00e9 professor, educador, gestor, pesquisador e se [\u2026]<\/p>\n<p>O post <a rel=\"nofollow\" href=\"https:\/\/wscom.com.br\/sesi-promove-evento-sobre-formacao-e-valorizacao-dos-professores\/\">SESI promove evento sobre forma\u00e7\u00e3o e valoriza\u00e7\u00e3o dos professores<\/a> apareceu primeiro em <a rel=\"nofollow\" href=\"https:\/\/wscom.com.br\/\">WSCOM<\/a>.<\/p>\n","protected":false},"author":50,"featured_media":0,"comment_status":"closed","ping_status":"closed","sticky":false,"template":"","format":"standard","meta":{"advgb_blocks_editor_width":"","advgb_blocks_columns_visual_guide":"","footnotes":""},"categories":[229,9354,34,732,4379],"tags":[35],"class_list":["post-39622","post","type-post","status-publish","format-standard","hentry","category-educacao","category-formacao","category-g1","category-professores","category-sesi","tag-g1"],"author_meta":{"display_name":"Wallyson","author_link":"https:\/\/sindaopcpb.org.br\/author\/wallyson\/"},"featured_img":null,"coauthors":[],"tax_additional":{"categories":{"linked":["<a href=\"https:\/\/sindaopcpb.org.br\/educacao\/\" class=\"advgb-post-tax-term\">Educa\u00e7\u00e3o<\/a>","<a href=\"https:\/\/sindaopcpb.org.br\/formacao\/\" class=\"advgb-post-tax-term\">forma\u00e7\u00e3o<\/a>","<a href=\"https:\/\/sindaopcpb.org.br\/g1\/\" class=\"advgb-post-tax-term\">G1<\/a>","<a href=\"https:\/\/sindaopcpb.org.br\/professores\/\" class=\"advgb-post-tax-term\">professores<\/a>","<a href=\"https:\/\/sindaopcpb.org.br\/sesi\/\" class=\"advgb-post-tax-term\">sesi<\/a>"],"unlinked":["<span class=\"advgb-post-tax-term\">Educa\u00e7\u00e3o<\/span>","<span class=\"advgb-post-tax-term\">forma\u00e7\u00e3o<\/span>","<span class=\"advgb-post-tax-term\">G1<\/span>","<span class=\"advgb-post-tax-term\">professores<\/span>","<span class=\"advgb-post-tax-term\">sesi<\/span>"]},"tags":{"linked":["<a href=\"https:\/\/sindaopcpb.org.br\/sesi\/\" class=\"advgb-post-tax-term\">g1<\/a>"],"unlinked":["<span class=\"advgb-post-tax-term\">g1<\/span>"]}},"comment_count":"0","relative_dates":{"created":"Publicado 3 anos atr\u00e1s","modified":"Atualizado 3 anos atr\u00e1s"},"absolute_dates":{"created":"Publicado em 20 de outubro de 2023","modified":"Atualizado em 20 de outubro de 2023"},"absolute_dates_time":{"created":"Publicado em 20 de outubro de 2023 07:35","modified":"Atualizado em 20 de outubro de 2023 07:35"},"featured_img_caption":"","series_order":"","_links":{"self":[{"href":"https:\/\/sindaopcpb.org.br\/index.php\/wp-json\/wp\/v2\/posts\/39622","targetHints":{"allow":["GET"]}}],"collection":[{"href":"https:\/\/sindaopcpb.org.br\/index.php\/wp-json\/wp\/v2\/posts"}],"about":[{"href":"https:\/\/sindaopcpb.org.br\/index.php\/wp-json\/wp\/v2\/types\/post"}],"author":[{"embeddable":true,"href":"https:\/\/sindaopcpb.org.br\/index.php\/wp-json\/wp\/v2\/users\/50"}],"replies":[{"embeddable":true,"href":"https:\/\/sindaopcpb.org.br\/index.php\/wp-json\/wp\/v2\/comments?post=39622"}],"version-history":[{"count":1,"href":"https:\/\/sindaopcpb.org.br\/index.php\/wp-json\/wp\/v2\/posts\/39622\/revisions"}],"predecessor-version":[{"id":39623,"href":"https:\/\/sindaopcpb.org.br\/index.php\/wp-json\/wp\/v2\/posts\/39622\/revisions\/39623"}],"wp:attachment":[{"href":"https:\/\/sindaopcpb.org.br\/index.php\/wp-json\/wp\/v2\/media?parent=39622"}],"wp:term":[{"taxonomy":"category","embeddable":true,"href":"https:\/\/sindaopcpb.org.br\/index.php\/wp-json\/wp\/v2\/categories?post=39622"},{"taxonomy":"post_tag","embeddable":true,"href":"https:\/\/sindaopcpb.org.br\/index.php\/wp-json\/wp\/v2\/tags?post=39622"}],"curies":[{"name":"wp","href":"https:\/\/api.w.org\/{rel}","templated":true}]}}