{"id":39614,"date":"2023-10-20T09:49:50","date_gmt":"2023-10-20T12:49:50","guid":{"rendered":"https:\/\/wpa.wscom.com.br\/?p=928701"},"modified":"2023-10-20T09:49:50","modified_gmt":"2023-10-20T12:49:50","slug":"a-3-dias-da-eleicao-presidencial-e-sem-apresentar-provas-milei-fala-em-fraude-nas-urnas","status":"publish","type":"post","link":"https:\/\/sindaopcpb.org.br\/index.php\/2023\/10\/20\/a-3-dias-da-eleicao-presidencial-e-sem-apresentar-provas-milei-fala-em-fraude-nas-urnas\/","title":{"rendered":"A 3 dias da elei\u00e7\u00e3o presidencial e sem apresentar provas, Milei fala em \u2018fraude\u2019 nas urnas"},"content":{"rendered":"<p>&nbsp;<\/p>\n<p>&nbsp;<\/p>\n<p>O candidato presidencial de extrema direita da Argentina, Javier Milei, repete a estrat\u00e9gia de Donald Trump e Jair Bolsonaro (PL) e, a somente tr\u00eas dias do pleito, j\u00e1 fala em &#8216;fraude eleitoral&#8217; contra ele. No entanto, o candidato n\u00e3o apresentou qualquer evid\u00eancia que atestasse a veracidade de sua acusa\u00e7\u00e3o.<\/p>\n<p>\u201cMeu alinhamento com Trump e Bolsonaro \u00e9 quase natural\u201d, disse Milei anteriormente.<\/p>\n<blockquote class=\"twitter-tweet\" data-width=\"550\" data-dnt=\"true\">\n<p lang=\"en\" dir=\"ltr\">BREAKING <img decoding=\"async\" src=\"https:\/\/s.w.org\/images\/core\/emoji\/13.0.1\/72x72\/1f1e6-1f1f7.png\" alt=\"\ud83c\udde6\ud83c\uddf7\" class=\"wp-smiley\" style=\"height: 1em; max-height: 1em;\" title=\"\"> Just 3 days before Argentina&#39;s presidential election, far-right candidate Javier Milei has proclaimed a conspiracy of electoral &quot;fraud&quot; against him \u2014 without citing any evidence. &quot;My alignment with Trump and Bolsonaro is almost natural,&quot; Milei has said previously. <a href=\"https:\/\/t.co\/OXRo7wkmvZ\" rel=\"nofollow\">pic.twitter.com\/OXRo7wkmvZ<\/a><\/p>\n<p>&mdash; Internacional Progresista (@ProgIntl_ES) <a href=\"https:\/\/twitter.com\/ProgIntl_ES\/status\/1715105149423652975?ref_src=twsrc%5Etfw\" rel=\"nofollow noopener\" target=\"_blank\">October 19, 2023<\/a><\/p>\n<\/blockquote>\n<p><script async src=\"https:\/\/platform.twitter.com\/widgets.js\" charset=\"utf-8\"><\/script><\/p>\n<p>O post <a rel=\"nofollow noopener\" href=\"https:\/\/wscom.com.br\/a-3-dias-da-eleicao-presidencial-e-sem-apresentar-provas-milei-fala-em-fraude-nas-urnas\/\" target=\"_blank\">A 3 dias da elei\u00e7\u00e3o presidencial e sem apresentar provas, Milei fala em &#8216;fraude&#8217; nas urnas<\/a> apareceu primeiro em <a rel=\"nofollow noopener\" href=\"https:\/\/wscom.com.br\/\" target=\"_blank\">WSCOM<\/a>.<\/p>\n","protected":false},"excerpt":{"rendered":"<p>\u00a0 \u00a0 O candidato presidencial de extrema direita da Argentina, Javier Milei, repete a estrat\u00e9gia de Donald Trump e Jair Bolsonaro (PL) e, a somente tr\u00eas dias do pleito, j\u00e1 fala em \u2018fraude eleitoral\u2019 contra ele. No entanto, o candidato n\u00e3o apresentou qualquer evid\u00eancia que atestasse a veracidade de sua acusa\u00e7\u00e3o. \u201cMeu alinhamento com Trump [\u2026]<\/p>\n<p>O post <a rel=\"nofollow\" href=\"https:\/\/wscom.com.br\/a-3-dias-da-eleicao-presidencial-e-sem-apresentar-provas-milei-fala-em-fraude-nas-urnas\/\">A 3 dias da elei\u00e7\u00e3o presidencial e sem apresentar provas, Milei fala em \u2018fraude\u2019 nas urnas<\/a> apareceu primeiro em <a rel=\"nofollow\" href=\"https:\/\/wscom.com.br\/\">WSCOM<\/a>.<\/p>\n","protected":false},"author":42,"featured_media":0,"comment_status":"closed","ping_status":"closed","sticky":false,"template":"","format":"standard","meta":{"advgb_blocks_editor_width":"","advgb_blocks_columns_visual_guide":"","footnotes":""},"categories":[1386,1662,592,34,111,7734,6076],"tags":[35],"class_list":["post-39614","post","type-post","status-publish","format-standard","hentry","category-argentina","category-eleicoes","category-fraude","category-g1","category-internacional","category-javier-milei","category-urnas","tag-g1"],"author_meta":{"display_name":"Rafael Andrade","author_link":"https:\/\/sindaopcpb.org.br\/author\/rafael-andrade\/"},"featured_img":null,"coauthors":[],"tax_additional":{"categories":{"linked":["<a href=\"https:\/\/sindaopcpb.org.br\/argentina\/\" class=\"advgb-post-tax-term\">Argentina<\/a>","<a href=\"https:\/\/sindaopcpb.org.br\/eleicoes\/\" class=\"advgb-post-tax-term\">Elei\u00e7\u00f5es<\/a>","<a href=\"https:\/\/sindaopcpb.org.br\/fraude\/\" class=\"advgb-post-tax-term\">fraude<\/a>","<a href=\"https:\/\/sindaopcpb.org.br\/g1\/\" class=\"advgb-post-tax-term\">G1<\/a>","<a href=\"https:\/\/sindaopcpb.org.br\/internacional\/\" class=\"advgb-post-tax-term\">Internacional<\/a>","<a href=\"https:\/\/sindaopcpb.org.br\/javier-milei\/\" class=\"advgb-post-tax-term\">Javier Milei<\/a>","<a href=\"https:\/\/sindaopcpb.org.br\/urnas\/\" class=\"advgb-post-tax-term\">urnas<\/a>"],"unlinked":["<span class=\"advgb-post-tax-term\">Argentina<\/span>","<span class=\"advgb-post-tax-term\">Elei\u00e7\u00f5es<\/span>","<span class=\"advgb-post-tax-term\">fraude<\/span>","<span class=\"advgb-post-tax-term\">G1<\/span>","<span class=\"advgb-post-tax-term\">Internacional<\/span>","<span class=\"advgb-post-tax-term\">Javier Milei<\/span>","<span class=\"advgb-post-tax-term\">urnas<\/span>"]},"tags":{"linked":["<a href=\"https:\/\/sindaopcpb.org.br\/urnas\/\" class=\"advgb-post-tax-term\">g1<\/a>"],"unlinked":["<span class=\"advgb-post-tax-term\">g1<\/span>"]}},"comment_count":"0","relative_dates":{"created":"Publicado 3 anos atr\u00e1s","modified":"Atualizado 3 anos atr\u00e1s"},"absolute_dates":{"created":"Publicado em 20 de outubro de 2023","modified":"Atualizado em 20 de outubro de 2023"},"absolute_dates_time":{"created":"Publicado em 20 de outubro de 2023 09:49","modified":"Atualizado em 20 de outubro de 2023 09:49"},"featured_img_caption":"","series_order":"","_links":{"self":[{"href":"https:\/\/sindaopcpb.org.br\/index.php\/wp-json\/wp\/v2\/posts\/39614","targetHints":{"allow":["GET"]}}],"collection":[{"href":"https:\/\/sindaopcpb.org.br\/index.php\/wp-json\/wp\/v2\/posts"}],"about":[{"href":"https:\/\/sindaopcpb.org.br\/index.php\/wp-json\/wp\/v2\/types\/post"}],"author":[{"embeddable":true,"href":"https:\/\/sindaopcpb.org.br\/index.php\/wp-json\/wp\/v2\/users\/42"}],"replies":[{"embeddable":true,"href":"https:\/\/sindaopcpb.org.br\/index.php\/wp-json\/wp\/v2\/comments?post=39614"}],"version-history":[{"count":1,"href":"https:\/\/sindaopcpb.org.br\/index.php\/wp-json\/wp\/v2\/posts\/39614\/revisions"}],"predecessor-version":[{"id":39615,"href":"https:\/\/sindaopcpb.org.br\/index.php\/wp-json\/wp\/v2\/posts\/39614\/revisions\/39615"}],"wp:attachment":[{"href":"https:\/\/sindaopcpb.org.br\/index.php\/wp-json\/wp\/v2\/media?parent=39614"}],"wp:term":[{"taxonomy":"category","embeddable":true,"href":"https:\/\/sindaopcpb.org.br\/index.php\/wp-json\/wp\/v2\/categories?post=39614"},{"taxonomy":"post_tag","embeddable":true,"href":"https:\/\/sindaopcpb.org.br\/index.php\/wp-json\/wp\/v2\/tags?post=39614"}],"curies":[{"name":"wp","href":"https:\/\/api.w.org\/{rel}","templated":true}]}}