{"id":39567,"date":"2023-10-19T19:22:59","date_gmt":"2023-10-19T22:22:59","guid":{"rendered":"https:\/\/g1.globo.com\/pb\/paraiba\/noticia\/2023\/10\/19\/obras-inacabadas-hospital-inaugurado-incompleto-e-postos-de-saude-abandonados-deixam-moradores-indignados.ghtml"},"modified":"2023-10-19T19:22:59","modified_gmt":"2023-10-19T22:22:59","slug":"obras-inacabadas-hospital-inaugurado-incompleto-e-postos-de-saude-abandonados-deixam-moradores-indignados","status":"publish","type":"post","link":"https:\/\/sindaopcpb.org.br\/index.php\/2023\/10\/19\/obras-inacabadas-hospital-inaugurado-incompleto-e-postos-de-saude-abandonados-deixam-moradores-indignados\/","title":{"rendered":"Obras Inacabadas: hospital inaugurado incompleto e postos de sa\u00fade abandonados deixam moradores indignados"},"content":{"rendered":"   <img src=\"https:\/\/s2.glbimg.com\/aVDUEx0renALaBykVdTPDo12jxU=\/i.s3.glbimg.com\/v1\/AUTH_59edd422c0c84a879bd37670ae4f538a\/internal_photos\/bs\/2023\/w\/U\/b09lOBTva9sd3li6ZERQ\/posto-1.jpg\" \/><br \/>     Veja como o descaso com obras inacabadas prejudica a popula\u00e7\u00e3o de Santa Rita e de Campina Grande, e tamb\u00e9m consome recursos dos cofres p\u00fablicos.\n Um hospital que visa beneficiar crian\u00e7as e adolescentes de Campina Grande e regi\u00e3o e que teve somente a fachada e a entrada inaugurado \u2014 mas ainda n\u00e3o aberto para o p\u00fablico. Quatro postos de sa\u00fade que come\u00e7aram a ser constru\u00eddos no mesmo pacote de obra, em Santa Rita, mas cujas constru\u00e7\u00f5es est\u00e3o literalmente tomadas pelo mato. Obras inacabadas, denunciadas pelos moradores, que ficam indignados com o descaso com o dinheiro p\u00fablico.\nEsta \u00e9 a terceira parte da s\u00e9rie do JPB2, \u201cObras Inacabadas: 2\u00aa Temporada\u201d, em que os rep\u00f3rteres Laerte Cerqueira e Beto Silva viajaram por 11 cidades, do Litoral ao Sert\u00e3o, visando averiguar obras que foram iniciadas por gestores p\u00fablicos, mas que nunca foram finalizadas, representando um grave preju\u00edzo de dinheiro p\u00fablico. As reportagens desta nova temporada foram baseadas em mensagens enviadas pelos telespectadores dos telejornais da Rede Para\u00edba de Comunica\u00e7\u00e3o, durante a exibi\u00e7\u00e3o e ap\u00f3s o fim da primeira temporada da s\u00e9rie, que foi ao ar em julho de 2023.\nObras Inacabadas - 2\u00aa Temporada\nAtrasos fazem com que popula\u00e7\u00e3o precise viajar para ter atendimento m\u00e9dico\nM\u00e3es deixam de trabalhar para cuidar dos filhos por falta de conclus\u00e3o em constru\u00e7\u00e3o de creches\nQuatro postos de sa\u00fade inacabados na mesma cidade\nUm dos quatro postos de sa\u00fade inacabados em Santa Rita, na Para\u00edba\nTV Cabo Branco\nA aut\u00f4noma Cec\u00edlia Alexandre mora no bairro Vidal de Negreiros, em Santa Rita, Regi\u00e3o Metropolitana de Jo\u00e3o Pessoa. Na frente da casa dela, que fica em uma \u00e1rea populosa da cidade, a estrutura de um posto de sa\u00fade que come\u00e7ou a ser feito mas ficou abandonado h\u00e1 nove anos. Enquanto isso, ela precisa se virar em um posto de outro bairro.\n\u201cO atendimento nos postos aqui \u00e9 p\u00e9ssimo. Vai em um dia pegar ficha e ser atendido no outro. Muitas vezes a gente vai e n\u00e3o \u00e9 atendido, est\u00e1 faltando m\u00e9dico. \u00c9 muito dif\u00edcil, porque a gente n\u00e3o tem condi\u00e7\u00e3o de todo m\u00eas pagar um m\u00e9dico particular\u201d, diz Cec\u00edlia. \nPaulo Martins, que tamb\u00e9m \u00e9 aut\u00f4nomo, foi quem mandou a mensagem para a equipe de reportagem explicando a situa\u00e7\u00e3o. Ele est\u00e1 revoltado com o atraso na conclus\u00e3o da obra.\n\u201c\u00c9 muito dinheiro p\u00fablico sendo gasto, sem o devido acompanhamento t\u00e9cnico, para que de fato possa concluir e servir a popula\u00e7\u00e3o. Isso aqui \u00e9 uma unidade de sa\u00fade, setor deficit\u00e1rio, com tantos problemas, e uma obra como essa ficar pelo caminho nos causa tristeza, revolta e indigna\u00e7\u00e3o. A obra n\u00e3o \u00e9 da gest\u00e3o, ela na verdade pertence ao povo. Qualquer gestor que esteja no comando tem que ter a responsabilidade, e principalmente a sensibilidade, de n\u00e3o deixar uma obra dessas parada\u201d, diz. \nNa obra, paredes que deveriam abrigar pessoas veem o mato crescendo\nTV Cabo Branco\nNo local dessa obra, al\u00e9m de algumas paredes levantadas e laje feita, mato. O posto de sa\u00fade do bairro Vidal de Negreiros foi or\u00e7ado em R$ 462 mil, e come\u00e7ou a ser feito em dezembro de 2014. A previs\u00e3o era de conclus\u00e3o em seis meses, mas ficou parado com apenas 30% de execu\u00e7\u00e3o.\nJ\u00e1 no bairro Eitel Santiago, tamb\u00e9m em Santa Rita, o investimento previsto para o posto de sa\u00fade era de pouco mais de R$ 400 mil. Mais de R$ 300 mil foram pagos e a obra est\u00e1 com 70% de execu\u00e7\u00e3o. Depois disso parou, e com a destrui\u00e7\u00e3o causada pelo tempo, provavelmente a porcentagem vai diminuir e muita coisa vai ter que ser refeita. \nUm dos postos que tiveram obra descontinuada em Santa Rita, na Para\u00edba\nTV Cabo Branco\nA estrutura est\u00e1 comprometida em alguns lugares. Em uma das salas, n\u00e3o h\u00e1 telhado, apenas a laje com infiltra\u00e7\u00e3o e rachaduras. Ao lado, uma parede trincada, prestes a cair, pois do outro lado dela, onde seria outra sala, a laje j\u00e1 caiu.  \nGilson Machado, que \u00e9 aut\u00f4nomo, mora dentro do pr\u00e9dio desde 2017, e espera a prefeitura doar uma casa prometida a ele depois da obra ser retomada. \u201cDisseram: \u2018qualquer coisa procure, uma cesta b\u00e1sica, um custo financeiro, e quando a gente precisar do pr\u00e9dio, o senhor tem direito de uma casa\u201d, contou. At\u00e9 agora, segundo ele, nada. \nGilson Machado mora na estrutura que deveria ser posto de sa\u00fade em Santa Rita\nTV Cabo Branco\nO aposentado Otac\u00edlio Jos\u00e9 de Lima viu a obra caindo aos peda\u00e7os aos poucos, e se lembrou do pagamento de impostos. \n\u201cQuando a gente vai comprar uma casa, o imposto a gente j\u00e1 paga. Esse pr\u00e9dio est\u00e1 a\u00ed h\u00e1 anos, mas est\u00e1 entregue \u00e0s baratas. N\u00e3o tem estrutura nenhuma, s\u00f3 levantaram as paredes e pronto\u201d, contou. \nSanta Rita tem quatro Postos de Sa\u00fade da Fam\u00edlia (PSFs) nesta mesma situa\u00e7\u00e3o. Al\u00e9m dos postos do Vidal de Negreiros e do Eitel Santiago, obras inacabadas tamb\u00e9m est\u00e3o nos bairros Augustol\u00e2ndia e Marcos Moura. \nJ\u00e1 foram gastos quase R$ 1 milh\u00e3o, metade do valor previsto para a conclus\u00e3o desse pacote de obras que foi prometido em 2014. A gest\u00e3o atual da prefeitura de Santa Rita diz que as obras s\u00e3o legado de gest\u00f5es anteriores, e se negou a fornecer informa\u00e7\u00f5es. Disse apenas, em nota, que vai concluir as unidades com recursos pr\u00f3prios, mas n\u00e3o deu prazo. \nHospital inacabado e investigado pelo Minist\u00e9rio P\u00fablico\nImagens mostram n\u00e3o conclus\u00e3o de obra em Campina Grande\nTV Cabo Branco\nApesar do tapume e do mato, quem passa pela Avenida Floriano Peixoto, em Campina Grande, e v\u00ea a constru\u00e7\u00e3o do Hospital da Crian\u00e7a e do Adolescente imagina que a obra est\u00e1 bem avan\u00e7ada, por causa da fachada. Mas \u00e9 s\u00f3 a fachada. Ao olhar de cima e por tr\u00e1s do canteiro de obras, o cen\u00e1rio \u00e9 bem diferente: muita coisa para fazer e muitas outras que precisam ser refeitas. \n\u201cAs m\u00e1quinas chegaram rapidinho, fizeram a limpeza do terreno e come\u00e7aram a constru\u00e7\u00e3o. Teve dia de ter gente na obra at\u00e9 meia noite e a gente acreditou realmente que ia sair o hospital. Do nada, parou a constru\u00e7\u00e3o e est\u00e1 a\u00ed desse jeito\u201d, conta Janailton de Sousa Ara\u00fajo, t\u00e9cnico em seguran\u00e7a eletr\u00f4nica. \nA ordem de servi\u00e7o foi assinada em abril de 2019. A primeira parte da obra foi inaugurada com festa em dezembro de 2020, no fim da gest\u00e3o do ex-prefeito Romero Rodrigues, mas a unidade nunca chegou a funcionar.  \nA obra custou mais de R$ 6,2 milh\u00f5es, sendo R$ 4,9 milh\u00f5es de um contrato inicial e mais R$ 1,2 milh\u00e3o de um aditivo. Uma investiga\u00e7\u00e3o do Minist\u00e9rio P\u00fablico da Para\u00edba (MPPB) apura por que o hospital n\u00e3o est\u00e1 pronto mesmo com todos os pagamentos feitos. \nTudo est\u00e1 sob sigilo, e por causa disso, a Controladoria Geral do Munic\u00edpio se negou a fornecer informa\u00e7\u00f5es de relat\u00f3rios de auditorias, agora j\u00e1 na gest\u00e3o atual de Bruno Cunha Lima. O \u00f3rg\u00e3o tamb\u00e9m n\u00e3o entregou documentos nem deu explica\u00e7\u00f5es solicitadas pela Lei de Acesso \u00e0 Informa\u00e7\u00e3o.\nPor\u00e9m, tivemos acesso aos relat\u00f3rios, que n\u00e3o podem ser exibidos por causa do sigilo. Eles revelam que a Controladoria identificou um preju\u00edzo de R$ 426 mil com o uso de material de m\u00e1 qualidade, fora da norma, e diferente do que foi licitado. S\u00e3o portas, pisos, madeiras que sustentam o teto, e outros materiais. Al\u00e9m disso, a planilha tamb\u00e9m mostra que h\u00e1 uma diferen\u00e7a n\u00e3o explicada de R$ 2 milh\u00f5es entre o que foi pago \u00e0 empresa e o que foi executado. \nMato toma conta de estrutura que deveria ser unidade de sa\u00fade em Campina Grande\nTV Cabo Branco\nEm nota, o ex-secret\u00e1rio de sa\u00fade de Campina Grande, Filipe Reul, informou que a obra foi iniciada em 2018, e que quando assumiu a pasta, em 2020, deu andamento \u00e0 obra de acordo com o projeto licitado. Ele explicou ainda que a pandemia de Covid-19 imp\u00f4s empecilhos \u00e0 constru\u00e7\u00e3o, com os decretos de suspens\u00e3o das atividades da constru\u00e7\u00e3o civil, e com o aumento do valor da mat\u00e9ria-prima. \nNo texto, o ex-gestor da pasta disse que consultou o Tribunal de Contas do Estado da Para\u00edba para saber como proceder em rela\u00e7\u00e3o ao aditivo qualitativo e quantitativo no contrato da obra para o reajuste dos pre\u00e7os dos produtos, e o \u00f3rg\u00e3o deu parecer positivo. A parte inaugurada, segundo ele, compreende a estrutura ambulatorial e de leitos. \nUm dos s\u00f3cios da empresa OESP Engenharia, respons\u00e1vel pela obra, negou qualquer irregularidade, e afirmou que a licita\u00e7\u00e3o foi feita em cima de um projeto, mas que no decorrer da obra houve um aumento de \u00e1rea e que, segundo ele, o que foi licitado foi executado. \nA promotoria do Patrim\u00f4nio P\u00fablico da cidade n\u00e3o vai se pronunciar at\u00e9 o fim das investiga\u00e7\u00f5es. \nEm acordo com o MPPB, a gest\u00e3o atual da prefeitura apresentou um novo projeto. O \u00f3rg\u00e3o quer aproveitar o que foi feito, mas ampliar os servi\u00e7os.\n\u201cExiste uma consolida\u00e7\u00e3o formada de que o Instituto de Sa\u00fade Elp\u00eddio de Almeida (Isea) n\u00e3o tem mais capacidade nenhuma de ser ampliado, e o Isea \u00e9 uma estrutura hospitalar que atende a rede materna de Campina Grande e dos munic\u00edpios vizinhos. Diante dessa necessidade de se concluir a estrutura voltada para o atendimento da crian\u00e7a e do adolescente, a atual gest\u00e3o pensou em [o pr\u00e9dio] ser muito mais do que o que foi planejado l\u00e1 atr\u00e1s. A gente vai ter, al\u00e9m do atendimento da crian\u00e7a e adolescente, o atendimento materno e infantil. Ent\u00e3o n\u00f3s vamos concentrar nessa estrutura, nesse complexo, toda a carga de atendimento que temos hoje no Isea e no Hospital da Crian\u00e7a,\u201d explicou o secret\u00e1rio executivo de Sa\u00fade de Campina Grande, Emanuel de Sousa. \nV\u00eddeos mais assistidos da Para\u00edba  ","protected":false},"excerpt":{"rendered":"<p>        Veja como o descaso com obras inacabadas prejudica a popula\u00e7\u00e3o de Santa Rita e de Campina Grande, e tamb\u00e9m consome recursos dos cofres p\u00fablicos.<br \/>\n Um hospital que visa beneficiar crian\u00e7as e adolescentes de Campina Grande e regi\u00e3o e que teve some&#8230;<\/p>\n","protected":false},"author":2,"featured_media":0,"comment_status":"closed","ping_status":"closed","sticky":false,"template":"","format":"standard","meta":{"advgb_blocks_editor_width":"","advgb_blocks_columns_visual_guide":"","footnotes":""},"categories":[34],"tags":[35],"class_list":["post-39567","post","type-post","status-publish","format-standard","hentry","category-g1","tag-g1"],"author_meta":{"display_name":"g1 &gt; Para\u00edba","author_link":"https:\/\/sindaopcpb.org.br\/author\/g1-paraiba\/"},"featured_img":null,"coauthors":[],"tax_additional":{"categories":{"linked":["<a href=\"https:\/\/sindaopcpb.org.br\/g1\/\" class=\"advgb-post-tax-term\">G1<\/a>"],"unlinked":["<span class=\"advgb-post-tax-term\">G1<\/span>"]},"tags":{"linked":["<a href=\"https:\/\/sindaopcpb.org.br\/g1\/\" class=\"advgb-post-tax-term\">g1<\/a>"],"unlinked":["<span class=\"advgb-post-tax-term\">g1<\/span>"]}},"comment_count":"0","relative_dates":{"created":"Publicado 3 anos atr\u00e1s","modified":"Atualizado 3 anos atr\u00e1s"},"absolute_dates":{"created":"Publicado em 19 de outubro de 2023","modified":"Atualizado em 19 de outubro de 2023"},"absolute_dates_time":{"created":"Publicado em 19 de outubro de 2023 19:22","modified":"Atualizado em 19 de outubro de 2023 19:22"},"featured_img_caption":"","series_order":"","_links":{"self":[{"href":"https:\/\/sindaopcpb.org.br\/index.php\/wp-json\/wp\/v2\/posts\/39567","targetHints":{"allow":["GET"]}}],"collection":[{"href":"https:\/\/sindaopcpb.org.br\/index.php\/wp-json\/wp\/v2\/posts"}],"about":[{"href":"https:\/\/sindaopcpb.org.br\/index.php\/wp-json\/wp\/v2\/types\/post"}],"author":[{"embeddable":true,"href":"https:\/\/sindaopcpb.org.br\/index.php\/wp-json\/wp\/v2\/users\/2"}],"replies":[{"embeddable":true,"href":"https:\/\/sindaopcpb.org.br\/index.php\/wp-json\/wp\/v2\/comments?post=39567"}],"version-history":[{"count":2,"href":"https:\/\/sindaopcpb.org.br\/index.php\/wp-json\/wp\/v2\/posts\/39567\/revisions"}],"predecessor-version":[{"id":39609,"href":"https:\/\/sindaopcpb.org.br\/index.php\/wp-json\/wp\/v2\/posts\/39567\/revisions\/39609"}],"wp:attachment":[{"href":"https:\/\/sindaopcpb.org.br\/index.php\/wp-json\/wp\/v2\/media?parent=39567"}],"wp:term":[{"taxonomy":"category","embeddable":true,"href":"https:\/\/sindaopcpb.org.br\/index.php\/wp-json\/wp\/v2\/categories?post=39567"},{"taxonomy":"post_tag","embeddable":true,"href":"https:\/\/sindaopcpb.org.br\/index.php\/wp-json\/wp\/v2\/tags?post=39567"}],"curies":[{"name":"wp","href":"https:\/\/api.w.org\/{rel}","templated":true}]}}