{"id":39557,"date":"2023-10-19T18:49:38","date_gmt":"2023-10-19T21:49:38","guid":{"rendered":"https:\/\/wpa.wscom.com.br\/?p=928630"},"modified":"2023-10-19T18:49:38","modified_gmt":"2023-10-19T21:49:38","slug":"bruno-roberto-diz-que-pode-ser-o-candidato-do-pl-para-disputar-a-prefeitura-de-campina-em-2024","status":"publish","type":"post","link":"https:\/\/sindaopcpb.org.br\/index.php\/2023\/10\/19\/bruno-roberto-diz-que-pode-ser-o-candidato-do-pl-para-disputar-a-prefeitura-de-campina-em-2024\/","title":{"rendered":"Bruno Roberto diz que pode ser o candidato do PL para disputar a Prefeitura de Campina em 2024"},"content":{"rendered":"<p>O ex-candidato a senador Bruno Roberto,<span>\u00a0membro do Partido Liberal (PL), anunciou hoje, em uma entrevista \u00e0 r\u00e1dio, sua disposi\u00e7\u00e3o para concorrer \u00e0 Prefeitura de Campina Grande nas elei\u00e7\u00f5es de 2024. Ele enfatizou sua absten\u00e7\u00e3o de vaidades e sua posi\u00e7\u00e3o de submiss\u00e3o, aguardando a orienta\u00e7\u00e3o de Valdemar da Costa, presidente do PL nacional, e do ex-presidente Jair Bolsonaro.<\/span><\/p>\n<p>&#8220;N\u00e3o tenho vaidade alguma e n\u00e3o exijo nenhum tipo de venera\u00e7\u00e3o dizendo que deve ser a minha vez, pelo contr\u00e1rio. Me coloquei \u00e0 disposi\u00e7\u00e3o e em submiss\u00e3o sobre aquilo que determinam que a fachada&#8221;, declarou o pol\u00edtico.<\/p>\n<p><span>Bruno Roberto tamb\u00e9m destacou que o plano estrat\u00e9gico \u00e9 focar em uma campanha bem sucedida em Campina Grande e na elei\u00e7\u00e3o do maior n\u00famero poss\u00edvel de vereadores pelo PL, fortalecendo o projeto partid\u00e1rio para 2026.<\/span><\/p>\n<p>&nbsp;<\/p>\n<p>O post <a rel=\"nofollow noopener\" href=\"https:\/\/wscom.com.br\/bruno-roberto-diz-que-pode-ser-o-candidato-do-pl-para-disputar-a-prefeitura-de-campina-em-2024\/\" target=\"_blank\">Bruno Roberto diz que pode ser o candidato do PL para disputar a Prefeitura de Campina em 2024<\/a> apareceu primeiro em <a rel=\"nofollow noopener\" href=\"https:\/\/wscom.com.br\/\" target=\"_blank\">WSCOM<\/a>.<\/p>\n","protected":false},"excerpt":{"rendered":"<p>O ex-candidato a senador Bruno Roberto,\u00a0membro do Partido Liberal (PL), anunciou hoje, em uma entrevista \u00e0 r\u00e1dio, sua disposi\u00e7\u00e3o para concorrer \u00e0 Prefeitura de Campina Grande nas elei\u00e7\u00f5es de 2024. Ele enfatizou sua absten\u00e7\u00e3o de vaidades e sua posi\u00e7\u00e3o de submiss\u00e3o, aguardando a orienta\u00e7\u00e3o de Valdemar da Costa, presidente do PL nacional, e do ex-presidente [\u2026]<\/p>\n<p>O post <a rel=\"nofollow\" href=\"https:\/\/wscom.com.br\/bruno-roberto-diz-que-pode-ser-o-candidato-do-pl-para-disputar-a-prefeitura-de-campina-em-2024\/\">Bruno Roberto diz que pode ser o candidato do PL para disputar a Prefeitura de Campina em 2024<\/a> apareceu primeiro em <a rel=\"nofollow\" href=\"https:\/\/wscom.com.br\/\">WSCOM<\/a>.<\/p>\n","protected":false},"author":49,"featured_media":0,"comment_status":"closed","ping_status":"closed","sticky":false,"template":"","format":"standard","meta":{"advgb_blocks_editor_width":"","advgb_blocks_columns_visual_guide":"","footnotes":""},"categories":[3255,34,135,510,47,10332],"tags":[35],"class_list":["post-39557","post","type-post","status-publish","format-standard","hentry","category-bruno-roberto","category-g1","category-jair-bolsonaro","category-pl","category-politica","category-valdemar-costa","tag-g1"],"author_meta":{"display_name":"Cristiane Cavalcante","author_link":"https:\/\/sindaopcpb.org.br\/author\/cristiane-cavalcante\/"},"featured_img":null,"coauthors":[],"tax_additional":{"categories":{"linked":["<a href=\"https:\/\/sindaopcpb.org.br\/bruno-roberto\/\" class=\"advgb-post-tax-term\">Bruno roberto<\/a>","<a href=\"https:\/\/sindaopcpb.org.br\/g1\/\" class=\"advgb-post-tax-term\">G1<\/a>","<a href=\"https:\/\/sindaopcpb.org.br\/jair-bolsonaro\/\" class=\"advgb-post-tax-term\">Jair Bolsonaro<\/a>","<a href=\"https:\/\/sindaopcpb.org.br\/pl\/\" class=\"advgb-post-tax-term\">pl<\/a>","<a href=\"https:\/\/sindaopcpb.org.br\/politica\/\" class=\"advgb-post-tax-term\">POLITICA<\/a>","<a href=\"https:\/\/sindaopcpb.org.br\/valdemar-costa\/\" class=\"advgb-post-tax-term\">Valdemar Costa<\/a>"],"unlinked":["<span class=\"advgb-post-tax-term\">Bruno roberto<\/span>","<span class=\"advgb-post-tax-term\">G1<\/span>","<span class=\"advgb-post-tax-term\">Jair Bolsonaro<\/span>","<span class=\"advgb-post-tax-term\">pl<\/span>","<span class=\"advgb-post-tax-term\">POLITICA<\/span>","<span class=\"advgb-post-tax-term\">Valdemar Costa<\/span>"]},"tags":{"linked":["<a href=\"https:\/\/sindaopcpb.org.br\/valdemar-costa\/\" class=\"advgb-post-tax-term\">g1<\/a>"],"unlinked":["<span class=\"advgb-post-tax-term\">g1<\/span>"]}},"comment_count":"0","relative_dates":{"created":"Publicado 3 anos atr\u00e1s","modified":"Atualizado 3 anos atr\u00e1s"},"absolute_dates":{"created":"Publicado em 19 de outubro de 2023","modified":"Atualizado em 19 de outubro de 2023"},"absolute_dates_time":{"created":"Publicado em 19 de outubro de 2023 18:49","modified":"Atualizado em 19 de outubro de 2023 18:49"},"featured_img_caption":"","series_order":"","_links":{"self":[{"href":"https:\/\/sindaopcpb.org.br\/index.php\/wp-json\/wp\/v2\/posts\/39557","targetHints":{"allow":["GET"]}}],"collection":[{"href":"https:\/\/sindaopcpb.org.br\/index.php\/wp-json\/wp\/v2\/posts"}],"about":[{"href":"https:\/\/sindaopcpb.org.br\/index.php\/wp-json\/wp\/v2\/types\/post"}],"author":[{"embeddable":true,"href":"https:\/\/sindaopcpb.org.br\/index.php\/wp-json\/wp\/v2\/users\/49"}],"replies":[{"embeddable":true,"href":"https:\/\/sindaopcpb.org.br\/index.php\/wp-json\/wp\/v2\/comments?post=39557"}],"version-history":[{"count":1,"href":"https:\/\/sindaopcpb.org.br\/index.php\/wp-json\/wp\/v2\/posts\/39557\/revisions"}],"predecessor-version":[{"id":39558,"href":"https:\/\/sindaopcpb.org.br\/index.php\/wp-json\/wp\/v2\/posts\/39557\/revisions\/39558"}],"wp:attachment":[{"href":"https:\/\/sindaopcpb.org.br\/index.php\/wp-json\/wp\/v2\/media?parent=39557"}],"wp:term":[{"taxonomy":"category","embeddable":true,"href":"https:\/\/sindaopcpb.org.br\/index.php\/wp-json\/wp\/v2\/categories?post=39557"},{"taxonomy":"post_tag","embeddable":true,"href":"https:\/\/sindaopcpb.org.br\/index.php\/wp-json\/wp\/v2\/tags?post=39557"}],"curies":[{"name":"wp","href":"https:\/\/api.w.org\/{rel}","templated":true}]}}