{"id":39548,"date":"2023-10-19T17:50:50","date_gmt":"2023-10-19T20:50:50","guid":{"rendered":"https:\/\/www.infomoney.com.br\/?p=2273091"},"modified":"2023-10-19T17:50:50","modified_gmt":"2023-10-19T20:50:50","slug":"regime-especial-alcanca-precatorios-expedidos-antes-de-2009-decide-stf","status":"publish","type":"post","link":"https:\/\/sindaopcpb.org.br\/index.php\/2023\/10\/19\/regime-especial-alcanca-precatorios-expedidos-antes-de-2009-decide-stf\/","title":{"rendered":"Regime especial alcan\u00e7a precat\u00f3rios expedidos antes de 2009, decide STF"},"content":{"rendered":"<p><img loading=\"lazy\" width=\"300\" height=\"179\" src=\"https:\/\/www.infomoney.com.br\/wp-content\/uploads\/2023\/07\/11042023-pzzb9218.jpg?fit=300%2C179&amp;quality=70&amp;strip=all\" class=\"attachment-medium size-medium wp-post-image\" alt=\"\" decoding=\"async\" style=\"float:right; margin:0 0 10px 10px;\" srcset=\"https:\/\/www.infomoney.com.br\/wp-content\/uploads\/2023\/07\/11042023-pzzb9218.jpg?w=1170&amp;quality=70&amp;strip=all 1170w, https:\/\/www.infomoney.com.br\/wp-content\/uploads\/2023\/07\/11042023-pzzb9218.jpg?w=300&amp;quality=70&amp;strip=all 300w, https:\/\/www.infomoney.com.br\/wp-content\/uploads\/2023\/07\/11042023-pzzb9218.jpg?w=768&amp;quality=70&amp;strip=all 768w, https:\/\/www.infomoney.com.br\/wp-content\/uploads\/2023\/07\/11042023-pzzb9218.jpg?w=150&amp;quality=70&amp;strip=all 150w\" sizes=\"auto, (max-width: 300px) 100vw, 300px\" data-attachment-id=\"2181830\" data-permalink=\"https:\/\/www.infomoney.com.br\/minhas-financas\/consignado-bolsa-familia-bpc-julgamento-stf-maioria\/attachment\/11042023-pzzb9218\/\" data-orig-file=\"https:\/\/www.infomoney.com.br\/wp-content\/uploads\/2023\/07\/11042023-pzzb9218.jpg?fit=1170%2C700&amp;quality=70&amp;strip=all\" data-orig-size=\"1170,700\" data-comments-opened=\"0\" data-image-meta=\"{&quot;aperture&quot;:&quot;22&quot;,&quot;credit&quot;:&quot;Fabio Rodrigues-Pozzebom\\\/ Ag\\u00eancia Brasil&quot;,&quot;camera&quot;:&quot;Canon EOS 5D Mark III&quot;,&quot;caption&quot;:&quot;Bras\\u00edlia (DF) 11\\\/04\\\/2023 Fachada do pal\\u00e1cio do Supremo Tribunal Federal (STF) Foto: Fabio Rodrigues-Pozzebom\\\/ Ag\\u00eancia Brasil&quot;,&quot;created_timestamp&quot;:&quot;1681208252&quot;,&quot;copyright&quot;:&quot;Ag\\u00eancia Brasil\\\/EBC&quot;,&quot;focal_length&quot;:&quot;19&quot;,&quot;iso&quot;:&quot;320&quot;,&quot;shutter_speed&quot;:&quot;0.005&quot;,&quot;title&quot;:&quot;&quot;,&quot;orientation&quot;:&quot;0&quot;}\" data-image-title=\"Pr\u00e9dio do STF\" data-image-description=\"\" data-image-caption=\"&lt;p&gt;Fachada do pal\u00e1cio do Supremo Tribunal Federal (STF) em Bras\u00edlia (DF), em 11\/04\/2023 (Foto: Fabio Rodrigues-Pozzebom\/ Ag\u00eancia Brasil)&lt;\/p&gt;\n\" data-medium-file=\"https:\/\/www.infomoney.com.br\/wp-content\/uploads\/2023\/07\/11042023-pzzb9218.jpg?fit=300%2C179&amp;quality=70&amp;strip=all\" data-large-file=\"https:\/\/www.infomoney.com.br\/wp-content\/uploads\/2023\/07\/11042023-pzzb9218.jpg?fit=1170%2C700&amp;quality=70&amp;strip=all\" title=\"\"><\/p>\n<p>O Supremo Tribunal Federal (STF) decidiu por 6 votos a 5 que o regime especial de precat&oacute;rios previsto na Emenda Constitucional 62\/2009 se aplica aos precat&oacute;rios expedidos antes de sua promulga&ccedil;&atilde;o.<\/p>\n<p>O plen&aacute;rio declarou a inconstitucionalidade do artigo 97 do Ato das Disposi&ccedil;&otilde;es Constitucionais Transit&oacute;rias (ADCT), que havia criado o regime especial. Posteriormente, o STF modulou os efeitos da decis&atilde;o, mantendo parcialmente o regime por cinco anos, contados a partir de janeiro de 2016.<\/p>\n<p>Segundo o relator, ministro Dias Toffoli, a declara&ccedil;&atilde;o de inconstitucionalidade da EC 62\/2009 somente produziu efeito ap&oacute;s aqueles cinco exerc&iacute;cios financeiros de sobrevida. Por isso, entre a data da sua promulga&ccedil;&atilde;o e janeiro de 2021, o sequestro de verbas p&uacute;blicas para pagamento de precat&oacute;rios anteriores &agrave; emenda estava autorizado nos casos excepcionais previstos na pr&oacute;pria emenda.<\/p>\n<p>A decis&atilde;o foi tomada na sess&atilde;o virtual finalizada em 22 de setembro, no julgamento do Recurso Extraordin&aacute;rio (RE) 659172, que tem repercuss&atilde;o geral (Tema 519).<\/p>\n<p>O ministro afirmou que a orienta&ccedil;&atilde;o firmada agora est&aacute; restrita aos efeitos da EC 62\/2009 sobre os precat&oacute;rios expedidos antes da sua promulga&ccedil;&atilde;o. Isso porque a EC 94\/2016 instituiu um novo regime especial para estados, Distrito Federal e munic&iacute;pios que, em 25\/3\/2015, estavam em atraso.<\/p>\n<h2>Tese e diverg&ecirc;ncia<\/h2>\n<p>Seguiram esse entendimento os ministros Gilmar Mendes, Lu&iacute;s Roberto Barroso, Andr&eacute; Mendon&ccedil;a e Cristiano Zanin e a ministra C&aacute;rmen L&uacute;cia. Ficaram vencidos parcialmente os ministros Alexandre de Moraes, Edson Fachin, Luiz Fux e Nunes Marques e a ministra Rosa Weber (aposentada), que propunham acr&eacute;scimos &agrave; tese proposta pelo relator.<\/p>\n<p>A diverg&ecirc;ncia foi aberta pelo ministro Alexandre de Moraes, que prop&ocirc;s acrescentar a possibilidade do sequestro de verbas p&uacute;blicas para pagamento de precat&oacute;rios anteriores &agrave; EC 62\/2009. Seguiram esse entendimento a ent&atilde;o presidente do STF, ministra Rosa Weber, e os ministros Luiz Fux, Edson Fachin e Nunes Marques.<\/p>\n<p>Mas a tese de repercuss&atilde;o geral fixada foi a seguinte: &ldquo;O regime especial de precat&oacute;rios trazido pela Emenda Constitucional n&ordm; 62\/2009 aplica-se aos precat&oacute;rios expedidos anteriormente a sua promulga&ccedil;&atilde;o, observados a declara&ccedil;&atilde;o de inconstitucionalidade parcial quando do julgamento da ADI n&ordm; 4.425 e os efeitos prospectivos do julgado&rdquo;.<\/p>\n<p><em>(Com informa&ccedil;&otilde;es do STF)<\/em><\/p>\n<\/p>\n<div class=\"cta-end\">\n<div class=\"im-cta\" >\n<div class=\"im-shortcode-forms bg-light bg-opacity-25 border rounded-4 p-3 p-sm-4 p-md-3 p-lg-4 px-xxl-5 my-5\" data-configuration='{\"form_name\":false,\"form_hat\":\"Newsletter\",\"form_email\":true,\"form_icon\":\"newsletter\",\"form_phone\":false,\"form_campaign\":\"NIM\",\"form_thankyou\":\"\",\"form_journey\":\"APIEvent-26a5198d-8e09-06ef-5f80-cd9127757ad1\",\"form_button\":\"Quero receber\",\"form_context\":\"newsletter\",\"form_origin\":\"https:\\\/\\\/www.infomoney.com.br\\\/politica\\\/feed\\\/?utm_medium=materia&#038;utm_source=infomoney&#038;utm_campaign=NIM&#038;utm_term=politica&#038;utm_content=newsletter\",\"form_position\":\"final\",\"form_category\":\"cta_form\"}'>\n<div class=\"d-flex flex-column align-items-center align-items-lg-start mb-4 flex-lg-row\">\n<div class=\"rounded-circle mb-2 mb-lg-0 mr-lg-4 me-lg-4 p-3 p-lg-4 bg-blue-400\"><svg width=\"40\" height=\"40\" viewBox=\"0 0 40 40\" fill=\"none\" xmlns=\"http:\/\/www.w3.org\/2000\/svg\"><path d=\"M20 20.25 6.042 11.042v19.041c0 .167.048.299.146.396a.535.535 0 0 0 .395.146h15.792V32.5H6.583a2.328 2.328 0 0 1-1.708-.708 2.328 2.328 0 0 1-.708-1.709V9.917c0-.667.236-1.236.708-1.709A2.328 2.328 0 0 1 6.583 7.5h26.834c.666 0 1.236.236 1.708.708a2.33 2.33 0 0 1 .708 1.709v12.458h-1.875V11.042L20 20.25Zm0-2 13.667-8.875H6.333L20 18.25Zm11.75 18.958-1.292-1.333 3.334-3.375h-9v-1.875h9l-3.375-3.417 1.333-1.291 5.667 5.625-5.667 5.666ZM6.042 11.042v20.791-9.458.25-13.25 1.667Z\" fill=\"#fff\"\/><\/svg><\/div>\n<div class=\"flex-fill text-center text-lg-left\">\n<div class=\"h6 small text-orange-700 lh-base mb-1\">Newsletter<\/div>\n<div class=\"text-body h4 m-0\">Infomorning<\/div>\n<div class=\"text-body small lh-base mt-2\">Receba no seu e-mail logo pela manh&atilde; as not&iacute;cias que v&atilde;o mexer com os mercados, com os seus investimentos e o seu bolso durante o dia<\/div>\n<\/div>\n<\/div>\n<\/div>\n<\/div>\n<\/div>\n<p>The post <a rel=\"nofollow noopener\" href=\"https:\/\/www.infomoney.com.br\/politica\/regime-especial-alcanca-precatorios-expedidos-antes-de-2009-decide-stf\/\" target=\"_blank\">Regime especial alcan\u00e7a precat\u00f3rios expedidos antes de 2009, decide STF<\/a> appeared first on <a rel=\"nofollow noopener\" href=\"https:\/\/www.infomoney.com.br\/\" target=\"_blank\">InfoMoney<\/a>.<\/p>\n","protected":false},"excerpt":{"rendered":"<p><img loading=\"lazy\" decoding=\"async\" width=\"300\" height=\"179\" src=\"https:\/\/www.infomoney.com.br\/wp-content\/uploads\/2023\/07\/11042023-pzzb9218.jpg?fit=300%2C179&amp;quality=70&amp;strip=all\" class=\"attachment-medium size-medium wp-post-image\" alt=\"\" data-attachment-id=\"2181830\" data-permalink=\"https:\/\/www.infomoney.com.br\/minhas-financas\/consignado-bolsa-familia-bpc-julgamento-stf-maioria\/attachment\/11042023-pzzb9218\/\" data-orig-file=\"https:\/\/www.infomoney.com.br\/wp-content\/uploads\/2023\/07\/11042023-pzzb9218.jpg?fit=1170%2C700&amp;quality=70&amp;strip=all\" data-orig-size=\"1170,700\" data-comments-opened=\"0\" data-image-meta='{\"aperture\":\"22\",\"credit\":\"Fabio Rodrigues-Pozzebom\\\/ Ag\\u00eancia Brasil\",\"camera\":\"Canon EOS 5D Mark III\",\"caption\":\"Bras\\u00edlia (DF) 11\\\/04\\\/2023 Fachada do pal\\u00e1cio do Supremo Tribunal Federal (STF) Foto: Fabio Rodrigues-Pozzebom\\\/ Ag\\u00eancia Brasil\",\"created_timestamp\":\"1681208252\",\"copyright\":\"Ag\\u00eancia Brasil\\\/EBC\",\"focal_length\":\"19\",\"iso\":\"320\",\"shutter_speed\":\"0.005\",\"title\":\"\",\"orientation\":\"0\"}' data-image-title=\"Pr\u00e9dio do STF\" data-image-description=\"\" data-image-caption=\"&lt;p&gt;Fachada do pal\u00e1cio do Supremo Tribunal Federal (STF) em Bras\u00edlia (DF), em 11\/04\/2023 (Foto: Fabio Rodrigues-Pozzebom\/ Ag\u00eancia Brasil)&lt;\/p&gt;\n\" data-medium-file=\"https:\/\/www.infomoney.com.br\/wp-content\/uploads\/2023\/07\/11042023-pzzb9218.jpg?fit=300%2C179&amp;quality=70&amp;strip=all\" data-large-file=\"https:\/\/www.infomoney.com.br\/wp-content\/uploads\/2023\/07\/11042023-pzzb9218.jpg?fit=1170%2C700&amp;quality=70&amp;strip=all\">Decis\u00e3o por 6 votos a 5 foi tomada no plen\u00e1rio virtual, em recurso que tem repercuss\u00e3o geral<\/p>\n<p>The post <a rel=\"nofollow\" href=\"https:\/\/www.infomoney.com.br\/politica\/regime-especial-alcanca-precatorios-expedidos-antes-de-2009-decide-stf\/\">Regime especial alcan\u00e7a precat\u00f3rios expedidos antes de 2009, decide STF<\/a> appeared first on <a rel=\"nofollow\" href=\"https:\/\/www.infomoney.com.br\/\">InfoMoney<\/a>.<\/p>\n","protected":false},"author":45,"featured_media":0,"comment_status":"closed","ping_status":"closed","sticky":false,"template":"","format":"standard","meta":{"advgb_blocks_editor_width":"","advgb_blocks_columns_visual_guide":"","footnotes":""},"categories":[34,47,826,449],"tags":[35],"class_list":["post-39548","post","type-post","status-publish","format-standard","hentry","category-g1","category-politica","category-precatorios","category-stf","tag-g1"],"author_meta":{"display_name":"Equipe InfoMoney","author_link":"https:\/\/sindaopcpb.org.br\/author\/equipe-infomoney\/"},"featured_img":null,"coauthors":[],"tax_additional":{"categories":{"linked":["<a href=\"https:\/\/sindaopcpb.org.br\/g1\/\" class=\"advgb-post-tax-term\">G1<\/a>","<a href=\"https:\/\/sindaopcpb.org.br\/politica\/\" class=\"advgb-post-tax-term\">POLITICA<\/a>","<a href=\"https:\/\/sindaopcpb.org.br\/precatorios\/\" class=\"advgb-post-tax-term\">Precat\u00f3rios<\/a>","<a href=\"https:\/\/sindaopcpb.org.br\/stf\/\" class=\"advgb-post-tax-term\">STF<\/a>"],"unlinked":["<span class=\"advgb-post-tax-term\">G1<\/span>","<span class=\"advgb-post-tax-term\">POLITICA<\/span>","<span class=\"advgb-post-tax-term\">Precat\u00f3rios<\/span>","<span class=\"advgb-post-tax-term\">STF<\/span>"]},"tags":{"linked":["<a href=\"https:\/\/sindaopcpb.org.br\/stf\/\" class=\"advgb-post-tax-term\">g1<\/a>"],"unlinked":["<span class=\"advgb-post-tax-term\">g1<\/span>"]}},"comment_count":"0","relative_dates":{"created":"Publicado 3 anos atr\u00e1s","modified":"Atualizado 3 anos atr\u00e1s"},"absolute_dates":{"created":"Publicado em 19 de outubro de 2023","modified":"Atualizado em 19 de outubro de 2023"},"absolute_dates_time":{"created":"Publicado em 19 de outubro de 2023 17:50","modified":"Atualizado em 19 de outubro de 2023 17:50"},"featured_img_caption":"","series_order":"","_links":{"self":[{"href":"https:\/\/sindaopcpb.org.br\/index.php\/wp-json\/wp\/v2\/posts\/39548","targetHints":{"allow":["GET"]}}],"collection":[{"href":"https:\/\/sindaopcpb.org.br\/index.php\/wp-json\/wp\/v2\/posts"}],"about":[{"href":"https:\/\/sindaopcpb.org.br\/index.php\/wp-json\/wp\/v2\/types\/post"}],"author":[{"embeddable":true,"href":"https:\/\/sindaopcpb.org.br\/index.php\/wp-json\/wp\/v2\/users\/45"}],"replies":[{"embeddable":true,"href":"https:\/\/sindaopcpb.org.br\/index.php\/wp-json\/wp\/v2\/comments?post=39548"}],"version-history":[{"count":1,"href":"https:\/\/sindaopcpb.org.br\/index.php\/wp-json\/wp\/v2\/posts\/39548\/revisions"}],"predecessor-version":[{"id":39549,"href":"https:\/\/sindaopcpb.org.br\/index.php\/wp-json\/wp\/v2\/posts\/39548\/revisions\/39549"}],"wp:attachment":[{"href":"https:\/\/sindaopcpb.org.br\/index.php\/wp-json\/wp\/v2\/media?parent=39548"}],"wp:term":[{"taxonomy":"category","embeddable":true,"href":"https:\/\/sindaopcpb.org.br\/index.php\/wp-json\/wp\/v2\/categories?post=39548"},{"taxonomy":"post_tag","embeddable":true,"href":"https:\/\/sindaopcpb.org.br\/index.php\/wp-json\/wp\/v2\/tags?post=39548"}],"curies":[{"name":"wp","href":"https:\/\/api.w.org\/{rel}","templated":true}]}}