{"id":39517,"date":"2023-10-19T16:27:04","date_gmt":"2023-10-19T19:27:04","guid":{"rendered":"https:\/\/wpa.wscom.com.br\/?p=928599"},"modified":"2023-10-19T16:27:04","modified_gmt":"2023-10-19T19:27:04","slug":"ruy-anuncia-novos-investimentos-para-expansao-do-ifpb-e-destaca-acoes-de-incentivo-a-educacao-na-paraiba","status":"publish","type":"post","link":"https:\/\/sindaopcpb.org.br\/index.php\/2023\/10\/19\/ruy-anuncia-novos-investimentos-para-expansao-do-ifpb-e-destaca-acoes-de-incentivo-a-educacao-na-paraiba\/","title":{"rendered":"Ruy anuncia novos investimentos para expans\u00e3o do IFPB e destaca a\u00e7\u00f5es de incentivo \u00e0 educa\u00e7\u00e3o na Para\u00edba"},"content":{"rendered":"<p>A destina\u00e7\u00e3o de novas emendas para a amplia\u00e7\u00e3o do Instituto Federal da Para\u00edba foi anunciada pelo deputado federal Ruy Carneiro, durante reuni\u00e3o com a comitiva de gestores do instituto no Congresso Nacional, em Bras\u00edlia. Na ocasi\u00e3o, o parlamentar garantiu a libera\u00e7\u00e3o de recursos para contribuir com a melhoria da qualidade do ensino e pesquisa, al\u00e9m de ressaltar os investimentos j\u00e1 enviados para obras e a\u00e7\u00f5es em Jo\u00e3o Pessoa, Pedras de Fogo e Princesa Isabel.<\/p>\n<p>\u201cO trabalho de excel\u00eancia realizado pelo IFPB transforma a vida de milhares de paraibanos por meio da educa\u00e7\u00e3o superior e profissionalizante. Me comprometo com a manuten\u00e7\u00e3o dessa parceria em todos os meus mandatos, que j\u00e1 tem gerado frutos exponencias no crescimento do instituto em diversas regi\u00f5es da Para\u00edba. Um dos grandes exemplos s\u00e3o os investimentos em Jo\u00e3o Pessoa. Destinei recursos para constru\u00e7\u00e3o da nova sede da reitoria, que vai funcionar no antigo CAIC, em Mangabeira, aproximando ainda mais o IFPB da popula\u00e7\u00e3o da zona sul da nossa capital\u201d, ressaltou.<\/p>\n<p>O deputado tamb\u00e9m lembrou das emendas enviadas para constru\u00e7\u00e3o do campus do IFPB em Pedras de Fogo e do gin\u00e1sio em Princesa Isabel. \u201cA instala\u00e7\u00e3o de um campus em Pedras de Fogo sempre foi um sonho do meu amigo e ex prefeito Manoel J\u00fanior. Estive com ele em diversas reuni\u00f5es em Bras\u00edlia e em breve o povo da sua terra poder\u00e1 contar com mais um equipamento de alto padr\u00e3o voltado para a educa\u00e7\u00e3o de toda aquela regi\u00e3o. J\u00e1 em Princesa Isabel, os recursos viabilizaram a constru\u00e7\u00e3o do gin\u00e1sio poliesportivo para estimular a pr\u00e1tica esportiva e atender a uma demanda reprimida na regi\u00e3o da Serra de Teixeira\u201d, defendeu.<\/p>\n<p>A reitora do IFPB, Mary Roberta Marinho, exaltou a import\u00e2ncia dessas contribui\u00e7\u00f5es para a amplia\u00e7\u00e3o das a\u00e7\u00f5es na Para\u00edba. \u201cGostar\u00edamos de elogiar a determina\u00e7\u00e3o que o deputado Ruy Carneiro tem de atender o IFPB. J\u00e1 destinou recursos de emendas para o gin\u00e1sio poliesportivo em Princesa Isabel, a futura constru\u00e7\u00e3o do campus Pedras de Fogo e tamb\u00e9m para o pr\u00e9dio da Reitoria. S\u00e3o v\u00e1rias a\u00e7\u00f5es fazendo seu trabalho de parlamentar com maestria. Estamos aqui para agradecer e tamb\u00e9m trazer novas demandas\u201d, defendeu.<\/p>\n<p>O encontro tamb\u00e9m contou com a participa\u00e7\u00e3o da diretora geral do campus Princesa Isabel, Jord\u00e2nia de Lucena, da diretora geral do campus Areia, Maria Claudia Brand\u00e3o, do diretor geral do campus Pedras de Fogo, Frederico Campos e de outros representantes da institui\u00e7\u00e3o.<\/p>\n<p>O post <a rel=\"nofollow noopener\" href=\"https:\/\/wscom.com.br\/ruy-anuncia-novos-investimentos-para-expansao-do-ifpb-e-destaca-acoes-de-incentivo-a-educacao-na-paraiba\/\" target=\"_blank\">Ruy anuncia novos investimentos para expans\u00e3o do IFPB e destaca a\u00e7\u00f5es de incentivo \u00e0 educa\u00e7\u00e3o na Para\u00edba<\/a> apareceu primeiro em <a rel=\"nofollow noopener\" href=\"https:\/\/wscom.com.br\/\" target=\"_blank\">WSCOM<\/a>.<\/p>\n","protected":false},"excerpt":{"rendered":"<p>A destina\u00e7\u00e3o de novas emendas para a amplia\u00e7\u00e3o do Instituto Federal da Para\u00edba foi anunciada pelo deputado federal Ruy Carneiro, durante reuni\u00e3o com a comitiva de gestores do instituto no Congresso Nacional, em Bras\u00edlia. Na ocasi\u00e3o, o parlamentar garantiu a libera\u00e7\u00e3o de recursos para contribuir com a melhoria da qualidade do ensino e pesquisa, al\u00e9m [\u2026]<\/p>\n<p>O post <a rel=\"nofollow\" href=\"https:\/\/wscom.com.br\/ruy-anuncia-novos-investimentos-para-expansao-do-ifpb-e-destaca-acoes-de-incentivo-a-educacao-na-paraiba\/\">Ruy anuncia novos investimentos para expans\u00e3o do IFPB e destaca a\u00e7\u00f5es de incentivo \u00e0 educa\u00e7\u00e3o na Para\u00edba<\/a> apareceu primeiro em <a rel=\"nofollow\" href=\"https:\/\/wscom.com.br\/\">WSCOM<\/a>.<\/p>\n","protected":false},"author":49,"featured_media":0,"comment_status":"closed","ping_status":"closed","sticky":false,"template":"","format":"standard","meta":{"advgb_blocks_editor_width":"","advgb_blocks_columns_visual_guide":"","footnotes":""},"categories":[229,34,2094,3888,54,47,764],"tags":[35],"class_list":["post-39517","post","type-post","status-publish","format-standard","hentry","category-educacao","category-g1","category-ifpb","category-liberacao-de-recursos","category-paraiba","category-politica","category-ruy-carneiro","tag-g1"],"author_meta":{"display_name":"Cristiane Cavalcante","author_link":"https:\/\/sindaopcpb.org.br\/author\/cristiane-cavalcante\/"},"featured_img":null,"coauthors":[],"tax_additional":{"categories":{"linked":["<a href=\"https:\/\/sindaopcpb.org.br\/educacao\/\" class=\"advgb-post-tax-term\">Educa\u00e7\u00e3o<\/a>","<a href=\"https:\/\/sindaopcpb.org.br\/g1\/\" class=\"advgb-post-tax-term\">G1<\/a>","<a href=\"https:\/\/sindaopcpb.org.br\/ifpb\/\" class=\"advgb-post-tax-term\">IFPB<\/a>","<a href=\"https:\/\/sindaopcpb.org.br\/liberacao-de-recursos\/\" class=\"advgb-post-tax-term\">libera\u00e7\u00e3o de recursos<\/a>","<a href=\"https:\/\/sindaopcpb.org.br\/paraiba\/\" class=\"advgb-post-tax-term\">Para\u00edba<\/a>","<a href=\"https:\/\/sindaopcpb.org.br\/politica\/\" class=\"advgb-post-tax-term\">POLITICA<\/a>","<a href=\"https:\/\/sindaopcpb.org.br\/ruy-carneiro\/\" class=\"advgb-post-tax-term\">ruy carneiro<\/a>"],"unlinked":["<span class=\"advgb-post-tax-term\">Educa\u00e7\u00e3o<\/span>","<span class=\"advgb-post-tax-term\">G1<\/span>","<span class=\"advgb-post-tax-term\">IFPB<\/span>","<span class=\"advgb-post-tax-term\">libera\u00e7\u00e3o de recursos<\/span>","<span class=\"advgb-post-tax-term\">Para\u00edba<\/span>","<span class=\"advgb-post-tax-term\">POLITICA<\/span>","<span class=\"advgb-post-tax-term\">ruy carneiro<\/span>"]},"tags":{"linked":["<a href=\"https:\/\/sindaopcpb.org.br\/ruy-carneiro\/\" class=\"advgb-post-tax-term\">g1<\/a>"],"unlinked":["<span class=\"advgb-post-tax-term\">g1<\/span>"]}},"comment_count":"0","relative_dates":{"created":"Publicado 3 anos atr\u00e1s","modified":"Atualizado 3 anos atr\u00e1s"},"absolute_dates":{"created":"Publicado em 19 de outubro de 2023","modified":"Atualizado em 19 de outubro de 2023"},"absolute_dates_time":{"created":"Publicado em 19 de outubro de 2023 16:27","modified":"Atualizado em 19 de outubro de 2023 16:27"},"featured_img_caption":"","series_order":"","_links":{"self":[{"href":"https:\/\/sindaopcpb.org.br\/index.php\/wp-json\/wp\/v2\/posts\/39517","targetHints":{"allow":["GET"]}}],"collection":[{"href":"https:\/\/sindaopcpb.org.br\/index.php\/wp-json\/wp\/v2\/posts"}],"about":[{"href":"https:\/\/sindaopcpb.org.br\/index.php\/wp-json\/wp\/v2\/types\/post"}],"author":[{"embeddable":true,"href":"https:\/\/sindaopcpb.org.br\/index.php\/wp-json\/wp\/v2\/users\/49"}],"replies":[{"embeddable":true,"href":"https:\/\/sindaopcpb.org.br\/index.php\/wp-json\/wp\/v2\/comments?post=39517"}],"version-history":[{"count":1,"href":"https:\/\/sindaopcpb.org.br\/index.php\/wp-json\/wp\/v2\/posts\/39517\/revisions"}],"predecessor-version":[{"id":39518,"href":"https:\/\/sindaopcpb.org.br\/index.php\/wp-json\/wp\/v2\/posts\/39517\/revisions\/39518"}],"wp:attachment":[{"href":"https:\/\/sindaopcpb.org.br\/index.php\/wp-json\/wp\/v2\/media?parent=39517"}],"wp:term":[{"taxonomy":"category","embeddable":true,"href":"https:\/\/sindaopcpb.org.br\/index.php\/wp-json\/wp\/v2\/categories?post=39517"},{"taxonomy":"post_tag","embeddable":true,"href":"https:\/\/sindaopcpb.org.br\/index.php\/wp-json\/wp\/v2\/tags?post=39517"}],"curies":[{"name":"wp","href":"https:\/\/api.w.org\/{rel}","templated":true}]}}