{"id":39502,"date":"2023-10-19T14:00:50","date_gmt":"2023-10-19T17:00:50","guid":{"rendered":"https:\/\/g1.globo.com\/pb\/paraiba\/noticia\/2023\/10\/19\/jogador-de-futebol-e-preso-no-sertao-da-pb-por-suspeita-de-ser-mandante-de-homicidio-no-espirito-santo.ghtml"},"modified":"2023-10-19T14:00:50","modified_gmt":"2023-10-19T17:00:50","slug":"jogador-de-futebol-e-preso-no-sertao-da-pb-por-suspeita-de-ser-mandante-de-homicidio-no-espirito-santo","status":"publish","type":"post","link":"https:\/\/sindaopcpb.org.br\/index.php\/2023\/10\/19\/jogador-de-futebol-e-preso-no-sertao-da-pb-por-suspeita-de-ser-mandante-de-homicidio-no-espirito-santo\/","title":{"rendered":"Jogador de futebol \u00e9 preso no Sert\u00e3o da PB por suspeita de ser mandante de homic\u00eddio no Esp\u00edrito Santo"},"content":{"rendered":"   <img src=\"https:\/\/s2.glbimg.com\/yYzfGDV-8E_HsH_7GmyBnWcSC4E=\/i.s3.glbimg.com\/v1\/AUTH_59edd422c0c84a879bd37670ae4f538a\/internal_photos\/bs\/2023\/m\/v\/yNyIqzQEAynbyqOa0mlg\/kel-baiano.jpg\" \/><br \/>     Kel Baiano, de 29 anos, foi preso em Patos, no sert\u00e3o da Para\u00edba. Ele atuou por dois clubes na cidade em 2023, o Nacional e tamb\u00e9m o Esporte. A Pol\u00edcia Civil do Esp\u00edrito Santo pediu apoio para pris\u00e3o do jogador na Para\u00edba.  Jogador \u00e9 preso em Patos, no sert\u00e3o da Para\u00edba, por suspeita de ser mandante de um homic\u00eddio no Esp\u00edrito Santo\nTV Na\u00e7a\nO jogador conhecido como Kel Baiano, de 29 anos, foi preso na cidade de Patos, no sert\u00e3o da Para\u00edba, na noite da quarta-feira (18). Segundo a pol\u00edcia, ele \u00e9 suspeito de ser o mandante de um homic\u00eddio que aconteceu no Esp\u00edrito Santo e estava foragido ap\u00f3s mandado de pris\u00e3o ser expedido pela Justi\u00e7a. \nDe acordo com a Delegacia de Repress\u00e3o ao Crime Organizado (Draco), que foi respons\u00e1vel pela pris\u00e3o do jogador na Para\u00edba, um mandado de pris\u00e3o foi expedido pelo Tribunal de Justi\u00e7a do Esp\u00edrito Santo. Com isso, a Pol\u00edcia Civil do estado pediu ajuda \u00e0 corpora\u00e7\u00e3o paraibana para prender o jogador que estava no estado. \nUm v\u00eddeo foi divulgado pela Draco atrav\u00e9s das redes sociais, no momento da pris\u00e3o do jogador, que aparece algemado e sendo conduzido por policiais (veja as imagens abaixo). Kel Baiano j\u00e1 estava contratado para jogar no futebol do Rio Grande do Norte, tamb\u00e9m de acordo com a pol\u00edcia. \nJogador \u00e9 preso no Sert\u00e3o, na PB, por suspeita de ser mandante de homic\u00eddio no ES\nKel Baiano foi encaminhado para a carceragem da Central de Pol\u00edcia em Patos, onde fica \u00e0 disposi\u00e7\u00e3o da Justi\u00e7a. A pol\u00edcia n\u00e3o forneceu mais detalhes da investiga\u00e7\u00e3o contra o jogador. \nCarreira no futebol\nNatural do estado da Bahia, Kel Baiano atuou por clubes da Para\u00edba e tamb\u00e9m por diversas equipes do nordeste. Por aqui, ele atuou mais recentemente, em 2023, pelo Nacional de Patos e tamb\u00e9m pelo Esporte, tamb\u00e9m da cidade no sert\u00e3o. \nEm outros estados, o jogador representou times como o Fluminense de Feira, o Bahia de Feira e o Jacobina. No Esp\u00edrito Santo, onde \u00e9 investigado por ser mandante de um homic\u00eddio, ele representou apenas o Real Noroeste. \nV\u00eddeos mais assistidos do g1 Para\u00edba  ","protected":false},"excerpt":{"rendered":"<p>        Kel Baiano, de 29 anos, foi preso em Patos, no sert\u00e3o da Para\u00edba. Ele atuou por dois clubes na cidade em 2023, o Nacional e tamb\u00e9m o Esporte. A Pol\u00edcia Civil do Esp\u00edrito Santo pediu apoio para pris\u00e3o do jogador na Para\u00edba.  Jogador \u00e9 preso em P&#8230;<\/p>\n","protected":false},"author":2,"featured_media":0,"comment_status":"closed","ping_status":"closed","sticky":false,"template":"","format":"standard","meta":{"advgb_blocks_editor_width":"","advgb_blocks_columns_visual_guide":"","footnotes":""},"categories":[34],"tags":[35],"class_list":["post-39502","post","type-post","status-publish","format-standard","hentry","category-g1","tag-g1"],"author_meta":{"display_name":"g1 &gt; Para\u00edba","author_link":"https:\/\/sindaopcpb.org.br\/author\/g1-paraiba\/"},"featured_img":null,"coauthors":[],"tax_additional":{"categories":{"linked":["<a href=\"https:\/\/sindaopcpb.org.br\/g1\/\" class=\"advgb-post-tax-term\">G1<\/a>"],"unlinked":["<span class=\"advgb-post-tax-term\">G1<\/span>"]},"tags":{"linked":["<a href=\"https:\/\/sindaopcpb.org.br\/g1\/\" class=\"advgb-post-tax-term\">g1<\/a>"],"unlinked":["<span class=\"advgb-post-tax-term\">g1<\/span>"]}},"comment_count":"0","relative_dates":{"created":"Publicado 3 anos atr\u00e1s","modified":"Atualizado 3 anos atr\u00e1s"},"absolute_dates":{"created":"Publicado em 19 de outubro de 2023","modified":"Atualizado em 19 de outubro de 2023"},"absolute_dates_time":{"created":"Publicado em 19 de outubro de 2023 14:00","modified":"Atualizado em 19 de outubro de 2023 14:00"},"featured_img_caption":"","series_order":"","_links":{"self":[{"href":"https:\/\/sindaopcpb.org.br\/index.php\/wp-json\/wp\/v2\/posts\/39502","targetHints":{"allow":["GET"]}}],"collection":[{"href":"https:\/\/sindaopcpb.org.br\/index.php\/wp-json\/wp\/v2\/posts"}],"about":[{"href":"https:\/\/sindaopcpb.org.br\/index.php\/wp-json\/wp\/v2\/types\/post"}],"author":[{"embeddable":true,"href":"https:\/\/sindaopcpb.org.br\/index.php\/wp-json\/wp\/v2\/users\/2"}],"replies":[{"embeddable":true,"href":"https:\/\/sindaopcpb.org.br\/index.php\/wp-json\/wp\/v2\/comments?post=39502"}],"version-history":[{"count":1,"href":"https:\/\/sindaopcpb.org.br\/index.php\/wp-json\/wp\/v2\/posts\/39502\/revisions"}],"predecessor-version":[{"id":39503,"href":"https:\/\/sindaopcpb.org.br\/index.php\/wp-json\/wp\/v2\/posts\/39502\/revisions\/39503"}],"wp:attachment":[{"href":"https:\/\/sindaopcpb.org.br\/index.php\/wp-json\/wp\/v2\/media?parent=39502"}],"wp:term":[{"taxonomy":"category","embeddable":true,"href":"https:\/\/sindaopcpb.org.br\/index.php\/wp-json\/wp\/v2\/categories?post=39502"},{"taxonomy":"post_tag","embeddable":true,"href":"https:\/\/sindaopcpb.org.br\/index.php\/wp-json\/wp\/v2\/tags?post=39502"}],"curies":[{"name":"wp","href":"https:\/\/api.w.org\/{rel}","templated":true}]}}